{"id":121399,"date":"2025-12-25T07:06:12","date_gmt":"2025-12-25T07:06:12","guid":{"rendered":"https:\/\/www.europesays.com\/no\/121399\/"},"modified":"2025-12-25T07:06:12","modified_gmt":"2025-12-25T07:06:12","slug":"zelenskyj-onsker-putin-skal-ga-til-grunne-i-juletale","status":"publish","type":"post","link":"https:\/\/www.europesays.com\/no\/121399\/","title":{"rendered":"Zelenskyj \u00f8nsker Putin skal \u00abg\u00e5 til grunne\u00bb i juletale"},"content":{"rendered":"\n<p class=\"_lead_o9xde_2 _lead_xtcu6_50 layout-component text-serif-m layout-normal text-serif-l layout-component layout-wide layout-padded _wide_17hqh_1 layout-padded\">Presidenten ba ogs\u00e5 for soldatene langs frontlinjen og ford\u00f8mte russiske angrep p\u00e5 julaften.<\/p>\n<p><img alt=\" Foto: ANGELOS TZORTZINIS \/ AFP \/ NTB\" class=\"_image_qp4xg_65 layout-component layout-wide\" data-fullscreen- data-track-element-type=\"Article image fullscreen\" data-track-name=\"ImageFullscreen\" fetchpriority=\"high\" decoding=\"sync\" loading=\"eager\" height=\"5296\" itemprop=\"image\"  src=\"https:\/\/www.europesays.com\/no\/wp-content\/uploads\/2025\/12\/544f80b4-8a10-4681-96da-48c34326ad29\"  style=\"object-position:0% 0%\" width=\"7944\"\/> Foto: ANGELOS TZORTZINIS \/ AFP \/ NTB<\/p>\n<ul aria-hidden=\"true\" class=\"_images_ntbth_112\">\n<li><a class=\"_link_ntbth_117\" href=\"https:\/\/www.vg.no\/forfatter\/isak-loeve-pilskog-loe\" style=\"z-index:1\" title=\"Isak L\u00f8ve Pilskog Loe\" rel=\"nofollow noopener\" target=\"_blank\"><img alt=\"Bilde av Isak L\u00f8ve Pilskog Loe\" class=\"_image_ntbth_93\" fetchpriority=\"low\" loading=\"lazy\" decoding=\"async\" itemprop=\"image\"  src=\"https:\/\/www.europesays.com\/no\/wp-content\/uploads\/2025\/12\/1766646371_557_8b0354e3-bf53-460c-9c1c-790321a0c923\"  width=\"480\"\/><\/a><\/li>\n<\/ul>\n<p> Oppdatert torsdag 25. desember kl. 04:01     <\/p>\n<p class=\"_paragraph_o9xde_4 _paragraph_xtcu6_10 layout-component text-serif-m layout-normal text-serif-m layout-padded\">For fjerde \u00e5r p\u00e5 rad feirer ukrainerne jul under fullskala krig. I sin juletale uttrykte president Volodymyr Zelenskyj et \u00f8nske om at Russlands president Vladimir Putin skulle d\u00f8:<\/p>\n<p class=\"_paragraph_o9xde_4 _paragraph_xtcu6_10 layout-component text-serif-m layout-normal text-serif-m layout-padded\">\u2013 I dag deler vi alle den samme dr\u00f8mmen og det samme \u00f8nsket: M\u00e5tte han g\u00e5 til grunne, m\u00e5tte han endelig forsvinne fra denne verden, sa Volodymyr Zelenskyj i sin juletale, i en tydelig hentydning til Russlands president Vladimir Putin.<\/p>\n<p class=\"_paragraph_o9xde_4 _paragraph_xtcu6_10 layout-component text-serif-m layout-normal text-serif-m layout-padded\">Den ukrainske presidenten ford\u00f8mte ogs\u00e5 russiske angrep som kom p\u00e5 julaften, og kalte dem \u00abgudl\u00f8se\u00bb.<\/p>\n<p>Russisk angrep p\u00e5 julaften<\/p>\n<p class=\"_paragraph_o9xde_4 _paragraph_xtcu6_10 layout-component text-serif-m layout-normal text-serif-m layout-padded\">Zelenskyj forteller at landet har v\u00e6rt under massiv beskytning det siste d\u00f8gnet, da hundrevis av \u00abshahed\u00bb-droner, ballistiske missiler, Kinzjal-missiler ble brukt. <\/p>\n<p class=\"_paragraph_o9xde_4 _paragraph_xtcu6_10 layout-component text-serif-m layout-normal text-serif-m layout-padded\">\u2013 Slik angriper de gudl\u00f8se. Slik handler de som ikke har noe til felles med kristendommen eller med noe menneskelig, sa presidenten.<\/p>\n<p class=\"_paragraph_o9xde_4 _paragraph_xtcu6_10 layout-component text-serif-m layout-normal text-serif-m layout-padded\">Til tross for angrepene understreket han at ukrainerne holder stand og st\u00f8tter hverandre.<\/p>\n<p><img alt=\"S\u00e5rede ukrainske vetarer deltar i en juleparade i Lviv.  Foto: YURIY DYACHYSHYN \/ AFP \/ NTB\" class=\"_image_qp4xg_65 layout-component layout-normal\" data-fullscreen- data-track-element-type=\"Article image fullscreen\" data-track-name=\"ImageFullscreen\" decoding=\"async\" loading=\"lazy\" height=\"3858\" itemprop=\"image\"  src=\"https:\/\/www.europesays.com\/no\/wp-content\/uploads\/2025\/12\/862a3f39-73e8-402d-9c64-904f532d7322\"  style=\"object-position:0% 0%\" width=\"5787\"\/>S\u00e5rede ukrainske vetarer deltar i en juleparade i Lviv.  Foto: YURIY DYACHYSHYN \/ AFP \/ NTB<\/p>\n<p class=\"_paragraph_o9xde_4 _paragraph_xtcu6_10 layout-component text-serif-m layout-normal text-serif-m layout-padded\">I talen ba presidenten for soldatene ved fronten \u2013 at de m\u00e5 komme hjem i live \u2013 for alle som holdes i fangenskap, og for dem som har mistet livet i forsvaret av Ukraina.<\/p>\n<p class=\"_paragraph_o9xde_4 _paragraph_xtcu6_10 layout-component text-serif-m layout-normal text-serif-m layout-padded\">\u2013 Fremfor alt ber vi om ekte og varig fred for v\u00e5rt land, Ukraina. For dette kjemper vi. For dette ber vi. Og dette fortjener vi, avsluttet presidenten.<\/p>\n<p> Endret julefeiring<\/p>\n<p class=\"_paragraph_o9xde_4 _paragraph_xtcu6_10 layout-component text-serif-m layout-normal text-serif-m layout-padded\">Zelenskyjs juletale 24. desember synliggj\u00f8r et tydelig veiskille i ukrainsk kirkeliv.<\/p>\n<p class=\"_paragraph_o9xde_4 _paragraph_xtcu6_10 layout-component text-serif-m layout-normal text-serif-m layout-padded\">I 2023 gikk Den ortodokse kirke av Ukraina bort fra den julianske kalenderen og begynte \u00e5 feire jul 25. desember, p\u00e5 linje med de fleste kristne kirker internasjonalt. <\/p>\n<p><img alt=\"Ukrainske barn if\u00f8rt tradisjonelle folkedrakter, med en dekorativ bunt hvete \u2013 et gammelt julesymbol kjent som \u00abdidukh\u00bb.  Foto: YURIY DYACHYSHYN \/ AFP \/ NTB\" class=\"_image_qp4xg_65 layout-component layout-normal\" data-fullscreen- data-track-element-type=\"Article image fullscreen\" data-track-name=\"ImageFullscreen\" decoding=\"async\" loading=\"lazy\" height=\"3858\" itemprop=\"image\"  src=\"https:\/\/www.europesays.com\/no\/wp-content\/uploads\/2025\/12\/51ba126f-8fc1-4142-9bb5-1ae3ccc8d789\"  style=\"object-position:0% 0%\" width=\"5787\"\/>Ukrainske barn if\u00f8rt tradisjonelle folkedrakter, med en dekorativ bunt hvete \u2013 et gammelt julesymbol kjent som \u00abdidukh\u00bb.  Foto: YURIY DYACHYSHYN \/ AFP \/ NTB<\/p>\n<p class=\"_paragraph_o9xde_4 _paragraph_xtcu6_10 layout-component text-serif-m layout-normal text-serif-m layout-padded\">Dette bryter markant med praksisen i Den russisk-ortodokse kirke og Den ukrainsk-ortodokse kirke under Moskva-patriarkatet, som fortsatt markerer jul 7. januar.<\/p>\n<p class=\"_paragraph_o9xde_4 _paragraph_xtcu6_10 layout-component text-serif-m layout-normal text-serif-m layout-padded\">Kalenderendringen er en del av en st\u00f8rre omlegging der ukrainsk kirkeliv systematisk har l\u00f8srevet seg fra russisk innflytelse; prosessen skj\u00f8t fart etter Russlands ulovlige annektering av Krim i 2014 og ble ytterligere intensivert etter fullskala-invasjonen i 2022.<\/p>\n","protected":false},"excerpt":{"rendered":"Presidenten ba ogs\u00e5 for soldatene langs frontlinjen og ford\u00f8mte russiske angrep p\u00e5 julaften. Foto: ANGELOS TZORTZINIS \/ AFP&hellip;\n","protected":false},"author":2,"featured_media":121400,"comment_status":"","ping_status":"","sticky":false,"template":"","format":"standard","meta":{"footnotes":""},"categories":[12],"tags":[20,21,24,25,15,179,22,23,13,30,28,29,14,16,26,27,42,43,44,45],"class_list":{"0":"post-121399","1":"post","2":"type-post","3":"status-publish","4":"format-standard","5":"has-post-thumbnail","7":"category-verden","8":"tag-breaking-news","9":"tag-breakingnews","10":"tag-featured-news","11":"tag-featurednews","12":"tag-headlines","13":"tag-krigen-i-ukraina","14":"tag-latest-news","15":"tag-latestnews","16":"tag-news","17":"tag-no","18":"tag-norge","19":"tag-norway","20":"tag-nyheter","21":"tag-overskrifter","22":"tag-top-stories","23":"tag-topstories","24":"tag-verden","25":"tag-world","26":"tag-world-news","27":"tag-worldnews"},"share_on_mastodon":{"url":"https:\/\/pubeurope.com\/@no\/115778944341969589","error":""},"_links":{"self":[{"href":"https:\/\/www.europesays.com\/no\/wp-json\/wp\/v2\/posts\/121399","targetHints":{"allow":["GET"]}}],"collection":[{"href":"https:\/\/www.europesays.com\/no\/wp-json\/wp\/v2\/posts"}],"about":[{"href":"https:\/\/www.europesays.com\/no\/wp-json\/wp\/v2\/types\/post"}],"author":[{"embeddable":true,"href":"https:\/\/www.europesays.com\/no\/wp-json\/wp\/v2\/users\/2"}],"replies":[{"embeddable":true,"href":"https:\/\/www.europesays.com\/no\/wp-json\/wp\/v2\/comments?post=121399"}],"version-history":[{"count":0,"href":"https:\/\/www.europesays.com\/no\/wp-json\/wp\/v2\/posts\/121399\/revisions"}],"wp:featuredmedia":[{"embeddable":true,"href":"https:\/\/www.europesays.com\/no\/wp-json\/wp\/v2\/media\/121400"}],"wp:attachment":[{"href":"https:\/\/www.europesays.com\/no\/wp-json\/wp\/v2\/media?parent=121399"}],"wp:term":[{"taxonomy":"category","embeddable":true,"href":"https:\/\/www.europesays.com\/no\/wp-json\/wp\/v2\/categories?post=121399"},{"taxonomy":"post_tag","embeddable":true,"href":"https:\/\/www.europesays.com\/no\/wp-json\/wp\/v2\/tags?post=121399"}],"curies":[{"name":"wp","href":"https:\/\/api.w.org\/{rel}","templated":true}]}}