{"id":121423,"date":"2025-12-25T07:37:13","date_gmt":"2025-12-25T07:37:13","guid":{"rendered":"https:\/\/www.europesays.com\/no\/121423\/"},"modified":"2025-12-25T07:37:13","modified_gmt":"2025-12-25T07:37:13","slug":"oppvakningen-gir-meg-frysninger-adressa-no","status":"publish","type":"post","link":"https:\/\/www.europesays.com\/no\/121423\/","title":{"rendered":"Oppv\u00e5kningen gir meg frysninger &#8211; adressa.no"},"content":{"rendered":"<ol>\n<li><a href=\"https:\/\/news.google.com\/rss\/articles\/CBMidkFVX3lxTE1jWmd6Wk40T1hZZEg0S0YzclY3N2pmb29CdTd2MEh0ZEF0OW1hZWktV09OU1RvaVVCZzhQUmNLNlJKYjJuejQyd0RacGU2VHl4OE55WXVxRS1vQVlFT3R1LWV6QmtpOTRNc3R2a0pEeEg2bHN6cUE?oc=5\" target=\"_blank\" rel=\"nofollow noopener\">Oppv\u00e5kningen gir meg frysninger<\/a>&nbsp;&nbsp;adressa.no<\/li>\n<li><a href=\"https:\/\/news.google.com\/rss\/articles\/CBMivgFBVV95cUxOZHMxRWJKVTUyRDd0UTEtdGMxNld5Nmk0TnBxSWlCbnJtejV3NXlWdmYwbWJYMWd1SDFteVZHTG1BamVoZ2JHWHMycjd0S056aU5KcXVTSTFTLVBOMTgtRTloQnhtdVJsdmUzckRydnczUDRqNGVKSXdrNGd6T3N6SnQ2a3BiZ0N5WEJ6RDYxZU9iN25jSE5FUzZKZjI3a3p2UDN0QVpDcE1BYW1nOHlVa21iQ0s5OXdOWjRsSl9B?oc=5\" target=\"_blank\" rel=\"nofollow noopener\">Det er ingen \u00e5ndelige gjennombrudd, men stadig sekularisering i Norge<\/a>&nbsp;&nbsp;Aftenposten<\/li>\n<li><a href=\"https:\/\/news.google.com\/rss\/articles\/CBMiiAFBVV95cUxPY29LdTh1Vk5va1prTlV5LTJXaUlKVElWaXNuQjJ1WndqTXNFcHhNcFFjcmU1R0dtQkpIOUcteWdSZThRcm9xYlM5UHFnYjBmQUQ2dHc2MkdRal92VHBwSlJfdjFQcWxnUUdpd25fdFB6RWJ2Vm05djBfcTJ1a1FQLThjUHpRdi1S?oc=5\" target=\"_blank\" rel=\"nofollow noopener\">(+) F\u00e5 tegn til karismatisk vekkelsesb\u00f8lge<\/a>&nbsp;&nbsp;Morgenbladet<\/li>\n<li><a href=\"https:\/\/news.google.com\/rss\/articles\/CBMidkFVX3lxTE1LOUZOb1U1S0dEWnc4c3dabFY4UzVxTFpEZ1lOd01PYjBQTlBtdUpzc05ZUXBra3NnamNxU0RYWmFZUDF3OENPRWRyanh0bnkyQ05YSHZSbFB5dXFkS1N1c21nX1pRVFp4VHZwSVdWa0NIRUtDWEE?oc=5\" target=\"_blank\" rel=\"nofollow noopener\">\u00abLandets kristne trenger verken \u00f8nsketenkning eller overdrivelser, men best mulig kunnskap\u00bb<\/a>&nbsp;&nbsp;V\u00e5rt Land<\/li>\n<li><a href=\"https:\/\/news.google.com\/rss\/articles\/CBMiggFBVV95cUxOU1h5SWtKc1FRU1EwR0dXWm9lYVBjVGRUeUtuek5GVGljNlZqbUNXS0hGc3VtMjV1b0lzZUJGa0Y3V014SUhia2Y4YXlvamtRRFpvS0k5TmJtQTdrb1hoQm5xU2txdExJbjdhYWdfZ0lPcHQteVdhbGRRTEsxcWFfRTZR?oc=5\" target=\"_blank\" rel=\"nofollow noopener\">(+) Kva kvalifiserer som kristen omvending?<\/a>&nbsp;&nbsp;Dagen<\/li>\n<\/ol>\n","protected":false},"excerpt":{"rendered":"Oppv\u00e5kningen gir meg frysninger&nbsp;&nbsp;adressa.no Det er ingen \u00e5ndelige gjennombrudd, men stadig sekularisering i Norge&nbsp;&nbsp;Aftenposten (+) F\u00e5 tegn til&hellip;\n","protected":false},"author":2,"featured_media":121424,"comment_status":"","ping_status":"","sticky":false,"template":"","format":"standard","meta":{"footnotes":""},"categories":[10],"tags":[14407,20,21,2012,24,25,15,10033,5441,764,3476,760,4608,4461,22,23,6690,13,30,28,29,14,2239,16,26,27],"class_list":{"0":"post-121423","1":"post","2":"type-post","3":"status-publish","4":"format-standard","5":"has-post-thumbnail","7":"category-norge","8":"tag-asle-toje","9":"tag-breaking-news","10":"tag-breakingnews","11":"tag-dag-inge-ulstein","12":"tag-featured-news","13":"tag-featurednews","14":"tag-headlines","15":"tag-ingrid-olina-hovland","16":"tag-jesus","17":"tag-jonas-skybakmoen","18":"tag-kjonnsidentitet","19":"tag-kommentarer","20":"tag-kristendom","21":"tag-kulturkrig","22":"tag-latest-news","23":"tag-latestnews","24":"tag-minoriteter","25":"tag-news","26":"tag-no","27":"tag-norge","28":"tag-norway","29":"tag-nyheter","30":"tag-orkanger","31":"tag-overskrifter","32":"tag-top-stories","33":"tag-topstories"},"share_on_mastodon":{"url":"https:\/\/pubeurope.com\/@no\/115779065925847311","error":""},"_links":{"self":[{"href":"https:\/\/www.europesays.com\/no\/wp-json\/wp\/v2\/posts\/121423","targetHints":{"allow":["GET"]}}],"collection":[{"href":"https:\/\/www.europesays.com\/no\/wp-json\/wp\/v2\/posts"}],"about":[{"href":"https:\/\/www.europesays.com\/no\/wp-json\/wp\/v2\/types\/post"}],"author":[{"embeddable":true,"href":"https:\/\/www.europesays.com\/no\/wp-json\/wp\/v2\/users\/2"}],"replies":[{"embeddable":true,"href":"https:\/\/www.europesays.com\/no\/wp-json\/wp\/v2\/comments?post=121423"}],"version-history":[{"count":0,"href":"https:\/\/www.europesays.com\/no\/wp-json\/wp\/v2\/posts\/121423\/revisions"}],"wp:featuredmedia":[{"embeddable":true,"href":"https:\/\/www.europesays.com\/no\/wp-json\/wp\/v2\/media\/121424"}],"wp:attachment":[{"href":"https:\/\/www.europesays.com\/no\/wp-json\/wp\/v2\/media?parent=121423"}],"wp:term":[{"taxonomy":"category","embeddable":true,"href":"https:\/\/www.europesays.com\/no\/wp-json\/wp\/v2\/categories?post=121423"},{"taxonomy":"post_tag","embeddable":true,"href":"https:\/\/www.europesays.com\/no\/wp-json\/wp\/v2\/tags?post=121423"}],"curies":[{"name":"wp","href":"https:\/\/api.w.org\/{rel}","templated":true}]}}