{"id":121429,"date":"2025-12-25T07:49:49","date_gmt":"2025-12-25T07:49:49","guid":{"rendered":"https:\/\/www.europesays.com\/no\/121429\/"},"modified":"2025-12-25T07:49:49","modified_gmt":"2025-12-25T07:49:49","slug":"vaer-vestoppland-rolig-og-kald-jul-i-vestoppland-lite-sno-i-sikte","status":"publish","type":"post","link":"https:\/\/www.europesays.com\/no\/121429\/","title":{"rendered":"V\u00e6r, Vestoppland | Rolig og kald jul i Vestoppland \u2013 lite sn\u00f8 i sikte"},"content":{"rendered":"\n<p>For Vestoppland betyr h\u00f8ytrykket en rolig jul med lite vind, minusgrader og f\u00e5 v\u00e6rmessige overraskelser.<\/p>\n<p>\u2013 Det blir en stille start p\u00e5 jula. H\u00f8ytrykket har begynt \u00e5 bygge seg opp over S\u00f8r-Norge og ser ut til \u00e5 bli liggende helt fram mot nytt\u00e5r, sier statsmeteorolog Bente Wahl ved Meteorologisk institutt.<\/p>\n<p>For Vestoppland betyr det rolig vinterv\u00e6r med lite vind, minusgrader og nesten ingen nedb\u00f8r gjennom juleperioden.<\/p>\n<p>Stabilt h\u00f8ytrykk<\/p>\n<p>If\u00f8lge meteorologen vil h\u00f8ytrykket gi stabilt v\u00e6r med lite nedb\u00f8r. I store deler av Vestoppland blir det kaldt, men normalt for \u00e5rstiden, med minusgrader gjennom hele juleperioden.<\/p>\n<p>\u2013 Der det er sn\u00f8 n\u00e5, blir den liggende. Men der det ikke er sn\u00f8, kommer det heller ikke noe p\u00e5fyll. Det er rett og slett ikke nedb\u00f8r i sikte, sier Wahl.<\/p>\n<p>Sv\u00e6rt sjelden sn\u00f8fattig f\u00f8rjulstid<\/p>\n<p>At det er lite sn\u00f8 f\u00f8r jul, er uvanlig. Det viser m\u00e5linger gjort av Magne Gullord, som har registrert sn\u00f8 og nedb\u00f8r i Vestoppland i flere ti\u00e5r.<\/p>\n<p>\u2013 Det er sv\u00e6rt sjeldent at det er s\u00e5 lite sn\u00f8 f\u00f8r jul som i \u00e5r, sier Gullord.<\/p>\n<p>Han har g\u00e5tt tilbake i egne notater og historiske m\u00e5linger og funnet kun noen f\u00e5 \u00e5r med sn\u00f8bare forhold p\u00e5 denne tiden.<\/p>\n<p>\u2013 I 1948, 1952, 1957 og 1975 var det null centimeter sn\u00f8 f\u00f8r jul. I 1953 var det bare tre centimeter. Siden 1940 har det bare v\u00e6rt fem\u2013seks \u00e5r totalt der det har v\u00e6rt sn\u00f8bart eller nesten sn\u00f8bart f\u00f8r jul.<\/p>\n<p>   <img decoding=\"async\" width=\"4288\" height=\"2848\" fetchpriority=\"low\"  loading=\"lazy\"  src=\"https:\/\/www.europesays.com\/no\/wp-content\/uploads\/2025\/12\/sn__enn_normalt_i_vinter_1.jpg\" alt=\"\" class=\"brick-c-cFOWSL\" style=\"--brick-image-ratio: 4288 \/ 2848;\"\/><\/p>\n<p>      SJELDENT: Magne Gullord har f\u00f8rt lokale m\u00e5linger av sn\u00f8 og nedb\u00f8r i Vestoppland i en \u00e5rrekke. Tallene viser at sn\u00f8bare forhold f\u00f8r jul er sv\u00e6rt sjeldent.<br \/>\n      Foto: Trude G. Dale\n    <\/p>\n<p>  Sn\u00f8en har kommet og forsvunnet<\/p>\n<p>If\u00f8lge Gullord har det v\u00e6rt noe sn\u00f8 tidligere i vinter, men den har smeltet bort igjen.<\/p>\n<p>\u2013 Det har v\u00e6rt litt sn\u00f8, men den har forsvunnet. Det har skjedd f\u00f8r ogs\u00e5, men samlet sett er det lite sammenlignet med det som er vanlig, sier han.<\/p>\n<p>Han peker ogs\u00e5 p\u00e5 at det var lite sn\u00f8 ved juletider p\u00e5 slutten av 1980-tallet og begynnelsen av 1990-tallet, blant annet i \u00e5rene f\u00f8r OL p\u00e5 Lillehammer.<\/p>\n<p>   <img decoding=\"async\" width=\"4928\" height=\"3280\" fetchpriority=\"low\"  loading=\"lazy\"  src=\"https:\/\/www.europesays.com\/no\/wp-content\/uploads\/2025\/12\/_p_for_t_rrskodd_17__mai_1.jpg\" alt=\"\" class=\"brick-c-cFOWSL\" style=\"--brick-image-ratio: 4928 \/ 3280;\"\/><\/p>\n<p>      SN\u00d8M\u00c5LING: Magne Gullord under sn\u00f8m\u00e5ling p\u00e5 Biri et tidligere \u00e5r. M\u00e5lingene hans strekker seg flere ti\u00e5r tilbake og viser at sn\u00f8bare forhold f\u00f8r jul er sjeldent.<br \/>\n      Foto: Henning Gulbrandsen\n    <\/p>\n<p>  Lite sn\u00f8, men glatt<\/p>\n<p>I dalf\u00f8rene kan det enkelte dager bli t\u00e5ke og lavt skydekke, mens andre steder kan f\u00e5 sol. Selv om det ikke ventes sn\u00f8, kan kulde og fuktighet f\u00f8re til rim og glatte forhold.<\/p>\n<p>\u2013 N\u00e5r det er kaldt og fuktig, kan det dannes rim. Det gir glatte veier selv om det ikke sn\u00f8r, sier Wahl.<\/p>\n<p>Hun advarer om at glatt f\u00f8re kan komme overraskende.<\/p>\n<p>\u2013 Man kan kj\u00f8re lenge p\u00e5 t\u00f8rre veier og plutselig komme inn i et skyggeparti eller et omr\u00e5de med mer fuktighet der det er glatt. Omr\u00e5der n\u00e6r \u00e5pne vann og steder som ligger i skyggen er ofte mest utsatt, men forholdene kan variere mye fra sted til sted.<\/p>\n<p>Mot slutten av romjula kan det bli mer v\u00e6r lenger nord og vest i landet, men i Vestoppland ser juleuka ut til \u00e5 forbli stabil og t\u00f8rr.<\/p>\n<p>\u2013 Dette blir en rolig romjul p\u00e5 v\u00e6rfronten. Det viktigste er \u00e5 v\u00e6re oppmerksom p\u00e5 glatt f\u00f8re, selv om det ser fint ut, sier Wahl.<\/p>\n","protected":false},"excerpt":{"rendered":"For Vestoppland betyr h\u00f8ytrykket en rolig jul med lite vind, minusgrader og f\u00e5 v\u00e6rmessige overraskelser. \u2013 Det blir&hellip;\n","protected":false},"author":2,"featured_media":121430,"comment_status":"","ping_status":"","sticky":false,"template":"","format":"standard","meta":{"footnotes":""},"categories":[10],"tags":[36,20,21,24,25,15,22,23,13,30,28,29,14,16,6527,1510,26,27,553,5220],"class_list":{"0":"post-121429","1":"post","2":"type-post","3":"status-publish","4":"format-standard","5":"has-post-thumbnail","7":"category-norge","8":"tag-art","9":"tag-breaking-news","10":"tag-breakingnews","11":"tag-featured-news","12":"tag-featurednews","13":"tag-headlines","14":"tag-latest-news","15":"tag-latestnews","16":"tag-news","17":"tag-no","18":"tag-norge","19":"tag-norway","20":"tag-nyheter","21":"tag-overskrifter","22":"tag-sno","23":"tag-story","24":"tag-top-stories","25":"tag-topstories","26":"tag-vaer","27":"tag-vestoppland"},"share_on_mastodon":{"url":"https:\/\/pubeurope.com\/@no\/115779117209563464","error":""},"_links":{"self":[{"href":"https:\/\/www.europesays.com\/no\/wp-json\/wp\/v2\/posts\/121429","targetHints":{"allow":["GET"]}}],"collection":[{"href":"https:\/\/www.europesays.com\/no\/wp-json\/wp\/v2\/posts"}],"about":[{"href":"https:\/\/www.europesays.com\/no\/wp-json\/wp\/v2\/types\/post"}],"author":[{"embeddable":true,"href":"https:\/\/www.europesays.com\/no\/wp-json\/wp\/v2\/users\/2"}],"replies":[{"embeddable":true,"href":"https:\/\/www.europesays.com\/no\/wp-json\/wp\/v2\/comments?post=121429"}],"version-history":[{"count":0,"href":"https:\/\/www.europesays.com\/no\/wp-json\/wp\/v2\/posts\/121429\/revisions"}],"wp:featuredmedia":[{"embeddable":true,"href":"https:\/\/www.europesays.com\/no\/wp-json\/wp\/v2\/media\/121430"}],"wp:attachment":[{"href":"https:\/\/www.europesays.com\/no\/wp-json\/wp\/v2\/media?parent=121429"}],"wp:term":[{"taxonomy":"category","embeddable":true,"href":"https:\/\/www.europesays.com\/no\/wp-json\/wp\/v2\/categories?post=121429"},{"taxonomy":"post_tag","embeddable":true,"href":"https:\/\/www.europesays.com\/no\/wp-json\/wp\/v2\/tags?post=121429"}],"curies":[{"name":"wp","href":"https:\/\/api.w.org\/{rel}","templated":true}]}}