{"id":121433,"date":"2025-12-25T08:14:59","date_gmt":"2025-12-25T08:14:59","guid":{"rendered":"https:\/\/www.europesays.com\/no\/121433\/"},"modified":"2025-12-25T08:14:59","modified_gmt":"2025-12-25T08:14:59","slug":"dan-borge-akero-reddet-av-kona","status":"publish","type":"post","link":"https:\/\/www.europesays.com\/no\/121433\/","title":{"rendered":"Dan B\u00f8rge Aker\u00f8 reddet av kona"},"content":{"rendered":"<p>Det har allerede g\u00e5tt syv \u00e5r siden Dan B\u00f8rge Aker\u00f8 (74) hadde sitt siste oppdrag i statskanalen. N\u00e5 tar han livet mer med ro &#8211; og det trives han godt med.<\/p>\n<p>    <a itemprop=\"url\" href=\"https:\/\/www.seher.no\/kjendis\/ny-start-for-forholdet\/83990045\" rel=\"nofollow noopener\" target=\"_blank\"><\/p>\n<p>        <img loading=\"lazy\" decoding=\"async\" src=\"https:\/\/www.europesays.com\/no\/wp-content\/uploads\/2025\/12\/1766650450_470_83990206.webp\" width=\"147\" height=\"98\" title=\"Ny start for forholdet\" alt=\"\" class=\"lazyload\" style=\"--aspect-ratio-image: 1.50; \"\/><\/p>\n<p>        Ny start for forholdet<\/p>\n<p>    <\/a><\/p>\n<p>&#8211; N\u00e5r jeg f\u00e5r lov til \u00e5 bo og leve sammen med Mette, er det herlig \u00e5 v\u00e6re pensjonist. Jeg f\u00f8ler at jeg har gjort min innsats, og levert fra meg et liv i arbeid og entusiasme. Jeg g\u00e5r ikke rundt og savner jobben, sier Dan. <\/p>\n<p>Vi m\u00f8ter ham hjemme i den romslige leiligheten p\u00e5 Majorstuen. P\u00e5 ny\u00e5ret fyller han 75 \u00e5r, og gleder seg til \u00e5 markere dagen med sine n\u00e6rmeste. Da er det ogs\u00e5 naturlig \u00e5 se seg litt tilbake.<\/p>\n<p>        <img loading=\"lazy\" decoding=\"async\" src=\"https:\/\/www.europesays.com\/no\/wp-content\/uploads\/2025\/12\/83967292.webp\" width=\"579\" height=\"886\" title=\"GIFT I&#10;ROMA: De dro&#10;utenlands for&#10;\u00e5 gifte seg, og&#10;n\u00e5 - 32 \u00e5r senere&#10;- nyter Dan og&#10;Mette fortsatt&#10;det gode liv. Foto: Privat\" alt=\"\" class=\"\" style=\"--aspect-ratio-image: 0.65; \"\/><\/p>\n<p>\n        GIFT I<br \/>\nROMA: De dro<br \/>\nutenlands for<br \/>\n\u00e5 gifte seg, og<br \/>\nn\u00e5 &#8211; 32 \u00e5r senere<br \/>\n&#8211; nyter Dan og<br \/>\nMette fortsatt<br \/>\ndet gode liv. Foto: Privat\n    <\/p>\n<p>Hjertepasient\u00a0\t<\/p>\n<p>Hver f\u00f8dselsdag tas imot med takk, for Dan har v\u00e6rt p\u00e5 d\u00f8dens terskel &#8211; flere ganger.<\/p>\n<p>    <a itemprop=\"url\" href=\"https:\/\/www.seher.no\/kjendis\/vi-har-noe-a-fortelle\/84000259\" rel=\"nofollow noopener\" target=\"_blank\"><\/p>\n<p>        <img loading=\"lazy\" decoding=\"async\" src=\"https:\/\/www.europesays.com\/no\/wp-content\/uploads\/2025\/12\/1766650452_256_84000307.webp\" width=\"147\" height=\"98\" title=\"- Vi har noe \u00e5 fortelle\" alt=\"\" class=\"lazyload\" style=\"--aspect-ratio-image: 1.50; \"\/><\/p>\n<p>        &#8211; Vi har noe \u00e5 fortelle<\/p>\n<p>    <\/a><\/p>\n<p>&#8211; Jeg m\u00e5 roe litt mer ned enn f\u00f8r, og det henger sammen med redusert fysisk kapasitet. Jeg er hjertepasient med b\u00e5de pacemaker og hjertestarter. Da kan jeg ikke henge rundt i tr\u00e6rne lenger. Det f\u00e5r holde at jeg er apekatt her hjemme, sier Dan \u2013 etterfulgt av sin karakteristiske trillende latter.<\/p>\n<p>        VOKST OPP: Prinsessen er nesten ikke til \u00e5 kjenne igjen i en ny video som er delt av det svenske kongehuset. Reporter: Caroline Vagle. Video: Instagram\/@kungahuset \/ Kine Falch.<\/p>\n<p>Siden 1989 har han v\u00e6rt sammen med sin kj\u00e6re Mette Heitmann Aker\u00f8 (59), som bokstavelig talt har v\u00e6rt hans livredder. De giftet seg i 1993.<\/p>\n<p>        <img loading=\"lazy\" decoding=\"async\" src=\"https:\/\/www.europesays.com\/no\/wp-content\/uploads\/2025\/12\/83967310.webp\" width=\"686\" height=\"1029\" title=\"SYK I BRASIL: - Jeg&#10;kom meg hjem fra Brasil&#10;med streptokokker i&#10;foten. Jeg burde v\u00e6rt p\u00e5&#10;isolat, og Mette mener at&#10;jeg var d\u00f8den n\u00e6r, sier&#10;Dan om dramatikken. FOTO: Tor Kvello\" alt=\"\" class=\"\" style=\"--aspect-ratio-image: 0.67; \"\/><\/p>\n<p>\n        SYK I BRASIL: &#8211; Jeg<br \/>\nkom meg hjem fra Brasil<br \/>\nmed streptokokker i<br \/>\nfoten. Jeg burde v\u00e6rt p\u00e5<br \/>\nisolat, og Mette mener at<br \/>\njeg var d\u00f8den n\u00e6r, sier<br \/>\nDan om dramatikken. FOTO: Tor Kvello\n    <\/p>\n<p class=\"font-weight-bold m-font-weight-bold\" data-lab-font_weight=\"font-weight-bold\">Der var hun som lynraskt oppdaget at mannen l\u00e5 livl\u00f8s p\u00e5 baderoms-gulvet i 2014. Hun ringte 113, og hell i uhellet var at n\u00e6rmest i samme sekund kj\u00f8rte en ambulanse forbi ute p\u00e5 veien.<\/p>\n<p>        <img loading=\"lazy\" decoding=\"async\" src=\"https:\/\/www.europesays.com\/no\/wp-content\/uploads\/2025\/12\/83967309.webp\" width=\"667\" height=\"467\" title=\"NY HOFTE: - Kort tid etter operasjonen, var&#10;jeg helt fin. Hofta sitter fortsatt p\u00e5, sier Dan. Foto: Tor Kvello\" alt=\"\" class=\"\" style=\"--aspect-ratio-image: 1.43; \"\/><\/p>\n<p>\n        NY HOFTE: &#8211; Kort tid etter operasjonen, var<br \/>\njeg helt fin. Hofta sitter fortsatt p\u00e5, sier Dan. Foto: Tor Kvello\n    <\/p>\n<p>Bare 15 minutter etter at han falt om, l\u00e5 Dan p\u00e5 operasjonsbordet med hjertesvikt. Mettes snarr\u00e5dige innsats reddet utvilsomt livet hans, for infarktet han ble rammet av kalles en \u00abwidowmaker\u00bb \u2013 alts\u00e5 \u00abenkemakeren\u00bb p\u00e5 norsk. <\/p>\n<p class=\"font-weight-bold m-font-weight-bold\" data-lab-font_weight=\"font-weight-bold\">Sv\u00e6rt f\u00e5 kommer levende fra en slik hendelse.<\/p>\n<p>        <img loading=\"lazy\" decoding=\"async\" src=\"https:\/\/www.europesays.com\/no\/wp-content\/uploads\/2025\/12\/83967299.webp\" width=\"667\" height=\"487\" title=\"FEIRING P\u00c5 FAGERBORG: Dan og Mette med sine tre barn, tvillingene&#10;Benedicte (f.v.), Johannes og David (35) ved juletider for seks \u00e5r siden. Det hvite&#10;flygelet m\u00e5tte de kvitte seg med p\u00e5 grunn av plassmangel. Foto: Tor Kvello\" alt=\"\" class=\"\" style=\"--aspect-ratio-image: 1.37; \"\/><\/p>\n<p>\n        FEIRING P\u00c5 FAGERBORG: Dan og Mette med sine tre barn, tvillingene<br \/>\nBenedicte (f.v.), Johannes og David (35) ved juletider for seks \u00e5r siden. Det hvite<br \/>\nflygelet m\u00e5tte de kvitte seg med p\u00e5 grunn av plassmangel. Foto: Tor Kvello\n    <\/p>\n<p>        <img loading=\"lazy\" decoding=\"async\" src=\"https:\/\/www.europesays.com\/no\/wp-content\/uploads\/2025\/12\/83967381.webp\" width=\"667\" height=\"454\" title=\"NYF\u00d8DTE: Tvillingene Benedicte og Johanne kom til verden 17. juli&#10;dette \u00e5ret. Storebror David, som er ni \u00e5r eldre enn jentene, f\u00f8lger stolt med&#10;sammen med foreldrene. Foto: Se og H\u00f8r\" alt=\"\" class=\"\" style=\"--aspect-ratio-image: 1.47; \"\/><\/p>\n<p>\n        NYF\u00d8DTE: Tvillingene Benedicte og Johanne kom til verden 17. juli<br \/>\ndette \u00e5ret. Storebror David, som er ni \u00e5r eldre enn jentene, f\u00f8lger stolt med<br \/>\nsammen med foreldrene. Foto: Se og H\u00f8r\n    <\/p>\n<p>T\u00f8ffe dager\u00a0\t<\/p>\n<p>Da er det kanskje ikke s\u00e5 rart at den tidligere TV-stjernen tar det litt roligere.<\/p>\n<p>    <a itemprop=\"url\" href=\"https:\/\/www.seher.no\/kjendis\/raser-det-er-alvorlig\/83997066\" rel=\"nofollow noopener\" target=\"_blank\"><\/p>\n<p>        <img loading=\"lazy\" decoding=\"async\" src=\"https:\/\/www.europesays.com\/no\/wp-content\/uploads\/2025\/12\/84000053.webp\" width=\"147\" height=\"98\" title=\"Raser: - Det er alvorlig\" alt=\"\" class=\"lazyload\" style=\"--aspect-ratio-image: 1.50; \"\/><\/p>\n<p>        Raser: &#8211; Det er alvorlig<\/p>\n<p>    <\/a><\/p>\n<p class=\"font-weight-bold m-font-weight-bold\" data-lab-font_weight=\"font-weight-bold\">&#8211; Mette er en fantastisk kvinne \u00e5 leve sammen med. Hun passer p\u00e5 meg, sier han, og sender et \u00f8mt blikk i retning av sin kj\u00e6re.<\/p>\n<p>N\u00e5r Se og H\u00f8r er p\u00e5 bes\u00f8k er Dan i god form, men han m\u00e5 innr\u00f8mme at det har v\u00e6rt noen dager som har v\u00e6rt t\u00f8ffe.<\/p>\n<p>        <img loading=\"lazy\" decoding=\"async\" src=\"https:\/\/www.europesays.com\/no\/wp-content\/uploads\/2025\/12\/83967298.webp\" width=\"686\" height=\"1029\" title=\"ROER NED: Etter&#10;at Dan ble rammet av&#10;hjertesvikt, har han tatt&#10;det mer piano. Det takker&#10;kona Mette for. Foto: Tor Kvello\" alt=\"\" class=\"\" style=\"--aspect-ratio-image: 0.67; \"\/><\/p>\n<p>\n        ROER NED: Etter<br \/>\nat Dan ble rammet av<br \/>\nhjertesvikt, har han tatt<br \/>\ndet mer piano. Det takker<br \/>\nkona Mette for. Foto: Tor Kvello\n    <\/p>\n<p class=\"font-weight-bold m-font-weight-bold\" data-lab-font_weight=\"font-weight-bold\">Flere ganger har han v\u00e6rt n\u00e6r ved \u00e5 miste livet, og ambulansen har kommet i hui og hast. Det til tross for at han er sv\u00e6rt p\u00e5passelig med sine daglige medisiner.<\/p>\n<p>Flere ganger har han ogs\u00e5 falt om hjemme den siste tiden, med s\u00e6rdeles lavt blodtrykk.<\/p>\n<p>        TIPS: Kongehusekspert Caroline Vagle oppfordrer den norske kongefamilien \u00e5 la seg inspirere av naboene. Reporter: Caroline Vagle. Video: Instagram\/@prinseparet \/ Kine Falch.<\/p>\n<p>&#8211; Sykdommen gj\u00f8r noe med hele familien, forteller Mette.<\/p>\n<p>&#8211; Barna v\u00e5re er p\u00e5passelig s\u00e5 han ikke er alene. Tvillingd\u00f8trene v\u00e5re Benedicte og Johanne (26) har satt seg inn i medisineringen, i tilfelle jeg ikke er der for \u00e5 hjelpe. <\/p>\n<p>    <a itemprop=\"url\" href=\"https:\/\/www.seher.no\/kongelig\/vekker-oppsikt-angrer-ikke\/83996344\" rel=\"nofollow noopener\" target=\"_blank\"><\/p>\n<p>        <img loading=\"lazy\" decoding=\"async\" src=\"https:\/\/www.europesays.com\/no\/wp-content\/uploads\/2025\/12\/83736920.webp\" width=\"147\" height=\"98\" title=\"Vekker oppsikt: Angrer ikke!\" alt=\"\" class=\"lazyload\" style=\"--aspect-ratio-image: 1.50; \"\/><\/p>\n<p>        Vekker oppsikt: Angrer ikke!<\/p>\n<p>    <\/a><\/p>\n<p>Mette jobber som spesialr\u00e5dgiver innenfor kommunikasjon ved Oslo universitetssykehus, og b\u00e5de hun og ektemannen er imponert over det norske helsevesenet. <\/p>\n<p class=\"font-weight-bold m-font-weight-bold\" data-lab-font_weight=\"font-weight-bold\">&#8211; Jeg blir s\u00e5 stolt over \u00e5 se hva han har f\u00e5tt av hjelp.Det er viktig \u00e5 ikke la stolthet stoppe deg fra \u00e5 g\u00e5 til legen, p\u00e5peker Mette.<\/p>\n<p>        <img loading=\"lazy\" decoding=\"async\" src=\"https:\/\/www.europesays.com\/no\/wp-content\/uploads\/2025\/12\/83967300.webp\" width=\"667\" height=\"467\" title=\"GODE MINNER:&#10;Latteren sitter l\u00f8st n\u00e5r Dan&#10;og Mette ser tilbake p\u00e5 ting&#10;de har opplevd. N\u00e5 er han&#10;snart 75 \u00e5r! Foto: Tor Kvello\" alt=\"\" class=\"\" style=\"--aspect-ratio-image: 1.43; \"\/><\/p>\n<p>\n        GODE MINNER:<br \/>\nLatteren sitter l\u00f8st n\u00e5r Dan<br \/>\nog Mette ser tilbake p\u00e5 ting<br \/>\nde har opplevd. N\u00e5 er han<br \/>\nsnart 75 \u00e5r! Foto: Tor Kvello\n    <\/p>\n<p>Dan B\u00f8rge kunne ikke v\u00e6rt mer enig. <\/p>\n<p>&#8211; Vi menn er ikke alltid s\u00e5 flinke til \u00e5 opps\u00f8ke hjelp i tide, legger han til.<\/p>\n<p>        <img loading=\"lazy\" decoding=\"async\" src=\"https:\/\/www.europesays.com\/no\/wp-content\/uploads\/2025\/12\/83967303.webp\" width=\"579\" height=\"753\" title=\"ET HERLIG HJEM: Alt er&#10;samlet p\u00e5 \u00e9n flate, og med heisen&#10;kommer Dan og Mette seg raskt ut&#10;midt i sentrum av Majorstuen med&#10;kort vei til alt. Foto: Tor Kvello\" alt=\"\" class=\"\" style=\"--aspect-ratio-image: 0.77; \"\/><\/p>\n<p>\n        ET HERLIG HJEM: Alt er<br \/>\nsamlet p\u00e5 \u00e9n flate, og med heisen<br \/>\nkommer Dan og Mette seg raskt ut<br \/>\nmidt i sentrum av Majorstuen med<br \/>\nkort vei til alt. Foto: Tor Kvello\n    <\/p>\n<p>Ekstreme seertall\u00a0\t<\/p>\n<p>Den popul\u00e6re programlederen er kjent som fredags- og l\u00f8rdagskongen p\u00e5 statskanalen. \u00abSenFredag\u00bb ble en suksess allerede fra starten i 1986.<\/p>\n<p>\u00c5ret etter fant NRK ut at de ville ha et direktesendt talkshow p\u00e5 \u00abgudskjelovkvelden\u00bb \u2013 resultatet ble \u00abL\u00f8rDan\u00bb. Der ble det norske folk ogs\u00e5 kjent med \u00abVaktmesteren\u00bb, spilt av Trond-Viggo Torgersen (73).<\/p>\n<p>        <img loading=\"lazy\" decoding=\"async\" src=\"https:\/\/www.europesays.com\/no\/wp-content\/uploads\/2025\/12\/83967295.webp\" width=\"667\" height=\"447\" title=\"FLOTT FEIRING: Da Dan fylte 60 \u00e5r, var Jon Almaas (58, f.v.), Fredrik Skavlan (59), Linn&#10;Sk\u00e5ber (55), Per St\u00e5le L\u00f8nning (75) og Arne Scheie (81) blant gjestene. Foto: Tor Lindseth\" alt=\"\" class=\"\" style=\"--aspect-ratio-image: 1.49; \"\/><\/p>\n<p>\n        FLOTT FEIRING: Da Dan fylte 60 \u00e5r, var Jon Almaas (58, f.v.), Fredrik Skavlan (59), Linn<br \/>\nSk\u00e5ber (55), Per St\u00e5le L\u00f8nning (75) og Arne Scheie (81) blant gjestene. Foto: Tor Lindseth\n    <\/p>\n<p>        <img loading=\"lazy\" decoding=\"async\" src=\"https:\/\/www.europesays.com\/no\/wp-content\/uploads\/2025\/12\/83967294.webp\" width=\"579\" height=\"551\" title=\"KJENT POSITUR: \u00abL\u00f8rDan\u00bb ble en formidabel suksess p\u00e5 NRK, og hadde p\u00e5 det meste 2,5 millioner seere.\" alt=\"\" class=\"\" style=\"--aspect-ratio-image: 1.05; \"\/><\/p>\n<p>\n        KJENT POSITUR: \u00abL\u00f8rDan\u00bb ble en formidabel suksess p\u00e5 NRK, og hadde p\u00e5 det meste 2,5 millioner seere.\n    <\/p>\n<p>&#8211; Sendingen var direkte, og varte \u00e9n time og 40 minutter. \u00abVaktmesteren\u00bb var inne i tre ganger tre minutter. Han dukket opp da ingen forventet det. Alle i produksjonen visste n\u00e5r han kom, forteller Dan.<\/p>\n<p>&#8211; For meg var det viktig at jeg ikke visste n\u00e5r han kom inn \u2013 eller hva han skulle gj\u00f8re. Derfor ble det overraskende b\u00e5de for seerne og meg.<\/p>\n<p>        <img loading=\"lazy\" decoding=\"async\" src=\"https:\/\/www.europesays.com\/no\/wp-content\/uploads\/2025\/12\/83967304.webp\" width=\"579\" height=\"632\" title=\"OL-FEST: Etter at OL p\u00e5 Lillehammer var over, ble det&#10;stelt i stand til fest for de 5000 frivillige. Dan ledet showet, og&#10;OL-presidenten Juan Antonio Samaranch var p\u00e5 plass. Foto: Erik Berglund\" alt=\"\" class=\"\" style=\"--aspect-ratio-image: 0.92; \"\/><\/p>\n<p>\n        OL-FEST: Etter at OL p\u00e5 Lillehammer var over, ble det<br \/>\nstelt i stand til fest for de 5000 frivillige. Dan ledet showet, og<br \/>\nOL-presidenten Juan Antonio Samaranch var p\u00e5 plass. Foto: Erik Berglund\n    <\/p>\n<p>        <img loading=\"lazy\" decoding=\"async\" src=\"https:\/\/www.europesays.com\/no\/wp-content\/uploads\/2025\/12\/83967302.webp\" width=\"667\" height=\"441\" title=\"HISTORISK: TV 2 har sin aller f\u00f8rste&#10;sending, og Dan leder \u00e5pningsshowet. Her&#10;sammen med \u00abVaktmesteren\u00bb, alias Trond-Viggo Torgersen (f.v.), Dan, statsminister Gro&#10;Harlem Brundtland (86) og TV 2-sjef Bj\u00f8rn Atle&#10;Holter-Hovind (81). Foto: Lise \u00c5serud \/ NTB\" alt=\"\" class=\"\" style=\"--aspect-ratio-image: 1.51; \"\/><\/p>\n<p>\n        HISTORISK: TV 2 har sin aller f\u00f8rste<br \/>\nsending, og Dan leder \u00e5pningsshowet. Her<br \/>\nsammen med \u00abVaktmesteren\u00bb, alias Trond-Viggo Torgersen (f.v.), Dan, statsminister Gro<br \/>\nHarlem Brundtland (86) og TV 2-sjef Bj\u00f8rn Atle<br \/>\nHolter-Hovind (81). Foto: Lise \u00c5serud \/ NTB\n    <\/p>\n<p>Millioner s\u00e5 p\u00e5\u00a0\t<\/p>\n<p>Dan liker ikke \u00e5 skryte, men fakta kan ikke bestrides. \u00abL\u00f8rDan\u00bb ble en formidabel TV-suksess.<\/p>\n<p class=\"font-weight-bold m-font-weight-bold\" data-lab-font_weight=\"font-weight-bold\">&#8211; Vi hadde 2,5 millioner seere i noen av sendingene, og det er blant de mest sette programmet i historien. Det er kanskje det morsomste jeg har gjort, sl\u00e5r han fast.<\/p>\n<p>        <img loading=\"lazy\" decoding=\"async\" src=\"https:\/\/www.europesays.com\/no\/wp-content\/uploads\/2025\/12\/83967305.webp\" width=\"667\" height=\"734\" title=\"P\u00c5 SLOTTET:&#10;Haddy Njie (46) og&#10;Dan B\u00f8rge Aker\u00f8 var&#10;programledere for&#10;innsamlingsaksjonen&#10;dette \u00e5ret, som gikk&#10;til Flyktninghjelpen.&#10;De gjestet slottet hvor&#10;de m\u00f8tte kronprins&#10;Haakon. Foto: NRK-foto\" alt=\"\" class=\"\" style=\"--aspect-ratio-image: 0.91; \"\/><\/p>\n<p>\n        P\u00c5 SLOTTET:<br \/>\nHaddy Njie (46) og<br \/>\nDan B\u00f8rge Aker\u00f8 var<br \/>\nprogramledere for<br \/>\ninnsamlingsaksjonen<br \/>\ndette \u00e5ret, som gikk<br \/>\ntil Flyktninghjelpen.<br \/>\nDe gjestet slottet hvor<br \/>\nde m\u00f8tte kronprins<br \/>\nHaakon. Foto: NRK-foto\n    <\/p>\n<p>        <img loading=\"lazy\" decoding=\"async\" src=\"https:\/\/www.europesays.com\/no\/wp-content\/uploads\/2025\/12\/83967301.webp\" width=\"667\" height=\"474\" title=\"\u00c6RES-PRIS: Under et direktesendt show p\u00e5&#10;Oslo Plaza ble Wenche Foss tildelt Amandakomiteens \u00e6respris. Dan overrakte prisen. Foto: Jon Eeg \/ NTB\" alt=\"\" class=\"\" style=\"--aspect-ratio-image: 1.41; \"\/><\/p>\n<p>\n        \u00c6RES-PRIS: Under et direktesendt show p\u00e5<br \/>\nOslo Plaza ble Wenche Foss tildelt Amandakomiteens \u00e6respris. Dan overrakte prisen. Foto: Jon Eeg \/ NTB\n    <\/p>\n<p>Noen \u00e5r etter fulgte \u00abDen store klassefesten\u00bb. Det gikk p\u00e5 NRK fra 2000 til 2009. 150 klasser var med, og folk satt som spikret foran skjermene.<\/p>\n<p>I 1991 ble han spurt om \u00e5 bli den f\u00f8rste programdirekt\u00f8ren i TV 2. Kanalen skulle p\u00e5 lufta i -92. <\/p>\n<p>&#8211; Jeg sa ja til jobben, men for meg var dette en veldig vanskelig beslutning.<\/p>\n<p class=\"font-weight-bold m-font-weight-bold\" data-lab-font_weight=\"font-weight-bold\">Det som ikke mange vet var at Dan havnet i underholdningsavdelingen ved en tilfeldighet.<\/p>\n<p>Hvis vi skal sette det litt p\u00e5 spissen, hadde dette aldri skjedd hvis han ikke var blitt milit\u00e6rnekter!<\/p>\n<p>&#8211; Jeg spilte trombone i Hans Majestets Kongens Garde i 1971. Vi reiste rundt i flere land og marsjerte og spilte. I november var det slutt, og da skulle vi blant annet l\u00e6re gev\u00e6rskyting. Det var uforenlig med mitt livssyn \u00e5 skyte folk. S\u00e5 etter \u00e5 ha snakket med feltpresten, fikk jeg forlate leiren, forteller Dan.<\/p>\n<p>        <img loading=\"lazy\" decoding=\"async\" src=\"https:\/\/www.europesays.com\/no\/wp-content\/uploads\/2025\/12\/83967308.webp\" width=\"686\" height=\"968\" title=\"I DANMARK: - Min&#10;storebror Hans Arne (t.v.) og&#10;jeg. Bildet er tatt i Danmark&#10;hvor vi bodde den gang. Foto: Privat\" alt=\"\" class=\"\" style=\"--aspect-ratio-image: 0.71; \"\/><\/p>\n<p>\n        I DANMARK: &#8211; Min<br \/>\nstorebror Hans Arne (t.v.) og<br \/>\njeg. Bildet er tatt i Danmark<br \/>\nhvor vi bodde den gang. Foto: Privat\n    <\/p>\n<p>        <img loading=\"lazy\" decoding=\"async\" src=\"https:\/\/www.europesays.com\/no\/wp-content\/uploads\/2025\/12\/83967311.webp\" width=\"686\" height=\"515\" title=\"UNGE SJARM\u00d8RER: Storebror Hans Arne (t.v.) og&#10;Dan i unge \u00e5r. Bildet ble tatt i Danmark. Foto: Privat\" alt=\"\" class=\"\" style=\"--aspect-ratio-image: 1.33; \"\/><\/p>\n<p>\n        UNGE SJARM\u00d8RER: Storebror Hans Arne (t.v.) og<br \/>\nDan i unge \u00e5r. Bildet ble tatt i Danmark. Foto: Privat\n    <\/p>\n<p>S\u00f8kte seg til radioen\u00a0\t<\/p>\n<p>Lite ante han den gang at det kom til \u00e5 stake ut kursen for hans videre liv. <\/p>\n<p>Han avtjente siviltjenesten ved Institutt for fredsforskning, som igjen f\u00f8rte ham p\u00e5 spennende turer til Latin- Amerika. Sammen med kollega Per Erik Borge skrev han en bok som satte s\u00f8kelys p\u00e5 norske bedrifter som fordrev indianere i Brasil.<\/p>\n<p>    <a itemprop=\"url\" href=\"https:\/\/www.seher.no\/kjendis\/dukket-opp-i-luksus-paradis\/83996692\" rel=\"nofollow noopener\" target=\"_blank\"><\/p>\n<p>        <img loading=\"lazy\" decoding=\"async\" src=\"https:\/\/www.europesays.com\/no\/wp-content\/uploads\/2025\/12\/1766650487_134_83996892.webp\" width=\"147\" height=\"98\" title=\"Dukket opp i luksus-paradis\" alt=\"\" class=\"lazyload\" style=\"--aspect-ratio-image: 1.50; \"\/><\/p>\n<p>        Dukket opp i luksus-paradis<\/p>\n<p>    <\/a><\/p>\n<p>&#8211; Sommeren 1979 la jeg inn en s\u00f8knad til radioens utenriksavdeling. Det var mange s\u00f8kere, men jeg fikk den, forklarer han.<\/p>\n<p>Fra radio var ikke veien lang til \u00abDagsrevyen\u00bb, hvor han jobbet fra 1981. Noen f\u00e5 \u00e5r etter jobbet han med underholdning.<\/p>\n<p>        <img loading=\"lazy\" decoding=\"async\" src=\"https:\/\/www.europesays.com\/no\/wp-content\/uploads\/2025\/12\/83967313.webp\" width=\"686\" height=\"467\" title=\"P\u00c5 CAMPING-TUR: - Her er jeg p\u00e5&#10;ferie med en gammel Mercedes. Det har ikke&#10;blitt s\u00e5 mange overnattinger i telt etter det,&#10;forteller Dan. Foto: Privat\" alt=\"\" class=\"\" style=\"--aspect-ratio-image: 1.47; \"\/><\/p>\n<p>\n        P\u00c5 CAMPING-TUR: &#8211; Her er jeg p\u00e5<br \/>\nferie med en gammel Mercedes. Det har ikke<br \/>\nblitt s\u00e5 mange overnattinger i telt etter det,<br \/>\nforteller Dan. Foto: Privat\n    <\/p>\n<p>&#8211; Jeg hadde permisjon i utenriksavdelingen i \u00abDagsrevyen\u00bb for \u00e5 drive med \u00abSenFredag\u00bb. For f\u00f8rste gang skulle NRK ha sending etter Kveldsnytt. Det programmet varte i tre sesonger.Og etter det kom kringkastingssjef Bjartmar Gjerde (1931-2009) og ba om m\u00f8te. Han \u00f8nsket at jeg skulle fortsette i underholdning. Og dermed flyttet han min stilling over dit. Det passet meg bra, sier han.<\/p>\n<p>        <img loading=\"lazy\" decoding=\"async\" src=\"https:\/\/www.europesays.com\/no\/wp-content\/uploads\/2025\/12\/83967306.webp\" width=\"667\" height=\"721\" title=\"UNG SOLDAT: - Jeg liker godt dette&#10;bildet. Her er jeg 16&#10;\u00e5r gammel og soldat&#10;i Frelsesarmeen, sier&#10;han.\" alt=\"\" class=\"\" style=\"--aspect-ratio-image: 0.93; \"\/><\/p>\n<p>\n        UNG SOLDAT: &#8211; Jeg liker godt dette<br \/>\nbildet. Her er jeg 16<br \/>\n\u00e5r gammel og soldat<br \/>\ni Frelsesarmeen, sier<br \/>\nhan.\n    <\/p>\n<p>        <img loading=\"lazy\" decoding=\"async\" src=\"https:\/\/www.europesays.com\/no\/wp-content\/uploads\/2025\/12\/83967312.webp\" width=\"667\" height=\"467\" title=\"I FORSVARET: Dan var i garden, men etter hvert m\u00e5tte han ogs\u00e5&#10;l\u00e6re \u00e5 traktere et gev\u00e6r. Da valgte han \u00e5 bli pasifist. Foto: Privat\" alt=\"\" class=\"\" style=\"--aspect-ratio-image: 1.43; \"\/><\/p>\n<p>\n        I FORSVARET: Dan var i garden, men etter hvert m\u00e5tte han ogs\u00e5<br \/>\nl\u00e6re \u00e5 traktere et gev\u00e6r. Da valgte han \u00e5 bli pasifist. Foto: Privat\n    <\/p>\n<p>Flyttet stadig\u00a0\t<\/p>\n<p>Aker\u00f8 er usedvanlig glad i sang og musikk. Det kan han takke sin bakgrunn fra Frelsesarmeen for. Foreldrene spilte landet rundt, og barna var med i familieorkesteret.<\/p>\n<p>    <a itemprop=\"url\" href=\"https:\/\/www.seher.no\/kjendis\/man-blir-livredd\/83995136\" rel=\"nofollow noopener\" target=\"_blank\"><\/p>\n<p>        <img loading=\"lazy\" decoding=\"async\" src=\"https:\/\/www.europesays.com\/no\/wp-content\/uploads\/2025\/12\/1766650494_982_83995142.webp\" width=\"980\" height=\"441\" title=\"- Man blir livredd\" alt=\"\" class=\"lazyload\" style=\"--aspect-ratio-image: 2.22; \"\/><\/p>\n<p>        &#8211; Man blir livredd<\/p>\n<p>    <\/a><\/p>\n<p>&#8211; Vi flyttet annethvert \u00e5r. Jeg ble f\u00f8dt i Danmark, og det er ogs\u00e5 derfor jeg heter Dan. Siden har jeg bodd blant annet i Fredrikstad, Skien, Oslo, Bergen, Troms\u00f8 og Stavanger. Da var det nok, s\u00e5 jeg flyttet for meg selv etter at jeg var ferdig med videreg\u00e5ende.<\/p>\n<p>        <img loading=\"lazy\" decoding=\"async\" src=\"https:\/\/www.europesays.com\/no\/wp-content\/uploads\/2025\/12\/83967293.webp\" width=\"667\" height=\"661\" title=\"UNDERHOLDT: - Fatter\u2019n var en voldsom&#10;energibunt og underholder. Bildet er tatt&#10;p\u00e5 Gr\u00fcnerl\u00f8kka hvor&#10;vi bodde for mange \u00e5r&#10;siden, forteller Dan om&#10;sin far Gunnar.\" alt=\"\" class=\"\" style=\"--aspect-ratio-image: 1.01; \"\/><\/p>\n<p>\n        UNDERHOLDT: &#8211; Fatter\u2019n var en voldsom<br \/>\nenergibunt og underholder. Bildet er tatt<br \/>\np\u00e5 Gr\u00fcnerl\u00f8kka hvor<br \/>\nvi bodde for mange \u00e5r<br \/>\nsiden, forteller Dan om<br \/>\nsin far Gunnar.\n    <\/p>\n<p>        <img loading=\"lazy\" decoding=\"async\" src=\"https:\/\/www.europesays.com\/no\/wp-content\/uploads\/2025\/12\/83967296.webp\" width=\"667\" height=\"501\" title=\"FAMILIEORKESTER: Pappa Gunnar (f.v.), lillebror Jon&#10;Gunnar (72), mamma Johanne, Dan og storebror Hans Arne (76)&#10;reiste p\u00e5 turn\u00e9. Etterp\u00e5 signerte de bilder for fansen.\" alt=\"\" class=\"\" style=\"--aspect-ratio-image: 1.33; \"\/><\/p>\n<p>\n        FAMILIEORKESTER: Pappa Gunnar (f.v.), lillebror Jon<br \/>\nGunnar (72), mamma Johanne, Dan og storebror Hans Arne (76)<br \/>\nreiste p\u00e5 turn\u00e9. Etterp\u00e5 signerte de bilder for fansen.\n    <\/p>\n<p>Han tror ikke det er sunt \u00e5 flytte s\u00e5 mye i oppveksten, og b\u00e6rer nok preg av det.<\/p>\n<p>&#8211; Jeg ble utadvendt, og fikk lett venner. Det kom nok av at jeg var aktiv i fotball og sv\u00f8mming, p\u00e5peker han.<\/p>\n<p>        OVERRASKELSE: Juleshowet \u00abJulefest\u00bb er n\u00e5 p\u00e5 turn\u00e9 \u2013 med Anders Baasmo, Reidun S\u00e6ther og Trond Nagell-Dahl i spissen. Da de gjestet Chat Noir s\u00f8ndag, ventet det en helt spesiell overraskelse i salen. Video: Tor Kvello \/ Kine Falch.<\/p>\n<p>N\u00e5, bare f\u00e5 dager f\u00f8r han blir 75, oppsummerer han livet p\u00e5 f\u00f8lgende m\u00e5te:<\/p>\n<p>&#8211; Livet er fantastisk. Barna er blitt voksne, og har det bra. N\u00e5 har Mette og jeg f\u00e5tt v\u00e5rt f\u00f8rste barnebarn sammen!<\/p>\n<p>    <a itemprop=\"url\" href=\"https:\/\/www.seher.no\/kjendis\/punger-ut-for-luksushjem-igjen\/83989812\" rel=\"nofollow noopener\" target=\"_blank\"><\/p>\n<p>        <img loading=\"lazy\" decoding=\"async\" src=\"https:\/\/www.europesays.com\/no\/wp-content\/uploads\/2025\/12\/1766650499_511_83696350.webp\" width=\"147\" height=\"98\" title=\"Kj\u00f8per enda et luksushjem\" alt=\"\" class=\"lazyload\" style=\"--aspect-ratio-image: 1.50; \"\/><\/p>\n<p>        Kj\u00f8per enda et luksushjem<\/p>\n<p>    <\/a><\/p>\n<p>Fra et tidligere ekteskap har han ogs\u00e5 et barnebarn fra f\u00f8r.<\/p>\n<p>&#8211; Vi stortrives i leiligheten v\u00e5r, hvor alt ligger i gangavstand fra hjemmet. Det er et godt liv, sier Dan B\u00f8rge Aker\u00f8.<\/p>\n","protected":false},"excerpt":{"rendered":"Det har allerede g\u00e5tt syv \u00e5r siden Dan B\u00f8rge Aker\u00f8 (74) hadde sitt siste oppdrag i statskanalen. N\u00e5&hellip;\n","protected":false},"author":2,"featured_media":121434,"comment_status":"","ping_status":"","sticky":false,"template":"","format":"standard","meta":{"footnotes":""},"categories":[58],"tags":[14426,4104,71,479,14427,30,28,29,72],"class_list":{"0":"post-121433","1":"post","2":"type-post","3":"status-publish","4":"format-standard","5":"has-post-thumbnail","7":"category-underholdning","8":"tag-dan-borge-akero","9":"tag-eksklusivt","10":"tag-entertainment","11":"tag-kjendis","12":"tag-mette-heitmann-akero","13":"tag-no","14":"tag-norge","15":"tag-norway","16":"tag-underholdning"},"share_on_mastodon":{"url":"https:\/\/pubeurope.com\/@no\/115779215924304786","error":""},"_links":{"self":[{"href":"https:\/\/www.europesays.com\/no\/wp-json\/wp\/v2\/posts\/121433","targetHints":{"allow":["GET"]}}],"collection":[{"href":"https:\/\/www.europesays.com\/no\/wp-json\/wp\/v2\/posts"}],"about":[{"href":"https:\/\/www.europesays.com\/no\/wp-json\/wp\/v2\/types\/post"}],"author":[{"embeddable":true,"href":"https:\/\/www.europesays.com\/no\/wp-json\/wp\/v2\/users\/2"}],"replies":[{"embeddable":true,"href":"https:\/\/www.europesays.com\/no\/wp-json\/wp\/v2\/comments?post=121433"}],"version-history":[{"count":0,"href":"https:\/\/www.europesays.com\/no\/wp-json\/wp\/v2\/posts\/121433\/revisions"}],"wp:featuredmedia":[{"embeddable":true,"href":"https:\/\/www.europesays.com\/no\/wp-json\/wp\/v2\/media\/121434"}],"wp:attachment":[{"href":"https:\/\/www.europesays.com\/no\/wp-json\/wp\/v2\/media?parent=121433"}],"wp:term":[{"taxonomy":"category","embeddable":true,"href":"https:\/\/www.europesays.com\/no\/wp-json\/wp\/v2\/categories?post=121433"},{"taxonomy":"post_tag","embeddable":true,"href":"https:\/\/www.europesays.com\/no\/wp-json\/wp\/v2\/tags?post=121433"}],"curies":[{"name":"wp","href":"https:\/\/api.w.org\/{rel}","templated":true}]}}