{"id":121441,"date":"2025-12-25T08:34:09","date_gmt":"2025-12-25T08:34:09","guid":{"rendered":"https:\/\/www.europesays.com\/no\/121441\/"},"modified":"2025-12-25T08:34:09","modified_gmt":"2025-12-25T08:34:09","slug":"ullensaker-politiet-stanset-kjoretoy-pa-e6","status":"publish","type":"post","link":"https:\/\/www.europesays.com\/no\/121441\/","title":{"rendered":"Ullensaker, Politiet | Stanset kj\u00f8ret\u00f8y p\u00e5 E6"},"content":{"rendered":"\n<p>Natt til 1. juledag stanset en politipatrulje et kj\u00f8ret\u00f8y p\u00e5 E6 ved Asper i Ullensaker.<\/p>\n<p>En mann i 20-\u00e5rene anmeldes for kj\u00f8ring uten gyldig f\u00f8rerkort og kj\u00f8ring i rusp\u00e5virket tilstand.<\/p>\n<p>\u2013 Det ble ogs\u00e5 funnet mindre mengder narkotika i bilen, opplyser operasjonsleder Rune Isaksen.<\/p>\n<p>Sj\u00e5f\u00f8ren ble kj\u00f8rt til legevakta for blodpr\u00f8ve.<\/p>\n<p>Ved 08.30-tiden torsdag stanset politiet en annen bil med mistanke om kj\u00f8ring i rusp\u00e5virket tilstand.<\/p>\n<p>En mann i 30-\u00e5rene ble stanset langs Riksvei 4 i Nittedal.<\/p>\n<p>\u2013 Han nektet \u00e5 ta bl\u00e5setest p\u00e5 stedet. Tas med til legevakt for blodpr\u00f8ver, melder Ronny Samuelsen, operasjonsleder i \u00d8st politidisitrikt.<\/p>\n<p>F\u00f8rerkortet beslaglegges og f\u00f8reren anmeldes.<\/p>\n<p>  <a href=\"https:\/\/www.rb.no\/5-43-2640430\" class=\"related-teaser has-image default-story-teaser article--c-eRUmMG article--c-eRUmMG-jKCPdD-design-default\" rel=\"nofollow noopener\" target=\"_blank\"><\/p>\n<p>    <img decoding=\"async\" loading=\"lazy\"  src=\"https:\/\/www.europesays.com\/no\/wp-content\/uploads\/2025\/12\/img_2036+%281%29+%282%29.jpg\" alt=\"\" class=\"brick-c-cFOWSL\" style=\"\"\/><\/p>\n<p>\n            Les ogs\u00e5<\/p>\n<p>              Politiet slo til: Fant hjemmelagde v\u00e5pen\n        <\/p>\n<p>  <\/a><\/p>\n<p>  <a href=\"https:\/\/www.rb.no\/5-43-2638883\" class=\"related-teaser has-image default-story-teaser article--c-eRUmMG article--c-eRUmMG-jKCPdD-design-default\" rel=\"nofollow noopener\" target=\"_blank\"><\/p>\n<p>    <img decoding=\"async\" loading=\"lazy\"  src=\"https:\/\/www.europesays.com\/no\/wp-content\/uploads\/2025\/12\/branntomtriving_6.jpg\" alt=\"\" class=\"brick-c-cFOWSL\" style=\"\"\/><\/p>\n<p>\n            Les ogs\u00e5<\/p>\n<p>              Stor frustrasjon: \u2013 Kommunen jobber mot oss\n        <\/p>\n<p>  <\/a><\/p>\n","protected":false},"excerpt":{"rendered":"Natt til 1. juledag stanset en politipatrulje et kj\u00f8ret\u00f8y p\u00e5 E6 ved Asper i Ullensaker. En mann i&hellip;\n","protected":false},"author":2,"featured_media":7393,"comment_status":"","ping_status":"","sticky":false,"template":"","format":"standard","meta":{"footnotes":""},"categories":[5],"tags":[36,20,21,24,25,15,19,22,23,17,18,13,30,28,29,14,16,468,1510,26,27,4443],"class_list":{"0":"post-121441","1":"post","2":"type-post","3":"status-publish","4":"format-standard","5":"has-post-thumbnail","7":"category-overskrifter","8":"tag-art","9":"tag-breaking-news","10":"tag-breakingnews","11":"tag-featured-news","12":"tag-featurednews","13":"tag-headlines","14":"tag-hovedoppslag","15":"tag-latest-news","16":"tag-latestnews","17":"tag-main-news","18":"tag-mainnews","19":"tag-news","20":"tag-no","21":"tag-norge","22":"tag-norway","23":"tag-nyheter","24":"tag-overskrifter","25":"tag-politiet","26":"tag-story","27":"tag-top-stories","28":"tag-topstories","29":"tag-ullensaker"},"share_on_mastodon":{"url":"https:\/\/pubeurope.com\/@no\/115779290175173028","error":""},"_links":{"self":[{"href":"https:\/\/www.europesays.com\/no\/wp-json\/wp\/v2\/posts\/121441","targetHints":{"allow":["GET"]}}],"collection":[{"href":"https:\/\/www.europesays.com\/no\/wp-json\/wp\/v2\/posts"}],"about":[{"href":"https:\/\/www.europesays.com\/no\/wp-json\/wp\/v2\/types\/post"}],"author":[{"embeddable":true,"href":"https:\/\/www.europesays.com\/no\/wp-json\/wp\/v2\/users\/2"}],"replies":[{"embeddable":true,"href":"https:\/\/www.europesays.com\/no\/wp-json\/wp\/v2\/comments?post=121441"}],"version-history":[{"count":0,"href":"https:\/\/www.europesays.com\/no\/wp-json\/wp\/v2\/posts\/121441\/revisions"}],"wp:featuredmedia":[{"embeddable":true,"href":"https:\/\/www.europesays.com\/no\/wp-json\/wp\/v2\/media\/7393"}],"wp:attachment":[{"href":"https:\/\/www.europesays.com\/no\/wp-json\/wp\/v2\/media?parent=121441"}],"wp:term":[{"taxonomy":"category","embeddable":true,"href":"https:\/\/www.europesays.com\/no\/wp-json\/wp\/v2\/categories?post=121441"},{"taxonomy":"post_tag","embeddable":true,"href":"https:\/\/www.europesays.com\/no\/wp-json\/wp\/v2\/tags?post=121441"}],"curies":[{"name":"wp","href":"https:\/\/api.w.org\/{rel}","templated":true}]}}