{"id":121442,"date":"2025-12-25T08:39:56","date_gmt":"2025-12-25T08:39:56","guid":{"rendered":"https:\/\/www.europesays.com\/no\/121442\/"},"modified":"2025-12-25T08:39:56","modified_gmt":"2025-12-25T08:39:56","slug":"dette-sender-et-ekstremt-klart-signal","status":"publish","type":"post","link":"https:\/\/www.europesays.com\/no\/121442\/","title":{"rendered":"\u2013 Dette sender et ekstremt klart signal"},"content":{"rendered":"<p class=\"kicker text-red color_mobile_text-red\" style=\"\">Iskaldt julebudskap fra Moskva:<\/p>\n<p>  Bare \u00e9n dag f\u00f8r julaften har Russland igjen gjennomf\u00f8rt et massivt angrep mot Ukrainas energianlegg, og mange hjem er n\u00e5 uten str\u00f8m. En fire\u00e5ring er blant de drepte.<\/p>\n<p>\n    Slukking etter at en bil ble st\u00e5ende i brann som f\u00f8lge av et russisk angrep i Tsjerniv-regionen. Foto: Ukrainsk redningstjeneste \/ AP \/ NTB\n  <\/p>\n<p>I en rekke regioner ble str\u00f8mmen borte midt i vinterkulda, mens ukrainerne forbereder seg p\u00e5 julefeiring. Flere steder br\u00f8t det ut branner ved kraftanleggene.<\/p>\n<p>\u2013 Dette russiske angrepet sender et ekstremt klart signal om Russlands prioriteringer. Et angrep som gjennomf\u00f8res midt i forhandlinger der m\u00e5let er \u00e5 f\u00e5 slutt p\u00e5 krigen, skriver president Volodymyr Zelenskyj p\u00e5 meldingstjenesten Telegram tirsdag.<\/p>\n<p>\u2013 Et angrep f\u00f8r jul, n\u00e5r mennesker kun \u00f8nsker \u00e5 v\u00e6re sammen med familiene sine, hjemme og i trygghet, f\u00f8yer han til.<\/p>\n<p>        \u00abKJ\u00d8TTANGREP\u00bb: Ukrainske bakkestyrker hevder at russerne mister utstyr s\u00e5 raskt at de m\u00e5 bruke hester for \u00e5 forflytte seg. Video: Ukrainas 92. separate angrepsbrigade. Reporter: Anabelle Bruun\/Dagbladet TV<\/p>\n<p>Han ber ogs\u00e5 vestlige allierte om \u00e5 \u00f8ke presset p\u00e5 myndighetene i Moskva.<\/p>\n<p>Polske kampfly\t<\/p>\n<p>I l\u00f8pet av natten sendte Russland over 600 droner og flere titall raketter mot ukrainske energianlegg, opplyser statsminister Julija Svyrydenko p\u00e5 Telegram.<\/p>\n<p>Hun skriver at kraftanleggene vest i landet er p\u00e5f\u00f8rt de st\u00f8rste skadene. Str\u00f8mbruddene rammet ogs\u00e5 hovedstaden Kyiv.<\/p>\n<p>        <img loading=\"lazy\" decoding=\"async\" src=\"https:\/\/www.europesays.com\/no\/wp-content\/uploads\/2025\/12\/84023231.webp\" width=\"980\" height=\"559\" title=\"Redningsmannskaper slukker en brann i et bolighus i Kyiv-regionen som tirsdag ble rammet av de russiske angrepene. Foto: Ukrainsk redningstjeneste \/ AP \/ NTB\" alt=\"\" class=\"\" style=\"--aspect-ratio-image: 1.75; \"\/><\/p>\n<p>\n        Redningsmannskaper slukker en brann i et bolighus i Kyiv-regionen som tirsdag ble rammet av de russiske angrepene. Foto: Ukrainsk redningstjeneste \/ AP \/ NTB\n    <\/p>\n<p>Den vestlige delen av Ukraina grenser mot Polen og flere andre EU-land, og b\u00e5de polske og andre allierte lands kampfly ble sendt opp for \u00e5 beskytte polsk luftrom, opplyser den polske forsvarskommandoen p\u00e5 X.<\/p>\n<p>\u2013 Disse tiltakene er av forebyggende karakter og har som m\u00e5l \u00e5 sikre og beskytte luftrommet, spesielt i omr\u00e5der som grenser til de truede omr\u00e5dene, heter det i meldingen.<\/p>\n<p>Frykter angrep i jula\t<\/p>\n<p>Lokale myndigheter oppgir at \u00e9n person er drept i den vestlige regionen Khmelnytskyj og en annen utenfor Kyiv. Fire\u00e5ringen ble drept i regionen Zjytomyr sentralt i landet.<\/p>\n<p>        <img loading=\"lazy\" decoding=\"async\" src=\"https:\/\/www.europesays.com\/no\/wp-content\/uploads\/2025\/12\/84023236.webp\" width=\"980\" height=\"559\" title=\"De russiske angrepene rammet ogs\u00e5 Zjytomyr-regionen, der disse bolighusene ble \u00f8delagt. I denne regionen ble en fire\u00e5ring drept. Foto: Ukrainsk redningstjeneste \/ AP \/ NTB\" alt=\"\" class=\"\" style=\"--aspect-ratio-image: 1.75; \"\/><\/p>\n<p>\n        De russiske angrepene rammet ogs\u00e5 Zjytomyr-regionen, der disse bolighusene ble \u00f8delagt. I denne regionen ble en fire\u00e5ring drept. Foto: Ukrainsk redningstjeneste \/ AP \/ NTB\n    <\/p>\n<p>De melder ogs\u00e5 at flere andre ble s\u00e5ret, deriblant barn.<\/p>\n<p>Ukrainas president Volodymyr Zelenskyj sa mandag at han regner med at Russland kommer til \u00e5 gjennomf\u00f8re omfattende angrep mot Ukraina i l\u00f8pet av julen, og at situasjonen er vanskelig som f\u00f8lge av mangel p\u00e5 luftforsvar.<\/p>\n<p>Han sa ogs\u00e5 at Ukrainas forhandlingsteam n\u00e5 er ventet hjem etter \u00e5 ha forhandlet med USAs spesialutsending Steve Witkoff i Miami.<\/p>\n<p>Sent mandag ble det ogs\u00e5 meldt om russiske angrep mot havnebyen Odesa i s\u00f8r, der et skip og havneanlegg ble rammet, if\u00f8lge den lokale guvern\u00f8ren.<\/p>\n<p>        <img loading=\"lazy\" decoding=\"async\" src=\"https:\/\/www.europesays.com\/no\/wp-content\/uploads\/2025\/12\/84023240.webp\" width=\"980\" height=\"559\" title=\"Samtidig som Russland fortsetter luftangrepene mot ukrainske kraftanlegg, p\u00e5g\u00e5r det harde kamper ved fronten. Her et bilde fra byen Kostjantynivka i Donetsk \u00f8st i Ukraina. Bildet ble tatt l\u00f8rdag. Foto: Oleg Petrasjuk \/ det ukrainske milit\u00e6ret via AP \/ NTB\" alt=\"\" class=\"\" style=\"--aspect-ratio-image: 1.75; \"\/><\/p>\n<p>\n        Samtidig som Russland fortsetter luftangrepene mot ukrainske kraftanlegg, p\u00e5g\u00e5r det harde kamper ved fronten. Her et bilde fra byen Kostjantynivka i Donetsk \u00f8st i Ukraina. Bildet ble tatt l\u00f8rdag. Foto: Oleg Petrasjuk \/ det ukrainske milit\u00e6ret via AP \/ NTB\n    <\/p>\n<p>Flere angrep ved Svartehavet\t<\/p>\n<p>Russland har de siste dagene trappet opp angrepene ved Svartehavet i det som ser ut til \u00e5 v\u00e6re et fors\u00f8k p\u00e5 \u00e5 ramme Ukrainas skipsfart.<\/p>\n<p>Den siste tiden er b\u00e5de bruer, havner og kraftanlegg blitt \u00f8delagt i dette omr\u00e5det. Tusenvis av innbyggere har mistet str\u00f8mmen midt i vinterkulda.<\/p>\n<p>Natt til tirsdag ble det ogs\u00e5 meldt om et ukrainsk droneangrep mot et industrianlegg i Stavropol s\u00f8r i Russland. Regionens guvern\u00f8r, Vladimir Vladimirov, oppgir i en melding p\u00e5 Telegram at angrepet har utl\u00f8st en brann p\u00e5 fabrikkomr\u00e5det.<\/p>\n","protected":false},"excerpt":{"rendered":"Iskaldt julebudskap fra Moskva: Bare \u00e9n dag f\u00f8r julaften har Russland igjen gjennomf\u00f8rt et massivt angrep mot Ukrainas&hellip;\n","protected":false},"author":2,"featured_media":121443,"comment_status":"","ping_status":"","sticky":false,"template":"","format":"standard","meta":{"footnotes":""},"categories":[12],"tags":[20,21,24,25,15,22,23,13,30,28,29,14,16,3603,188,26,27,2002,42,488,43,44,45],"class_list":{"0":"post-121442","1":"post","2":"type-post","3":"status-publish","4":"format-standard","5":"has-post-thumbnail","7":"category-verden","8":"tag-breaking-news","9":"tag-breakingnews","10":"tag-featured-news","11":"tag-featurednews","12":"tag-headlines","13":"tag-latest-news","14":"tag-latestnews","15":"tag-news","16":"tag-no","17":"tag-norge","18":"tag-norway","19":"tag-nyheter","20":"tag-overskrifter","21":"tag-polen","22":"tag-russland","23":"tag-top-stories","24":"tag-topstories","25":"tag-ukraina-krigen","26":"tag-verden","27":"tag-volodymyr-zelenskyj","28":"tag-world","29":"tag-world-news","30":"tag-worldnews"},"share_on_mastodon":{"url":"https:\/\/pubeurope.com\/@no\/115779313770153743","error":""},"_links":{"self":[{"href":"https:\/\/www.europesays.com\/no\/wp-json\/wp\/v2\/posts\/121442","targetHints":{"allow":["GET"]}}],"collection":[{"href":"https:\/\/www.europesays.com\/no\/wp-json\/wp\/v2\/posts"}],"about":[{"href":"https:\/\/www.europesays.com\/no\/wp-json\/wp\/v2\/types\/post"}],"author":[{"embeddable":true,"href":"https:\/\/www.europesays.com\/no\/wp-json\/wp\/v2\/users\/2"}],"replies":[{"embeddable":true,"href":"https:\/\/www.europesays.com\/no\/wp-json\/wp\/v2\/comments?post=121442"}],"version-history":[{"count":0,"href":"https:\/\/www.europesays.com\/no\/wp-json\/wp\/v2\/posts\/121442\/revisions"}],"wp:featuredmedia":[{"embeddable":true,"href":"https:\/\/www.europesays.com\/no\/wp-json\/wp\/v2\/media\/121443"}],"wp:attachment":[{"href":"https:\/\/www.europesays.com\/no\/wp-json\/wp\/v2\/media?parent=121442"}],"wp:term":[{"taxonomy":"category","embeddable":true,"href":"https:\/\/www.europesays.com\/no\/wp-json\/wp\/v2\/categories?post=121442"},{"taxonomy":"post_tag","embeddable":true,"href":"https:\/\/www.europesays.com\/no\/wp-json\/wp\/v2\/tags?post=121442"}],"curies":[{"name":"wp","href":"https:\/\/api.w.org\/{rel}","templated":true}]}}