{"id":121450,"date":"2025-12-25T08:50:07","date_gmt":"2025-12-25T08:50:07","guid":{"rendered":"https:\/\/www.europesays.com\/no\/121450\/"},"modified":"2025-12-25T08:50:07","modified_gmt":"2025-12-25T08:50:07","slug":"premier-league-rykter-liverpool-torsdagens-premier-league-rykter-2","status":"publish","type":"post","link":"https:\/\/www.europesays.com\/no\/121450\/","title":{"rendered":"Premier League-rykter, Liverpool | Torsdagens Premier League-rykter"},"content":{"rendered":"\n<p><b>Barcelona<\/b> skal ha m\u00f8tt representanter for forsvarsspiller <b>Marc Guehi<\/b> fra <b>Crystal Palace<\/b>, men senere har interessen for spilleren kj\u00f8lnet p\u00e5 grunn av 25-\u00e5ringens \u00f8konomiske krav, hevder Mundo Deportivo. Guehi er p\u00e5 utg\u00e5ende kontrakt.<\/p>\n<p>Den engelske angrepsspilleren <b>Marcus Rashford<\/b> sier hans store m\u00e5l i livet er \u00e5 f\u00e5 bli v\u00e6rende i <b>Barcelona<\/b>, ogs\u00e5 etter at l\u00e5neperioden fra <b>Manchester United<\/b> er utl\u00f8pt \u2013 alts\u00e5 at katalanerne kj\u00f8per ham permanent, skriver The Mirror.<\/p>\n<p><b>Les ogs\u00e5: <a href=\"https:\/\/www.nettavisen.no\/sport\/united-sjefen-med-kryptisk-utspill-om-bruno-fernandes\/s\/5-95-2796374\" rel=\"Follow nofollow noopener\" target=\"_blank\">United-sjefen med kryptisk beskjed om Fernandes <\/a><\/b><\/p>\n<p><b>Crystal Palace<\/b> seiler opp som en ny kandidat i dragkampen om <b>Wolves<\/b>-spiss <b>J\u00f8rgen Strand Larsen<\/b>, if\u00f8lge <b>Telegraph<\/b>. Nylig ble det ogs\u00e5 meldt at <b>West Ham<\/b> vurderer \u00e5 sikre seg underskriften til nordmannen.<\/p>\n<p>Ettertraktede <b>Antoine Semenyo<\/b> \u00f8nsker \u00e5 dra til <b>Manchester City<\/b>, noe som igjen har gjort at <b>Liverpool<\/b> n\u00e5 i stedet fokuserer p\u00e5 en potensiell overgang for <b>PSG<\/b>-profilen <b>Bradley Barcola<\/b>, hevder nettstedet Caught Offside. <\/p>\n<p>Kamerun-keeper <b>Andr\u00e9 Onana<\/b> er utl\u00e5nt fra <b>Manchester United<\/b> til tyrkiske <b>Trabzonspor<\/b> og sier at han for tiden er inne i sin beste periode i livet, skriver Goal. Onana er aktuell i Afrikamesterskapet i disse dager.<\/p>\n<p><b>Barcelona<\/b> \u00f8nsker angivelig flere fotballsparkere p\u00e5 laget sitt og vurderer derfor \u00e5 signere den lovende vingen <b>Ajay Tavares<\/b> fra <b>Norwich<\/b> i England, melder Mundo Deportivo. Han fyller for \u00f8vrig 16 \u00e5r n\u00e5 i romjula.<\/p>\n<p><b>Les ogs\u00e5:<a href=\"https:\/\/www.nettavisen.no\/sport\/viaplay-med-ny-pris-beskjed\/s\/5-95-2796075\" rel=\"Follow nofollow noopener\" target=\"_blank\"> Viaplay med ny prisbeskjed <\/a><\/b><\/p>\n<p>B\u00e5de <b>Bournemouth<\/b> og <b>Chelsea<\/b> kobles med den 25 \u00e5r gamle keeperen <b>Mario Gila<\/b> fra <b>Lazio<\/b>, if\u00f8lge Il Messaggero.<\/p>\n<p><b>West Hams<\/b> 19 \u00e5r gamle ving <b>Luis Guilherme<\/b> er angivelig p\u00e5 radaren til <b>Sporting<\/b> i Portugal. De \u00f8nsker \u00e5 sikre seg brasilianeren p\u00e5 l\u00e5n, med en opsjon p\u00e5 permanent kj\u00f8p, mener Maisfutebol \u00e5 vite.<\/p>\n<p><b>Aston Villa<\/b> flyr h\u00f8yt i Premier League, men manager <b>Unai Emery<\/b> venter et sv\u00e6rt rolig januarvindu for klubben, hovedsakelig p\u00e5 grunn av ligaens strenge regler til \u00f8konomisk styring, rapporterer GiveMeSport.<\/p>\n","protected":false},"excerpt":{"rendered":"Barcelona skal ha m\u00f8tt representanter for forsvarsspiller Marc Guehi fra Crystal Palace, men senere har interessen for spilleren&hellip;\n","protected":false},"author":2,"featured_media":121451,"comment_status":"","ping_status":"","sticky":false,"template":"","format":"standard","meta":{"footnotes":""},"categories":[59],"tags":[30,28,29,83,82],"class_list":{"0":"post-121450","1":"post","2":"type-post","3":"status-publish","4":"format-standard","5":"has-post-thumbnail","7":"category-sport","8":"tag-no","9":"tag-norge","10":"tag-norway","11":"tag-sport","12":"tag-sports"},"share_on_mastodon":{"url":"https:\/\/pubeurope.com\/@no\/115779352829332128","error":""},"_links":{"self":[{"href":"https:\/\/www.europesays.com\/no\/wp-json\/wp\/v2\/posts\/121450","targetHints":{"allow":["GET"]}}],"collection":[{"href":"https:\/\/www.europesays.com\/no\/wp-json\/wp\/v2\/posts"}],"about":[{"href":"https:\/\/www.europesays.com\/no\/wp-json\/wp\/v2\/types\/post"}],"author":[{"embeddable":true,"href":"https:\/\/www.europesays.com\/no\/wp-json\/wp\/v2\/users\/2"}],"replies":[{"embeddable":true,"href":"https:\/\/www.europesays.com\/no\/wp-json\/wp\/v2\/comments?post=121450"}],"version-history":[{"count":0,"href":"https:\/\/www.europesays.com\/no\/wp-json\/wp\/v2\/posts\/121450\/revisions"}],"wp:featuredmedia":[{"embeddable":true,"href":"https:\/\/www.europesays.com\/no\/wp-json\/wp\/v2\/media\/121451"}],"wp:attachment":[{"href":"https:\/\/www.europesays.com\/no\/wp-json\/wp\/v2\/media?parent=121450"}],"wp:term":[{"taxonomy":"category","embeddable":true,"href":"https:\/\/www.europesays.com\/no\/wp-json\/wp\/v2\/categories?post=121450"},{"taxonomy":"post_tag","embeddable":true,"href":"https:\/\/www.europesays.com\/no\/wp-json\/wp\/v2\/tags?post=121450"}],"curies":[{"name":"wp","href":"https:\/\/api.w.org\/{rel}","templated":true}]}}