{"id":121456,"date":"2025-12-25T09:02:09","date_gmt":"2025-12-25T09:02:09","guid":{"rendered":"https:\/\/www.europesays.com\/no\/121456\/"},"modified":"2025-12-25T09:02:09","modified_gmt":"2025-12-25T09:02:09","slug":"redningsaksjon-bat-reddet-lasteskip-med-sju-mann-de-hadde-flaks","status":"publish","type":"post","link":"https:\/\/www.europesays.com\/no\/121456\/","title":{"rendered":"Redningsaksjon, B\u00e5t | Reddet lasteskip med sju mann: \u2013 De hadde flaks"},"content":{"rendered":"\n<p>Lasteskipet \u00abTorvind\u00bb fikk problemer p\u00e5 sj\u00f8en ved Grip natt til torsdag, f\u00f8rste juledag.<\/p>\n<p>\u2013 Det har v\u00e6rt en fantastisk redningsaksjon, forteller Marius Ibs \u00d8ien-Hansen i brannvesenet i Kristiansund klokken 02.30.<\/p>\n<p><b>If\u00f8lge \u00d8ien-Hansen var det like f\u00f8r det ble katastrofalt da skipet sto i fare for \u00e5 g\u00e5 p\u00e5 grunn.<\/b><\/p>\n<p>\u2013 Brannvesenets operasjonssentral og innsatsleder var informert, men vi hadde en ubetydelig rolle. Det er Redningssk\u00f8yta som er heltene her, sier \u00d8ien-Hansen.<\/p>\n<p>N\u00e6re p\u00e5<\/p>\n<p>Skipsf\u00f8rer Ole Aandahl-Karlsen p\u00e5 Redningssk\u00f8yta Hans Herman Horn bekrefter at det holdt p\u00e5 \u00e5 g\u00e5 galt.<\/p>\n<p>\u2013 De hadde flaks, sier Aandal-Karlsen.<\/p>\n<p>For med blackout var b\u00e5de \u00abTorvind\u00bb og de sju mann om bord omtrent tom for alternativer i det d\u00e5rlige v\u00e6ret.<\/p>\n<p>\u2013 Det var n\u00e6re p\u00e5 at de gikk p\u00e5 et skj\u00e6r. De var forberedt p\u00e5 \u00e5 slippe anker, og det var noen fors\u00f8k med kast av slepelinja f\u00f8r de fikk tak i den. Det gikk akkurat, sier Aandahl-Karlsen.<\/p>\n<p>   <img decoding=\"async\" width=\"1617\" height=\"1192\" fetchpriority=\"low\"  loading=\"lazy\"  src=\"https:\/\/www.europesays.com\/no\/wp-content\/uploads\/2025\/12\/N+blir+denne+skyta+stasjonert+i+Svolvr.bin\" alt=\"\" class=\"brick-c-cFOWSL\" style=\"--brick-image-ratio: 1617 \/ 1192;\"\/><\/p>\n<p>      \u00abHans Herman Horn\u00bb hjalp havaristen \u00abTorvind\u00bb.<br \/>\n      Foto: Privat\n    <\/p>\n<p>  Fulgte med<\/p>\n<p>Redningssk\u00f8yta Hans Herman Horn var allerede stand by, etter \u00f8nske fra Hovedredningssentralen nord, og fulgte med \u00abTorvind\u00bb da den kom inn i deres operasjonsradius. B\u00e5ten hadde problemer ogs\u00e5 p\u00e5 julaften.<\/p>\n<p>\u2013 De har hatt problemer en stund. F\u00f8rst med roret, men det fikk de i orden. Vi fulgte med de og s\u00e5 at de ikke fikk kontroll etter en blackout. Da var det bare \u00e5 hive seg rundt, sier Aandahl-Karlsen.<\/p>\n<p>Redningssk\u00f8yta \u00abHans Herman Horn\u00bb gikk ut fra havn i Kristiansund og bisto skipet.<\/p>\n<p>Ute p\u00e5 havet var det d\u00e5rlige forhold: Stiv og sterk s\u00f8rvest kuling og mye sj\u00f8.<\/p>\n<p>\u2013 Heldigvis var redningsaksjonen vellykket, sier Aandahl-Karlsen.<\/p>\n<p>Slept inn<\/p>\n<p>Taub\u00e5ten \u00abWaterlord\u00bb, Hovedredningsselskapet og redningshelikopter bisto ogs\u00e5 i aksjonen.<\/p>\n<p>Hovedredningssentralen har ikke v\u00e6rt tilgjengelig p\u00e5 telefonen for \u00e5 svare p\u00e5 sp\u00f8rsm\u00e5l om aksjonen.<\/p>\n<p>Like etter klokken 01.00 var skipene, if\u00f8lge data fra , p\u00e5 vei i samlet tropp tilbake til Kristiansund. Klokken 02.50 slepes \u00abTorvind\u00bb s\u00f8rover mellom Aver\u00f8y og Kristiansund av \u00abWaterlord\u00bb.<\/p>\n<p>\u00abTorvind\u00bb er et lasteskip som er bygget i Norge, som n\u00e5 segler under tanzaniansk flagg. B\u00e5ten er rundt 60 meter lang, if\u00f8lge Marine Traffic.<\/p>\n<p><b>Har du tips i denne saken? Kontakt oss p\u00e5 redaksjonen@tk.no eller ring 06501.<\/b><\/p>\n","protected":false},"excerpt":{"rendered":"Lasteskipet \u00abTorvind\u00bb fikk problemer p\u00e5 sj\u00f8en ved Grip natt til torsdag, f\u00f8rste juledag. \u2013 Det har v\u00e6rt en&hellip;\n","protected":false},"author":2,"featured_media":121457,"comment_status":"","ping_status":"","sticky":false,"template":"","format":"standard","meta":{"footnotes":"","_share_on_mastodon":"0"},"categories":[10],"tags":[36,903,20,21,24,25,14429,15,3422,298,22,23,13,30,28,29,14,16,111,5964,1510,26,27],"class_list":["post-121456","post","type-post","status-publish","format-standard","has-post-thumbnail","category-norge","tag-art","tag-bat","tag-breaking-news","tag-breakingnews","tag-featured-news","tag-featurednews","tag-grip","tag-headlines","tag-hrs","tag-kristiansund","tag-latest-news","tag-latestnews","tag-news","tag-no","tag-norge","tag-norway","tag-nyheter","tag-overskrifter","tag-redningsaksjon","tag-redningsselskapet","tag-story","tag-top-stories","tag-topstories"],"share_on_mastodon":{"url":"https:\/\/pubeurope.com\/@no\/115779400206617022","error":""},"_links":{"self":[{"href":"https:\/\/www.europesays.com\/no\/wp-json\/wp\/v2\/posts\/121456","targetHints":{"allow":["GET"]}}],"collection":[{"href":"https:\/\/www.europesays.com\/no\/wp-json\/wp\/v2\/posts"}],"about":[{"href":"https:\/\/www.europesays.com\/no\/wp-json\/wp\/v2\/types\/post"}],"author":[{"embeddable":true,"href":"https:\/\/www.europesays.com\/no\/wp-json\/wp\/v2\/users\/2"}],"replies":[{"embeddable":true,"href":"https:\/\/www.europesays.com\/no\/wp-json\/wp\/v2\/comments?post=121456"}],"version-history":[{"count":0,"href":"https:\/\/www.europesays.com\/no\/wp-json\/wp\/v2\/posts\/121456\/revisions"}],"wp:featuredmedia":[{"embeddable":true,"href":"https:\/\/www.europesays.com\/no\/wp-json\/wp\/v2\/media\/121457"}],"wp:attachment":[{"href":"https:\/\/www.europesays.com\/no\/wp-json\/wp\/v2\/media?parent=121456"}],"wp:term":[{"taxonomy":"category","embeddable":true,"href":"https:\/\/www.europesays.com\/no\/wp-json\/wp\/v2\/categories?post=121456"},{"taxonomy":"post_tag","embeddable":true,"href":"https:\/\/www.europesays.com\/no\/wp-json\/wp\/v2\/tags?post=121456"}],"curies":[{"name":"wp","href":"https:\/\/api.w.org\/{rel}","templated":true}]}}