{"id":121458,"date":"2025-12-25T09:04:34","date_gmt":"2025-12-25T09:04:34","guid":{"rendered":"https:\/\/www.europesays.com\/no\/121458\/"},"modified":"2025-12-25T09:04:34","modified_gmt":"2025-12-25T09:04:34","slug":"akkurat-na-har-jeg-det-vondt","status":"publish","type":"post","link":"https:\/\/www.europesays.com\/no\/121458\/","title":{"rendered":"\u2013 Akkurat n\u00e5 har jeg det vondt"},"content":{"rendered":"<p class=\"kicker text-red color_mobile_text-red\" style=\"\">Bryter tausheten:<\/p>\n<p>  Tennisstjernen Carlos Alcaraz og trener Juan Carlos Ferrero sjokkerte mange ved \u00e5 g\u00e5 hver til sitt nylig. N\u00e5 r\u00f8per Ferrero litt om hva som l\u00e5 bak.<\/p>\n<p>\n    Carlos Alcaraz og Juan Carlos Ferrero har g\u00e5tt hver til sitt. Foto: Thibault Camus \/ AP \/ NTB\n  <\/p>\n<p>Stjernetreneren har hatt ansvaret for det sportslige opplegget rundt Alcaraz siden tennisprofilen var 15 \u00e5r og guidet ham blant annet til seks Grand Slam-titler.<\/p>\n<p>Det har v\u00e6rt mange spekulasjoner om \u00e5rsaken til forrige ukes br\u00e5 brudd. N\u00e5 avsl\u00f8rer Ferraro i et intervju med Marca at en kontraktsstrid dannet grunnlaget.<\/p>\n<p>\u2013 Det var visse problemer som begge parter var uenige om. De kunne kanskje ha blitt l\u00f8st hvis vi hadde satt oss ned for \u00e5 snakke sammen, men til slutt gjorde vi ikke det, og dermed bestemte vi oss for ikke \u00e5 fortsette sammen, sier han.<\/p>\n<p>Ferrero benekter samtidig at tvisten er av \u00f8konomisk art.<\/p>\n<p>Trenerprofilen r\u00f8per samtidig at han allerede har mottatt nye jobbtilbud, men at han \u00f8nsker seg en pause.<\/p>\n<p>\u2013 Akkurat n\u00e5 har jeg det vondt. Denne typen forhold er vanskelige \u00e5 avslutte over natten. Og det m\u00e5 v\u00e6re en sorgperiode. Jeg \u00f8nsker Carlos alt godt, sier Ferrero.<\/p>\n","protected":false},"excerpt":{"rendered":"Bryter tausheten: Tennisstjernen Carlos Alcaraz og trener Juan Carlos Ferrero sjokkerte mange ved \u00e5 g\u00e5 hver til sitt&hellip;\n","protected":false},"author":2,"featured_media":121459,"comment_status":"","ping_status":"","sticky":false,"template":"","format":"standard","meta":{"footnotes":""},"categories":[59],"tags":[2186,30,28,29,14,83,82,909],"class_list":{"0":"post-121458","1":"post","2":"type-post","3":"status-publish","4":"format-standard","5":"has-post-thumbnail","7":"category-sport","8":"tag-carlos-alcaraz","9":"tag-no","10":"tag-norge","11":"tag-norway","12":"tag-nyheter","13":"tag-sport","14":"tag-sports","15":"tag-tennis"},"share_on_mastodon":{"url":"https:\/\/pubeurope.com\/@no\/115779407919983568","error":""},"_links":{"self":[{"href":"https:\/\/www.europesays.com\/no\/wp-json\/wp\/v2\/posts\/121458","targetHints":{"allow":["GET"]}}],"collection":[{"href":"https:\/\/www.europesays.com\/no\/wp-json\/wp\/v2\/posts"}],"about":[{"href":"https:\/\/www.europesays.com\/no\/wp-json\/wp\/v2\/types\/post"}],"author":[{"embeddable":true,"href":"https:\/\/www.europesays.com\/no\/wp-json\/wp\/v2\/users\/2"}],"replies":[{"embeddable":true,"href":"https:\/\/www.europesays.com\/no\/wp-json\/wp\/v2\/comments?post=121458"}],"version-history":[{"count":0,"href":"https:\/\/www.europesays.com\/no\/wp-json\/wp\/v2\/posts\/121458\/revisions"}],"wp:featuredmedia":[{"embeddable":true,"href":"https:\/\/www.europesays.com\/no\/wp-json\/wp\/v2\/media\/121459"}],"wp:attachment":[{"href":"https:\/\/www.europesays.com\/no\/wp-json\/wp\/v2\/media?parent=121458"}],"wp:term":[{"taxonomy":"category","embeddable":true,"href":"https:\/\/www.europesays.com\/no\/wp-json\/wp\/v2\/categories?post=121458"},{"taxonomy":"post_tag","embeddable":true,"href":"https:\/\/www.europesays.com\/no\/wp-json\/wp\/v2\/tags?post=121458"}],"curies":[{"name":"wp","href":"https:\/\/api.w.org\/{rel}","templated":true}]}}