{"id":121468,"date":"2025-12-25T09:36:34","date_gmt":"2025-12-25T09:36:34","guid":{"rendered":"https:\/\/www.europesays.com\/no\/121468\/"},"modified":"2025-12-25T09:36:34","modified_gmt":"2025-12-25T09:36:34","slug":"maja-kvilekval-fra-a-laget-soker-kjaerligheten","status":"publish","type":"post","link":"https:\/\/www.europesays.com\/no\/121468\/","title":{"rendered":"Maja Kvilekval fra \u00abA-laget\u00bb s\u00f8ker kj\u00e6rligheten"},"content":{"rendered":"<p>I to sesonger har norske kjendiser blottlagt seg selv p\u00e5 NRK, om b\u00e5de det gode og vonde i livet, overfor en gruppe helt spesielle reportere.\u00a0<\/p>\n<p>\u00abA-laget\u00bb best\u00e5r nemlig av reportere med ulike funksjonsvariasjoner &#8211; og en av dem som har gjort jobben p\u00e5 mesterlig vis er Maja Kvilekval (25) fra Asker.<\/p>\n<p>    <a itemprop=\"url\" href=\"https:\/\/www.seher.no\/kjendis\/nrk-avkrefter-pizza-rykter\/83836232\" rel=\"nofollow noopener\" target=\"_blank\"><\/p>\n<p>        <img loading=\"lazy\" decoding=\"async\" src=\"https:\/\/www.europesays.com\/no\/wp-content\/uploads\/2025\/12\/83836224.webp\" width=\"980\" height=\"667\" title=\"NRK avkrefter pizza-rykter\" alt=\"\" class=\"lazyload\" style=\"--aspect-ratio-image: 1.47; \"\/><\/p>\n<p>        NRK avkrefter pizza-rykter<\/p>\n<p>    <\/a><\/p>\n<p>Se og H\u00f8r treffer den sjarmerende jenta hjemme i leiligheten hennes, og det tar ikke lang tid f\u00f8r hun byr p\u00e5 forfriskninger.<\/p>\n<p>&#8211; Vil dere ha kaffe eller te? sp\u00f8r hun h\u00f8flig.<\/p>\n<p>        <img loading=\"lazy\" decoding=\"async\" src=\"https:\/\/www.europesays.com\/no\/wp-content\/uploads\/2025\/12\/83993922.webp\" width=\"667\" height=\"681\" title=\"BAMSEGLAD: - Jeg er en samler, sier Maja,&#10;og setter seg med bamsene i sofaen. Denne heter&#10;Stitch, og er fra Disney-filmen \u00abLilo og Stitch\u00bb. Foto: Shad Madian \/ Se og H\u00f8r\" alt=\"\" class=\"\" style=\"--aspect-ratio-image: 0.98; \"\/><\/p>\n<p>\n        BAMSEGLAD: &#8211; Jeg er en samler, sier Maja,<br \/>\nog setter seg med bamsene i sofaen. Denne heter<br \/>\nStitch, og er fra Disney-filmen \u00abLilo og Stitch\u00bb. Foto: Shad Madian \/ Se og H\u00f8r\n    <\/p>\n<p>En samler\u00a0\t<\/p>\n<p>Det blir fort tydelig at Maja er en livsglad jente.\u00a0<\/p>\n<p>Leiligheten er full av ting som 25-\u00e5ringen er glad i, og representerer personen hun er. Fra de rosa veggene p\u00e5 soverommet, bamsesamlingen i sofaen til skrekkfilmene i hylla. Det er mange nyanser i Maja. <\/p>\n<p>        <img loading=\"lazy\" decoding=\"async\" src=\"https:\/\/www.europesays.com\/no\/wp-content\/uploads\/2025\/12\/83993929.webp\" width=\"667\" height=\"381\" title=\"MED P\u00c5 \u00abA-LAGET\u00bb:&#10;Maja syns det var skikkelig stas&#10;\u00e5 treffe Sophie Elise Isachsen&#10;(30). Men dr\u00f8mmegjesten er&#10;artisten Andreas Haukeland&#10;(32), bedre kjent som TIX! Foto: NRK\" alt=\"\" class=\"\" style=\"--aspect-ratio-image: 1.75; \"\/><\/p>\n<p>\n        MED P\u00c5 \u00abA-LAGET\u00bb:<br \/>\nMaja syns det var skikkelig stas<br \/>\n\u00e5 treffe Sophie Elise Isachsen<br \/>\n(30). Men dr\u00f8mmegjesten er<br \/>\nartisten Andreas Haukeland<br \/>\n(32), bedre kjent som TIX! Foto: NRK\n    <\/p>\n<p>&#8211; Jeg liker litt forskjellige ting. Jeg liker Tusenfryd, jeg liker \u00e5 reise, og n\u00e5 kunne jeg egentlig tenke meg \u00e5 dra p\u00e5 tegnekurs, forteller hun.<\/p>\n<p>Hun vil bli flinkere p\u00e5 \u00e5 tegne mennesker, og forteller at hun \u00f8ver litt p\u00e5 fritiden. <\/p>\n<p>        AVSL\u00d8RER: Henriette Steenstrup setter ut reporterne i \u00abA-laget\u00bb med en historie fra barndommen. Video: NRK \/ R\u00f8d L\u00f8per<\/p>\n<p>&#8211; Men det ser ikke ut til \u00e5 bli helt riktig, sier hun med et smil.<\/p>\n<p>Det som derimot blir riktig, er Majas m\u00f8ter med mennesker. Denne sesongen av \u00abA-laget\u00bb har hun f\u00e5tt mye sendetid, og har sjarmert b\u00e5de gjester og TV-seere i senk. Da Maja fikk foresp\u00f8rselen om \u00e5 v\u00e6re med var det ingen tvil \u2013 hun syns det h\u00f8rtes g\u00f8y ut, og trives i rollen som reporter.<\/p>\n<p>Det var gjennom Dissimilis, organiasjonen som jobber for \u00e5 tilby kulturaktiviteter for mennesker med utviklingshemming og funksjonsnedsettelser, at prosjektet ble presentert for henne. <\/p>\n<p>    <a itemprop=\"url\" href=\"https:\/\/www.seher.no\/kjendis\/fikk-sjokkbeskjeden-ved-middagsbordet\/83782438\" rel=\"nofollow noopener\" target=\"_blank\"><\/p>\n<p>        <img loading=\"lazy\" decoding=\"async\" src=\"https:\/\/www.europesays.com\/no\/wp-content\/uploads\/2025\/12\/83779788.webp\" width=\"147\" height=\"98\" title=\"Fikk sjokkbeskjeden ved middagsbordet\" alt=\"\" class=\"lazyload\" style=\"--aspect-ratio-image: 1.50; \"\/><\/p>\n<p>        Fikk sjokkbeskjeden ved middagsbordet<\/p>\n<p>    <\/a><\/p>\n<p class=\"font-weight-bold m-font-weight-bold\" data-lab-font_weight=\"font-weight-bold\">&#8211; Vi har m\u00f8ter p\u00e5 Dissimilis-huset, og deler oss opp i forskjellige grupper. Der forteller vi om ting vi selv har opplevd, og former det om til sp\u00f8rsm\u00e5l.<\/p>\n<p>P\u00e5 den m\u00e5ten \u00e5pner reportene seg ogs\u00e5 opp om egne utfordringer. <\/p>\n<p>        OVERRASKER: Norges rikeste, Gustav Witz\u00f8e, gjester \u00abA-laget\u00bb, og overrasker reporterne med en intim sp\u00f8k. Video: NRK TV\/ R\u00f8d L\u00f8per<\/p>\n<p>Slutt med kj\u00e6resten\u00a0\t<\/p>\n<p>&#8211; Hvordan har det v\u00e6rt? <\/p>\n<p>&#8211; Det f\u00f8les jo egentlig deilig. Da f\u00e5r jeg i hvert fall delt det jeg har p\u00e5 hjertet, forklarer Maja. Det tror hun kanskje kan v\u00e6re fint for andre \u00e5 se. <\/p>\n<p class=\"font-weight-bold m-font-weight-bold\" data-lab-font_weight=\"font-weight-bold\">&#8211; Jeg kan jo si noe n\u00e5, men jeg vet ikke helt hvordan jeg skal ta det opp \u2026 Men jeg har ikke noen kj\u00e6reste lenger, forklarer Maja.<\/p>\n<p>        <img loading=\"lazy\" decoding=\"async\" src=\"https:\/\/www.europesays.com\/no\/wp-content\/uploads\/2025\/12\/83993926.webp\" width=\"667\" height=\"507\" title=\"SKREKKFILMER: Maja har flere forskjellige skrekkfilmer i samlingen sin. \u00abIt\u00bb er blant favorittene, og hun har&#10;nettopp begynt p\u00e5 serien \u00abWelcome to Derry\u00bb, som handler&#10;om det samme. - Den anbefaler jeg, sier hun. Foto: Shad Madian \/ Se og H\u00f8r\" alt=\"\" class=\"\" style=\"--aspect-ratio-image: 1.32; \"\/><\/p>\n<p>\n        SKREKKFILMER: Maja har flere forskjellige skrekkfilmer i samlingen sin. \u00abIt\u00bb er blant favorittene, og hun har<br \/>\nnettopp begynt p\u00e5 serien \u00abWelcome to Derry\u00bb, som handler<br \/>\nom det samme. &#8211; Den anbefaler jeg, sier hun. Foto: Shad Madian \/ Se og H\u00f8r\n    <\/p>\n<p>I den f\u00f8rste sesongen fortalte hun nemlig om kj\u00e6resten \u2013 men n\u00e5 er det slutt. Hun forteller at det var hennes valg \u00e5 avslutte forholdet, som varte fra 2024 til 2025.<\/p>\n<p>En del av henne er glad for bruddet, mens den andre delen savner et forhold. Maja har ikke gitt opp. Til tross for at det ikke fungerte med eksen ser hun for seg \u00e5 dele livet med noen. <\/p>\n<p>    <a itemprop=\"url\" href=\"https:\/\/www.seher.no\/kjendis\/full-av-skam\/83722946\" rel=\"nofollow noopener\" target=\"_blank\"><\/p>\n<p>        <img loading=\"lazy\" decoding=\"async\" src=\"https:\/\/www.europesays.com\/no\/wp-content\/uploads\/2025\/12\/83723051.webp\" width=\"147\" height=\"98\" title=\"- Full av skam\" alt=\"\" class=\"lazyload\" style=\"--aspect-ratio-image: 1.50; \"\/><\/p>\n<p>        &#8211; Full av skam<\/p>\n<p>    <\/a><\/p>\n<p class=\"font-weight-bold m-font-weight-bold\" data-lab-font_weight=\"font-weight-bold\">&#8211; N\u00e5 venter jeg p\u00e5 at skjebnen kommer med den rette. <\/p>\n<p>&#8211; Hva ser du etter da? <\/p>\n<p>&#8211; Jeg har en lang liste av hva jeg ser etter i en kj\u00e6reste.<\/p>\n<p>        <img loading=\"lazy\" decoding=\"async\" src=\"https:\/\/www.europesays.com\/no\/wp-content\/uploads\/2025\/12\/83993923.webp\" width=\"559\" height=\"537\" title=\"G\u00d8YAL: Majas mikrofon er helt&#10;spesiell, og kan forvrenge stemmen p\u00e5&#10;flere m\u00e5ter. - Man kan f\u00e5 baby-stemme,&#10;ungdoms-stemme og voksen-stemme! Foto: Shad Madian \/ Se og H\u00f8r\" alt=\"\" class=\"\" style=\"--aspect-ratio-image: 1.04; \"\/><\/p>\n<p>\n        G\u00d8YAL: Majas mikrofon er helt<br \/>\nspesiell, og kan forvrenge stemmen p\u00e5<br \/>\nflere m\u00e5ter. &#8211; Man kan f\u00e5 baby-stemme,<br \/>\nungdoms-stemme og voksen-stemme! Foto: Shad Madian \/ Se og H\u00f8r\n    <\/p>\n<p>Maja finner frem mobilen sin \u2013 der har hun skrevet ned alt, og forteller gjerne; <\/p>\n<p>&#8211; En som liker skrekkfilmer. Kanskje en kunstner eller animat\u00f8r, som kan l\u00e6re meg \u00e5 tegne bedre, eller lage en tegneserie med meg. Han m\u00e5 v\u00e6re \u00e5pen, kul, en slags snill bad boy \u2013 han m\u00e5 like \u00e5 g\u00e5 i svarte kl\u00e6r.<\/p>\n<p>        \u00abA-LAGET\u00bb: Chirag Patel \u00e5pnet seg om kj\u00e6rligheten da han gjestet NRK-programmet. Video: \u00abA-laget\u00bb\/NRK<\/p>\n<p>En som lytter\u00a0\t<\/p>\n<p>Maja er helt klar p\u00e5 at en fremtidig kj\u00e6reste ogs\u00e5 m\u00e5 v\u00e6re besluttsom, n\u00e5r det for eksempel kommer til middager. Hun sier ogs\u00e5 at det ville v\u00e6re en bonus med en kj\u00e6reste som er glad i \u00e5 lage lister, s\u00e5nn som hun er. <\/p>\n<p class=\"font-weight-bold m-font-weight-bold\" data-lab-font_weight=\"font-weight-bold\">&#8211; Vi kunne laget liste over godterier vi liker, s\u00e5 kan vi kj\u00f8pe inn det og kose oss. S\u00e5 m\u00e5 han v\u00e6re en god lytter. T\u00e5lmodig. Snill, fortsetter Maja.<\/p>\n<p>        <img loading=\"lazy\" decoding=\"async\" src=\"https:\/\/www.europesays.com\/no\/wp-content\/uploads\/2025\/12\/83993927.webp\" width=\"686\" height=\"1002\" title=\"MAMMA: 25-\u00e5ringen mistet moren Lena&#10;for 20 \u00e5r siden, men husker henne godt. Foto: Privat\" alt=\"\" class=\"\" style=\"--aspect-ratio-image: 0.68; \"\/><\/p>\n<p>\n        MAMMA: 25-\u00e5ringen mistet moren Lena<br \/>\nfor 20 \u00e5r siden, men husker henne godt. Foto: Privat\n    <\/p>\n<p>Det er ingen tvil om at hun gjerne tilbringer tid sammen med dem hun er glad i \u2013 om det er en fremtidig kj\u00e6reste, venner eller familien sin.<\/p>\n<p>    <a itemprop=\"url\" href=\"https:\/\/www.seher.no\/kjendis\/hun-sjekket-opp-meg\/83659791\" rel=\"nofollow noopener\" target=\"_blank\"><\/p>\n<p>        <img loading=\"lazy\" decoding=\"async\" src=\"https:\/\/www.europesays.com\/no\/wp-content\/uploads\/2025\/12\/83659874.webp\" width=\"147\" height=\"98\" title=\"- Hun sjekket opp meg\" alt=\"\" class=\"lazyload\" style=\"--aspect-ratio-image: 1.50; \"\/><\/p>\n<p>        &#8211; Hun sjekket opp meg<\/p>\n<p>    <\/a><\/p>\n<p>Det har seg nemlig slik at familien til Maja betyr ekstra mye for henne.<\/p>\n<p class=\"font-weight-bold m-font-weight-bold\" data-lab-font_weight=\"font-weight-bold\">&#8211; Jeg elsker familien min, sier hun, og vil gjerne fortelle om dem. <\/p>\n<p>&#8211; Pappa er veldig snill, hyggelig og grei.<\/p>\n<p>        <img loading=\"lazy\" decoding=\"async\" src=\"https:\/\/www.europesays.com\/no\/wp-content\/uploads\/2025\/12\/83993928.webp\" width=\"667\" height=\"667\" title=\"APPA: Pappa Nils Arne har st\u00e5tt&#10;fjellst\u00f8tt ved Majas side hele hennes&#10;liv. De har et tett og n\u00e6rt b\u00e5nd. Foto: Privat\" alt=\"\" class=\"\" style=\"--aspect-ratio-image: 1.00; \"\/><\/p>\n<p>\n        APPA: Pappa Nils Arne har st\u00e5tt<br \/>\nfjellst\u00f8tt ved Majas side hele hennes<br \/>\nliv. De har et tett og n\u00e6rt b\u00e5nd. Foto: Privat\n    <\/p>\n<p>Rett ved spisebordet i leiligheten har hun en hylle, med flere bilder av familien. Der er flere av dem Maja er glad i representert. Ogs\u00e5 moren Lena, som hun har v\u00e6rt \u00e5pen om at hun har mistet. <\/p>\n<p>&#8211; Hvor gammel var du da hun gikk bort? <\/p>\n<p>&#8211; Fem \u00e5r. Men jeg husker mamma. Vi har fortsatt filmer vi lagde fra da hun levde.<\/p>\n<p>        R\u00d8PER: Gjengen i \u00abA-laget\u00bb settes ut av hva Sophie Elise har i nattbordskuffen. Video: NRK TV\/ R\u00f8d L\u00f8per<\/p>\n<p>Kreativ sjel\u00a0\t<\/p>\n<p>I \u00abA-laget\u00bb nevnte Maja en oppfinnelse, som vil gj\u00f8re det mulig \u00e5 sende mennesker inn i serier, filmer og videoer. Dette nettopp for \u00e5 kunne bes\u00f8ke moren sin, gjerne sammen med tantebarna sine. <\/p>\n<p class=\"font-weight-bold m-font-weight-bold\" data-lab-font_weight=\"font-weight-bold\">&#8211; Men det er ogs\u00e5 s\u00e5 jeg kan r\u00f8mme fra virkeligheten noen ganger. F\u00e5 litt pause, smiler hun.<\/p>\n<p>        <img loading=\"lazy\" decoding=\"async\" src=\"https:\/\/www.europesays.com\/no\/wp-content\/uploads\/2025\/12\/83993925.webp\" width=\"667\" height=\"461\" title=\"DR\u00d8MMEKJOLEN: Moren og faren til Maja var gift f\u00f8r f\u00f8rstnevnte&#10;gikk bort. N\u00e5 dr\u00f8mmer Maja om \u00e5 gifte seg i samme kjole som mamma. Foto: Shad Madian \/ Se og H\u00f8r\" alt=\"\" class=\"\" style=\"--aspect-ratio-image: 1.45; \"\/><\/p>\n<p>\n        DR\u00d8MMEKJOLEN: Moren og faren til Maja var gift f\u00f8r f\u00f8rstnevnte<br \/>\ngikk bort. N\u00e5 dr\u00f8mmer Maja om \u00e5 gifte seg i samme kjole som mamma. Foto: Shad Madian \/ Se og H\u00f8r\n    <\/p>\n<p>Maja har oppn\u00e5dd en hel del i l\u00f8pet av sitt 25 \u00e5r lange liv. Hun eier sin egen leilighet, jobber p\u00e5 to ulike arbeidssentre, og er aktiv i Dissimilis. Men hun har fremdeles ting hun dr\u00f8mmer om \u00e5 oppn\u00e5. <\/p>\n<p>&#8211; Jeg tenker at den dagen jeg gifter meg, s\u00e5 skal jeg ha p\u00e5 samme kjole som mamma hadde. Pappa har den fortsatt, sier hun.<\/p>\n<p>Den vil hun ha p\u00e5 for \u00e5 hedre moren sin \u2013 men ogs\u00e5 fordi hun syns den er s\u00e5 fin. Men f\u00f8rst m\u00e5 hun finne seg en kj\u00e6reste.<\/p>\n","protected":false},"excerpt":{"rendered":"I to sesonger har norske kjendiser blottlagt seg selv p\u00e5 NRK, om b\u00e5de det gode og vonde i&hellip;\n","protected":false},"author":2,"featured_media":121469,"comment_status":"","ping_status":"","sticky":false,"template":"","format":"standard","meta":{"footnotes":""},"categories":[58],"tags":[5368,4104,71,479,14430,30,28,29,787,72],"class_list":{"0":"post-121468","1":"post","2":"type-post","3":"status-publish","4":"format-standard","5":"has-post-thumbnail","7":"category-underholdning","8":"tag-a-laget","9":"tag-eksklusivt","10":"tag-entertainment","11":"tag-kjendis","12":"tag-maja-kvilekval","13":"tag-no","14":"tag-norge","15":"tag-norway","16":"tag-nrk","17":"tag-underholdning"},"share_on_mastodon":{"url":"https:\/\/pubeurope.com\/@no\/115779534895303390","error":""},"_links":{"self":[{"href":"https:\/\/www.europesays.com\/no\/wp-json\/wp\/v2\/posts\/121468","targetHints":{"allow":["GET"]}}],"collection":[{"href":"https:\/\/www.europesays.com\/no\/wp-json\/wp\/v2\/posts"}],"about":[{"href":"https:\/\/www.europesays.com\/no\/wp-json\/wp\/v2\/types\/post"}],"author":[{"embeddable":true,"href":"https:\/\/www.europesays.com\/no\/wp-json\/wp\/v2\/users\/2"}],"replies":[{"embeddable":true,"href":"https:\/\/www.europesays.com\/no\/wp-json\/wp\/v2\/comments?post=121468"}],"version-history":[{"count":0,"href":"https:\/\/www.europesays.com\/no\/wp-json\/wp\/v2\/posts\/121468\/revisions"}],"wp:featuredmedia":[{"embeddable":true,"href":"https:\/\/www.europesays.com\/no\/wp-json\/wp\/v2\/media\/121469"}],"wp:attachment":[{"href":"https:\/\/www.europesays.com\/no\/wp-json\/wp\/v2\/media?parent=121468"}],"wp:term":[{"taxonomy":"category","embeddable":true,"href":"https:\/\/www.europesays.com\/no\/wp-json\/wp\/v2\/categories?post=121468"},{"taxonomy":"post_tag","embeddable":true,"href":"https:\/\/www.europesays.com\/no\/wp-json\/wp\/v2\/tags?post=121468"}],"curies":[{"name":"wp","href":"https:\/\/api.w.org\/{rel}","templated":true}]}}