{"id":121472,"date":"2025-12-25T10:04:12","date_gmt":"2025-12-25T10:04:12","guid":{"rendered":"https:\/\/www.europesays.com\/no\/121472\/"},"modified":"2025-12-25T10:04:12","modified_gmt":"2025-12-25T10:04:12","slug":"minst-33-drapsofre-hadde-besoksforbud-mot-gjerningspersonen","status":"publish","type":"post","link":"https:\/\/www.europesays.com\/no\/121472\/","title":{"rendered":"Minst 33 drapsofre hadde bes\u00f8ksforbud mot gjerningspersonen"},"content":{"rendered":"\n<ul class=\"_list_o9xde_3 _list_64s2r_85 _unordered_o9xde_106 text-sans-m\">\n<li class=\"_item_o9xde_30\">Eksperter mener bes\u00f8ksforbud ikke gir tilstrekkelig beskyttelse mot vold og drap.<\/li>\n<li class=\"_item_o9xde_30\">Minst 34 personer med bes\u00f8ksforbud har blitt drept av partner siden 2000.<\/li>\n<li class=\"_item_o9xde_30\">Psykolog Henning Mohaupt p\u00e5peker at bes\u00f8ksforbud kan \u00f8ke voldsfaren for noen.<\/li>\n<\/ul>\n<p>Vis mer <\/p>\n<p class=\"_paragraph_o9xde_4 _paragraph_xtcu6_10 layout-component text-serif-m layout-normal text-serif-m layout-padded\">VG har tidligere fortalt <a href=\"https:\/\/www.vg.no\/nyheter\/i\/wg7ryP\/da-linea-19-slipper-ut-av-fengsel-skal-hun-for-foerste-gang-bo-for-seg-selv-hvordan-skal-hun-komme-til-hektene-i-blokka-i-stjoerdal\" data-track-element-type=\"Link\" data-track-id=\"link:wg7ryP\" class=\"_link_o9xde_39\" rel=\"nofollow noopener\" target=\"_blank\">historien om Linea Bj\u00f8rnnes (20)<\/a>. <\/p>\n<p class=\"_paragraph_o9xde_4 _paragraph_xtcu6_10 layout-component text-serif-m layout-normal text-serif-m layout-padded\">En mann (35) som tidligere hadde bes\u00f8ksforbud mot henne, ble i h\u00f8st d\u00f8mt for \u00e5 ha drept henne. Han har anket dommen.<\/p>\n<p class=\"_paragraph_o9xde_4 _paragraph_xtcu6_10 layout-component text-serif-m layout-normal text-serif-m layout-padded\">Tall VG har innhentet fra politidistriktene, viser at <a href=\"https:\/\/www.vg.no\/tag\/linea?utm_source=vg-article&amp;utm_medium=auto-tagger&amp;utm_campaign=KMOAPX\" class=\"_link_o9xde_39\" rel=\"nofollow noopener\" target=\"_blank\">Linea<\/a> ikke er alene.<\/p>\n<p class=\"_paragraph_o9xde_4 _paragraph_xtcu6_10 layout-component text-serif-m layout-normal text-serif-m layout-padded\">Kartleggingen viser at minst 34 personer som er blitt drept hadde et aktivt bes\u00f8ksforbud \u2013 eller har tidligere hatt det \u2013 mot den antatte gjerningspersonen, fra \u00e5r 2000 til i dag.<\/p>\n<p class=\"_paragraph_o9xde_4 _paragraph_xtcu6_10 layout-component text-serif-m layout-normal text-serif-m layout-padded\">\u2013 Det viser at bes\u00f8ksforbud ikke er effektiv beskyttelse mot partnerdrap, sier daglig leder Ane Fossum i KrisesentersekretariatetKrisesentersekretariatetKrisesentersekretariatet er en uavhengig paraplyorganisasjon for krisesentre i Norge som arbeider for en fremtid uten vold mot kvinner og vold i n\u00e6re relasjoner, mot menneskehandel og for \u00e5 styrke krisesentertilbudet. til VG. <\/p>\n<p class=\"_paragraph_o9xde_4 _paragraph_xtcu6_10 layout-component text-serif-m layout-normal text-serif-m layout-padded\">\u2013 Det er fortvilende. Drapene kommer ikke fra klar himmel, og det m\u00e5 vi ta p\u00e5 alvor. Vi kan ikke leve med at vi har det s\u00e5nn. <\/p>\n<p class=\"_paragraph_o9xde_4 _paragraph_xtcu6_10 layout-component text-serif-m layout-normal text-serif-m layout-padded\">VG har tidligere kartlagt at bruken av <a href=\"https:\/\/www.vg.no\/nyheter\/i\/bmyznl\/antall-besoeksforbud-i-norge-har-oekt-med-65-de-siste-fem-aarene-og-antall-brudd-paa-besoeksforbud-har-oekt-med-22\" data-track-element-type=\"Link\" data-track-id=\"link:bmyznl\" class=\"_link_o9xde_39\" rel=\"nofollow noopener\" target=\"_blank\">bes\u00f8ksforbud har \u00f8kt med 65% siste fem \u00e5rene.<\/a><\/p>\n<p class=\"_paragraph_o9xde_4 _paragraph_xtcu6_10 layout-component text-serif-m layout-normal text-serif-m layout-padded\">Fossum mener at statistikken viser at bes\u00f8ksforbud er et av flere verkt\u00f8y, men at det ikke er tilstrekkelig i en del voldssaker.<\/p>\n<p class=\"_paragraph_o9xde_4 _paragraph_xtcu6_10 layout-component text-serif-m layout-normal text-serif-m layout-padded\">\u2013 Vi ser at det ilegges voldsomt mange, men at det samtidig er utrolig mange brudd p\u00e5 bes\u00f8ksforbud, slik har det v\u00e6rt i mange \u00e5r. Vi m\u00e5 ta innover oss at det er kanskje ikke en ordning som fungerer slik den er tenkt. <\/p>\n<p class=\"_paragraph_o9xde_4 _paragraph_xtcu6_10 layout-component text-serif-m layout-normal text-serif-m layout-padded\">Linea og mannen bodde vegg i vegg i Yrkesvegen i Stj\u00f8rdal mens han hadde bes\u00f8ksforbud. If\u00f8lge VGs kartlegging br\u00f8t han forbudet \u00e5tte ganger h\u00f8sten 2023.<\/p>\n<p><img decoding=\"async\" alt=\"Bilde av Ane Fossum\" class=\"_image_ygndg_42\" height=\"33\" itemprop=\"image\" loading=\"lazy\"  src=\"https:\/\/www.europesays.com\/no\/wp-content\/uploads\/2025\/12\/4e72402c-f4bb-4ca5-a6d6-dd3101ad95eb\"  width=\"40\"\/><strong class=\"_name_ygndg_51 title-serif-xs\">Ane Fossum<\/strong><\/p>\n<p class=\"_paragraph_o9xde_4 text-sans-m _description_ygndg_56\">Daglig leder i Krisesentersekretariatet<\/p>\n<p class=\"_paragraph_o9xde_4 _paragraph_xtcu6_10 layout-component text-serif-m layout-normal text-serif-m layout-padded\">Fossum sier at brudd p\u00e5 bes\u00f8ksforbud ikke f\u00f8rer til nok konsekvenser for voldsut\u00f8veren. Hun mener omvendt voldsalarmomvendt voldsalarmEn omvendt voldsalarm er en elektronisk fotlenke som kontrollerer at bes\u00f8ks- eller kontaktforbudet ikke brytes. En omvendt voldsalarm begrenser bevegelsene til den som har den p\u00e5 seg basert p\u00e5 en geografisk sone for n\u00e5r alarmen utl\u00f8ses.  burde v\u00e6rt en automatisk konsekvens. <\/p>\n<p class=\"_paragraph_o9xde_4 _paragraph_xtcu6_10 layout-component text-serif-m layout-normal text-serif-m layout-padded\">\u2013 Det burde ikke v\u00e6rt mulig med tosifret antall brudd, men det skjer. <\/p>\n<p><img alt=\"Slik ser en omvendt voldsalarm ut.  Foto: Politiet \/ Politiet\" class=\"_image_qp4xg_65 layout-component layout-normal\" data-fullscreen- data-track-element-type=\"Article image fullscreen\" data-track-name=\"ImageFullscreen\" decoding=\"async\" loading=\"lazy\" height=\"1146\" itemprop=\"image\"  src=\"https:\/\/www.europesays.com\/no\/wp-content\/uploads\/2025\/12\/d76d0971-80fc-4ffe-9446-66cebc751f17\"  style=\"object-position:0% 0%\" width=\"1170\"\/>Slik ser en omvendt voldsalarm ut.  Foto: Politiet \/ PolitietHar l\u00e6rt av drapssakene<\/p>\n<p class=\"_paragraph_o9xde_4 _paragraph_xtcu6_10 layout-component text-serif-m layout-normal text-serif-m layout-padded\">Janne St\u00f8mner fra Politidirektoratet forteller at politiet har trukket flere l\u00e6rdommer etter drapssaker de siste \u00e5rene. Det har ogs\u00e5 v\u00e6rt fokus i de sakene der politiet har visst om vold i forkant, for eksempel ved bes\u00f8ksforbud. Som f\u00f8lge av dette har ogs\u00e5 bruken av bes\u00f8ksforbud \u00f8kt.<\/p>\n<p class=\"_paragraph_o9xde_4 _paragraph_xtcu6_10 layout-component text-serif-m layout-normal text-serif-m layout-padded\">\u2013 Vi tror ikke at det har blitt mer vold i seg selv, men at \u00f8kt bevissthet \u2013 b\u00e5de blant personer som lever i voldelige relasjoner og i politiet \u2013 om bes\u00f8ksforbud som virkemiddel er forklaringen, sier hun.<\/p>\n<p><img decoding=\"async\" alt=\"Bilde av Janne St\u00f8mner\" class=\"_image_ygndg_42\" height=\"32\" itemprop=\"image\" loading=\"lazy\"  src=\"https:\/\/www.europesays.com\/no\/wp-content\/uploads\/2025\/12\/c639ffb8-8a7e-430f-8351-16911bcfafd1\"  width=\"40\"\/><strong class=\"_name_ygndg_51 title-serif-xs\">Janne St\u00f8mner<\/strong><\/p>\n<p class=\"_paragraph_o9xde_4 text-sans-m _description_ygndg_56\">Fra politidirektoratet<\/p>\n<p class=\"_paragraph_o9xde_4 _paragraph_xtcu6_10 layout-component text-serif-m layout-normal text-serif-m layout-padded\">Hun opplyser ogs\u00e5 at bruken av omvendt voldsalarm har \u00f8kt kraftig etter lovendringen i 2024, som gir politiet adgang til selv \u00e5 ilegge omvendt voldsalarm.<\/p>\n<p class=\"_paragraph_o9xde_4 _paragraph_xtcu6_10 layout-component text-serif-m layout-normal text-serif-m layout-padded\">\u2013 Politiet har f\u00e5tt tydeligere f\u00f8ringer fra Riksadvokaten, og vi har hatt tett oppf\u00f8lging av saker fra Spesialenheten etter drap der det tidligere har v\u00e6rt ilagt bes\u00f8ksforbud, sier hun.<\/p>\n<p class=\"_paragraph_o9xde_4 _paragraph_xtcu6_10 layout-component text-serif-m layout-normal text-serif-m layout-padded\">Dette har f\u00f8rt til \u00f8kt fokus p\u00e5 hvordan bes\u00f8ksforbud blir forkynt, og p\u00e5 hvilke konsekvenser det f\u00e5r dersom forbudet brytes.<\/p>\n<p class=\"_paragraph_o9xde_4 _paragraph_xtcu6_10 layout-component text-serif-m layout-normal text-serif-m layout-padded\">Hun h\u00e5per p\u00e5 flere tilbud fra hjelpeapperatet rettet mot voldsut\u00f8ver. <\/p>\n<p class=\"_paragraph_o9xde_4 _paragraph_xtcu6_10 layout-component text-serif-m layout-normal text-serif-m layout-padded\">\u2013 For eksempel kan en trusselut\u00f8ver som bryter bes\u00f8ksforbudet, bli p\u00e5lagt omvendt voldsalarm, sier hun.<\/p>\n<p class=\"_paragraph_o9xde_4 _paragraph_xtcu6_10 layout-component text-serif-m layout-normal text-serif-m layout-padded\">Samtidig peker Str\u00f8mner p\u00e5 utfordringer i hjelpeapparatet.<\/p>\n<p class=\"_paragraph_o9xde_4 _paragraph_xtcu6_10 layout-component text-serif-m layout-normal text-serif-m layout-padded\">\u2013 Flere politidistrikt melder om manglende tilbud og oppf\u00f8lging hos samarbeidspartnere. Tilbudene til b\u00e5de voldsutsatte og voldsut\u00f8vere varierer betydelig fra kommune til kommune.<\/p>\n<p class=\"_paragraph_o9xde_4 _paragraph_xtcu6_10 layout-component text-serif-m layout-normal text-serif-m layout-padded\">Hun forteller ogs\u00e5 at politiet har startet med samtaler og motivasjonssamtaler rettet mot voldsut\u00f8vere.<\/p>\n<p class=\"_paragraph_o9xde_4 _paragraph_xtcu6_10 layout-component text-serif-m layout-normal text-serif-m layout-padded\">\u2013 Dette skjer gjennom en arbeidsmetodikk der en sosial- og helsefaglig medarbeider jobber i tospann med en politifaglig forebyggende risikoanalytiker og tilbyr samtaler til ut\u00f8ver, sier hun.<\/p>\n<p>Kan ogs\u00e5 \u00f8ke faren<\/p>\n<p class=\"_paragraph_o9xde_4 _paragraph_xtcu6_10 layout-component text-serif-m layout-normal text-serif-m layout-padded\">\u2013 Bes\u00f8ksforbud i seg selv betyr ikke n\u00f8dvendigvis at situasjonen er trygg, sier psykologspesialist Alternativ til VoldAlternativ til VoldAlternativ til Vold er et behandlingstilbud til voksne som ut\u00f8ver vold, og voksne og barn som lever med vold i familien eller har v\u00e6rt utsatt for vold., Henning Mohaupt, til VG. <\/p>\n<p class=\"_paragraph_o9xde_4 _paragraph_xtcu6_10 layout-component text-serif-m layout-normal text-serif-m layout-padded\">Han mener ogs\u00e5 at omvendt voldsalarm b\u00f8r brukes oftere dersom det skjer brudd p\u00e5 bes\u00f8ksforbudet og at det m\u00e5 jobbes aktivt med \u00e5 bygge et nettverk rundt de utsatte og den som ut\u00f8ver volden.<\/p>\n<p class=\"_paragraph_o9xde_4 _paragraph_xtcu6_10 layout-component text-serif-m layout-normal text-serif-m layout-padded\">\u2013 Det \u00f8ker sikkerheten for begge parter \u00e5 ha noen de kan snakke om sin situasjon med.<\/p>\n<p><img decoding=\"async\" alt=\"Bilde av Henning Mohaupt\" class=\"_image_ygndg_42\" height=\"39\" itemprop=\"image\" loading=\"lazy\"  src=\"https:\/\/www.europesays.com\/no\/wp-content\/uploads\/2025\/12\/96b6408b-8ea7-45e2-97d6-b04965a8c611\"  width=\"40\"\/><strong class=\"_name_ygndg_51 title-serif-xs\">Henning Mohaupt<\/strong><\/p>\n<p class=\"_paragraph_o9xde_4 text-sans-m _description_ygndg_56\">Psykologspesialist ved Alternativ til Vold<\/p>\n<p class=\"_paragraph_o9xde_4 _paragraph_xtcu6_10 layout-component text-serif-m layout-normal text-serif-m layout-padded\">Mohaupt forteller at bes\u00f8ksforbud ogs\u00e5 kan \u00f8ke faren for vold hos noen personer.<\/p>\n<p class=\"_paragraph_o9xde_4 _paragraph_xtcu6_10 layout-component text-serif-m layout-normal text-serif-m layout-padded\">\u2013 De som ut\u00f8ver volden, er i en krise n\u00e5r volden blir avsl\u00f8rt og politianmeldt. De kan f\u00f8le at de mister kontrollen over partneren sin. N\u00e5r den utsatte f\u00e5r bes\u00f8ksforbud, tydeliggj\u00f8r det at \u00abn\u00e5 g\u00e5r partneren min fra meg\u00bb.<\/p>\n<p class=\"_paragraph_o9xde_4 _paragraph_xtcu6_10 layout-component text-serif-m layout-normal text-serif-m layout-padded\">\u2013 Politiet eller andre etater burde hatt samtaler med den som blir ilagt forbudet, for \u00e5 forst\u00e5 hvordan denne personen vurderer konsekvensen av et bes\u00f8ksforbud for sitt liv. Noen tenker \u00abn\u00e5 har jeg ingenting \u00e5 tape\u00bb og det gj\u00f8r dem farligere. <\/p>\n<p>    <img decoding=\"async\" alt=\"Tips oss illustrasjon\" src=\"https:\/\/www.europesays.com\/no\/wp-content\/uploads\/2025\/10\/pssst-small.webp.webp\"\/>    <\/p>\n<p class=\"title-serif-s\">Har du tips?<\/p>\n<p class=\"text-sans-m\">Send oss informasjon, bilder eller video.<\/p>\n<p>  <a href=\"https:\/\/www.vg.no\/tips-oss\" rel=\"nofollow noopener\" target=\"_blank\"> Tips oss <\/a>      <\/p>\n","protected":false},"excerpt":{"rendered":"Eksperter mener bes\u00f8ksforbud ikke gir tilstrekkelig beskyttelse mot vold og drap. Minst 34 personer med bes\u00f8ksforbud har blitt&hellip;\n","protected":false},"author":2,"featured_media":121473,"comment_status":"","ping_status":"","sticky":false,"template":"","format":"standard","meta":{"footnotes":""},"categories":[5],"tags":[5653,20,21,377,24,25,15,19,22,23,8188,17,18,13,30,28,29,14,11376,16,756,26,27,943,46,11375],"class_list":{"0":"post-121472","1":"post","2":"type-post","3":"status-publish","4":"format-standard","5":"has-post-thumbnail","7":"category-overskrifter","8":"tag-besoksforbud","9":"tag-breaking-news","10":"tag-breakingnews","11":"tag-drap","12":"tag-featured-news","13":"tag-featurednews","14":"tag-headlines","15":"tag-hovedoppslag","16":"tag-latest-news","17":"tag-latestnews","18":"tag-linea","19":"tag-main-news","20":"tag-mainnews","21":"tag-news","22":"tag-no","23":"tag-norge","24":"tag-norway","25":"tag-nyheter","26":"tag-omvendt-voldsalarm","27":"tag-overskrifter","28":"tag-stjordal","29":"tag-top-stories","30":"tag-topstories","31":"tag-vg","32":"tag-vgai","33":"tag-voldsalarm"},"share_on_mastodon":{"url":"https:\/\/pubeurope.com\/@no\/115779644056218830","error":""},"_links":{"self":[{"href":"https:\/\/www.europesays.com\/no\/wp-json\/wp\/v2\/posts\/121472","targetHints":{"allow":["GET"]}}],"collection":[{"href":"https:\/\/www.europesays.com\/no\/wp-json\/wp\/v2\/posts"}],"about":[{"href":"https:\/\/www.europesays.com\/no\/wp-json\/wp\/v2\/types\/post"}],"author":[{"embeddable":true,"href":"https:\/\/www.europesays.com\/no\/wp-json\/wp\/v2\/users\/2"}],"replies":[{"embeddable":true,"href":"https:\/\/www.europesays.com\/no\/wp-json\/wp\/v2\/comments?post=121472"}],"version-history":[{"count":0,"href":"https:\/\/www.europesays.com\/no\/wp-json\/wp\/v2\/posts\/121472\/revisions"}],"wp:featuredmedia":[{"embeddable":true,"href":"https:\/\/www.europesays.com\/no\/wp-json\/wp\/v2\/media\/121473"}],"wp:attachment":[{"href":"https:\/\/www.europesays.com\/no\/wp-json\/wp\/v2\/media?parent=121472"}],"wp:term":[{"taxonomy":"category","embeddable":true,"href":"https:\/\/www.europesays.com\/no\/wp-json\/wp\/v2\/categories?post=121472"},{"taxonomy":"post_tag","embeddable":true,"href":"https:\/\/www.europesays.com\/no\/wp-json\/wp\/v2\/tags?post=121472"}],"curies":[{"name":"wp","href":"https:\/\/api.w.org\/{rel}","templated":true}]}}