{"id":121492,"date":"2025-12-25T10:31:16","date_gmt":"2025-12-25T10:31:16","guid":{"rendered":"https:\/\/www.europesays.com\/no\/121492\/"},"modified":"2025-12-25T10:31:16","modified_gmt":"2025-12-25T10:31:16","slug":"strombrudd-alta-derfor-mistet-store-deler-av-alta-strommen","status":"publish","type":"post","link":"https:\/\/www.europesays.com\/no\/121492\/","title":{"rendered":"Str\u00f8mbrudd, Alta | Derfor mistet store deler av Alta str\u00f8mmen"},"content":{"rendered":"<p> (<a href=\"https:\/\/www.kp.no\" rel=\"nofollow noopener\" target=\"_blank\">Kronstadposten<\/a>) <\/p>\n<p>Fra kraftselskapet Alut varslet om feilen gikk det cirka en time f\u00f8r str\u00f8mmen kom tilbake igjen.<\/p>\n<p>Overordnet vakt ved Alut, Svein Thomassen, forteller rett f\u00f8r klokken halv ti at str\u00f8mmen er tilbake.<\/p>\n<p>\u2013 Et tre ramlet ned p\u00e5 h\u00f8yspentlinja. Det har v\u00e6rt mye vind i natt, og mildt. Det er vel det som er \u00e5rsaken. N\u00e5 er det ordnet og alle kunder har str\u00f8m igjen, sier han. <\/p>\n","protected":false},"excerpt":{"rendered":"(Kronstadposten) Fra kraftselskapet Alut varslet om feilen gikk det cirka en time f\u00f8r str\u00f8mmen kom tilbake igjen. Overordnet&hellip;\n","protected":false},"author":2,"featured_media":11753,"comment_status":"","ping_status":"","sticky":false,"template":"","format":"standard","meta":{"footnotes":""},"categories":[10],"tags":[215,36,20,21,24,25,15,22,23,13,30,28,29,447,14,16,14431,1510,2245,26,27],"class_list":{"0":"post-121492","1":"post","2":"type-post","3":"status-publish","4":"format-standard","5":"has-post-thumbnail","7":"category-norge","8":"tag-alta","9":"tag-art","10":"tag-breaking-news","11":"tag-breakingnews","12":"tag-featured-news","13":"tag-featurednews","14":"tag-headlines","15":"tag-latest-news","16":"tag-latestnews","17":"tag-news","18":"tag-no","19":"tag-norge","20":"tag-norway","21":"tag-nyhet","22":"tag-nyheter","23":"tag-overskrifter","24":"tag-ovre-alta","25":"tag-story","26":"tag-strombrudd","27":"tag-top-stories","28":"tag-topstories"},"share_on_mastodon":{"url":"https:\/\/pubeurope.com\/@no\/115779750474891898","error":""},"_links":{"self":[{"href":"https:\/\/www.europesays.com\/no\/wp-json\/wp\/v2\/posts\/121492","targetHints":{"allow":["GET"]}}],"collection":[{"href":"https:\/\/www.europesays.com\/no\/wp-json\/wp\/v2\/posts"}],"about":[{"href":"https:\/\/www.europesays.com\/no\/wp-json\/wp\/v2\/types\/post"}],"author":[{"embeddable":true,"href":"https:\/\/www.europesays.com\/no\/wp-json\/wp\/v2\/users\/2"}],"replies":[{"embeddable":true,"href":"https:\/\/www.europesays.com\/no\/wp-json\/wp\/v2\/comments?post=121492"}],"version-history":[{"count":0,"href":"https:\/\/www.europesays.com\/no\/wp-json\/wp\/v2\/posts\/121492\/revisions"}],"wp:featuredmedia":[{"embeddable":true,"href":"https:\/\/www.europesays.com\/no\/wp-json\/wp\/v2\/media\/11753"}],"wp:attachment":[{"href":"https:\/\/www.europesays.com\/no\/wp-json\/wp\/v2\/media?parent=121492"}],"wp:term":[{"taxonomy":"category","embeddable":true,"href":"https:\/\/www.europesays.com\/no\/wp-json\/wp\/v2\/categories?post=121492"},{"taxonomy":"post_tag","embeddable":true,"href":"https:\/\/www.europesays.com\/no\/wp-json\/wp\/v2\/tags?post=121492"}],"curies":[{"name":"wp","href":"https:\/\/api.w.org\/{rel}","templated":true}]}}