{"id":121500,"date":"2025-12-25T10:39:18","date_gmt":"2025-12-25T10:39:18","guid":{"rendered":"https:\/\/www.europesays.com\/no\/121500\/"},"modified":"2025-12-25T10:39:18","modified_gmt":"2025-12-25T10:39:18","slug":"politi-haugesund-mens-noen-gikk-rundt-juletre-sov-en-annen-i-busk-deretter-politistasjonen","status":"publish","type":"post","link":"https:\/\/www.europesays.com\/no\/121500\/","title":{"rendered":"Politi, Haugesund | Mens noen gikk rundt juletre, sov en annen i busk \u2013 deretter politistasjonen"},"content":{"rendered":"\n<p><b>POLITILOGGEN: <\/b>Mens de aller fleste n\u00f8t julekvelden sammen med sine kjente og kj\u00e6re i en stue med et godt m\u00e5ltid var flere i politiet p\u00e5 jobb for \u00e5 sikre tryggheten til oss alle. <\/p>\n<p>Politipatruljene fikk heldigvis ikke for mange saker julaften, if\u00f8lge vaktsjef ved Haugesund politistasjon Birgitte Pedersen. <\/p>\n<p>Det ble imidlertid et par oppdrag som m\u00e5tte l\u00f8ses. <\/p>\n<p>Klokken 22.34 m\u00f8tte en patrulje p\u00e5 en person som rett og slett hadde sovnet i en busk. <\/p>\n<p><b>\u2013 Patruljen kom i kontakt med ham, og han fikk sove ut rusen hos oss. Dette er en mann i 30-\u00e5rene, sier Pedersen. <\/b><\/p>\n<p>Hun forteller ogs\u00e5 at det ble funnet det som formentlig er narkotika p\u00e5 vedkommende. Det i tillegg til to bankkort som ikke skal han st\u00e5tt i hans navn. <\/p>\n<p><b>\u2013 Han blir derfor anmeldt for b\u00e5de tyveri og besittelse av narkotika, sier Pedersen. <\/b><\/p>\n<p>Deretter rykket en patrulje til Sveio p\u00e5 nattetid. <\/p>\n<p><b>\u2013 Det var br\u00e5k mellom to personer p\u00e5 en adresse. Patruljen kom i kontakt med to menn i 30-\u00e5rene som hadde kranglet. Den ene ble kj\u00f8rt til en hytte i n\u00e6rheten, og bortvist fra stedet fram til i dag, melder vaktsjefen.<\/b><\/p>\n","protected":false},"excerpt":{"rendered":"POLITILOGGEN: Mens de aller fleste n\u00f8t julekvelden sammen med sine kjente og kj\u00e6re i en stue med et&hellip;\n","protected":false},"author":2,"featured_media":23205,"comment_status":"","ping_status":"","sticky":false,"template":"","format":"standard","meta":{"footnotes":""},"categories":[5],"tags":[36,20,21,24,25,1337,15,19,22,23,17,18,13,30,28,29,14,16,254,1510,2160,26,27],"class_list":{"0":"post-121500","1":"post","2":"type-post","3":"status-publish","4":"format-standard","5":"has-post-thumbnail","7":"category-overskrifter","8":"tag-art","9":"tag-breaking-news","10":"tag-breakingnews","11":"tag-featured-news","12":"tag-featurednews","13":"tag-haugesund","14":"tag-headlines","15":"tag-hovedoppslag","16":"tag-latest-news","17":"tag-latestnews","18":"tag-main-news","19":"tag-mainnews","20":"tag-news","21":"tag-no","22":"tag-norge","23":"tag-norway","24":"tag-nyheter","25":"tag-overskrifter","26":"tag-politi","27":"tag-story","28":"tag-sveio","29":"tag-top-stories","30":"tag-topstories"},"share_on_mastodon":{"url":"https:\/\/pubeurope.com\/@no\/115779781532690189","error":""},"_links":{"self":[{"href":"https:\/\/www.europesays.com\/no\/wp-json\/wp\/v2\/posts\/121500","targetHints":{"allow":["GET"]}}],"collection":[{"href":"https:\/\/www.europesays.com\/no\/wp-json\/wp\/v2\/posts"}],"about":[{"href":"https:\/\/www.europesays.com\/no\/wp-json\/wp\/v2\/types\/post"}],"author":[{"embeddable":true,"href":"https:\/\/www.europesays.com\/no\/wp-json\/wp\/v2\/users\/2"}],"replies":[{"embeddable":true,"href":"https:\/\/www.europesays.com\/no\/wp-json\/wp\/v2\/comments?post=121500"}],"version-history":[{"count":0,"href":"https:\/\/www.europesays.com\/no\/wp-json\/wp\/v2\/posts\/121500\/revisions"}],"wp:featuredmedia":[{"embeddable":true,"href":"https:\/\/www.europesays.com\/no\/wp-json\/wp\/v2\/media\/23205"}],"wp:attachment":[{"href":"https:\/\/www.europesays.com\/no\/wp-json\/wp\/v2\/media?parent=121500"}],"wp:term":[{"taxonomy":"category","embeddable":true,"href":"https:\/\/www.europesays.com\/no\/wp-json\/wp\/v2\/categories?post=121500"},{"taxonomy":"post_tag","embeddable":true,"href":"https:\/\/www.europesays.com\/no\/wp-json\/wp\/v2\/tags?post=121500"}],"curies":[{"name":"wp","href":"https:\/\/api.w.org\/{rel}","templated":true}]}}