{"id":121501,"date":"2025-12-25T10:40:10","date_gmt":"2025-12-25T10:40:10","guid":{"rendered":"https:\/\/www.europesays.com\/no\/121501\/"},"modified":"2025-12-25T10:40:10","modified_gmt":"2025-12-25T10:40:10","slug":"glimt-sport-arets-beste-oyeblikk-glimt-sa-dode-og-begravet-ut-sa-snudde-alt-avisa-nordland","status":"publish","type":"post","link":"https:\/\/www.europesays.com\/no\/121501\/","title":{"rendered":"Glimt, Sport | \u00c5rets beste \u00f8yeblikk: \u2013 Glimt s\u00e5 d\u00f8de og begravet ut. S\u00e5 snudde alt &#8211; Avisa Nordland"},"content":{"rendered":"<ol>\n<li><a href=\"https:\/\/news.google.com\/rss\/articles\/CBMimwFBVV95cUxNLXItZXN2a3lHZTBESzNwa1ZnYzQ5Q2FmRG5ILTE2QXpBd0l6YWZmTWtNWHhweDVTd1A5S1hHZ1dxODRNT0RaeG9pVmVjY2txVnMxZGZmUWcyZl9qU1ZyazI2c0JNcmRRNHJydXVJM29iU0VzSVdLU3NJMk8tbUVPTnY4RUlzYTdTWmR3eUxMZEV5OUxjQTdCMmRhWQ?oc=5\" target=\"_blank\" rel=\"nofollow noopener\">Glimt, Sport | \u00c5rets beste \u00f8yeblikk: \u2013 Glimt s\u00e5 d\u00f8de og begravet ut. S\u00e5 snudde alt<\/a>&nbsp;&nbsp;Avisa Nordland<\/li>\n<li><a href=\"https:\/\/news.google.com\/rss\/articles\/CBMickFVX3lxTE9BbmUyNUg3SEVzQ18yZGRieW0wSGJVOWtBSXRzaUUyTzVCWHZmVDZteENrdWFkQi10TmR6dGJvRGM4ajRTeG9CLXFIU194X05XNjhveEJMVlhUZWo2Y0ZhdGVUT0xfV0VnVlJTT0ZrRHFxUQ?oc=5\" target=\"_blank\" rel=\"nofollow noopener\">\u2013 Det ville v\u00e6rt vanskelig \u00e5 tro p\u00e5<\/a>&nbsp;&nbsp;Bod\u00f8\/Glimt<\/li>\n<li><a href=\"https:\/\/news.google.com\/rss\/articles\/CBMiowFBVV95cUxObjE1MjNTeVhrZXd6Vl9jWi1xYlIwV2dablZyWkFjYkFwcDY5SUlHWWxfaGtwOHFWbXVRa1BMUnNrcVRFdk92VkhvcWJzVlc0MUFDXzQwb2ZoQ0E4N1BzNnBkVXB2cnFDQ2dNczVVVHJtUHVFTVNvSzRmX21TQW8xd1lLSERnV19IV3lYZUpMQXVQOEFyZ2V0TkY5WkwyQ09ZbzB3?oc=5\" target=\"_blank\" rel=\"nofollow noopener\">Glimt, Sport | Ekspertene er samstemte \u2013 disse tre har v\u00e6rt \u00e5rets beste Glimt-spillere<\/a>&nbsp;&nbsp;Avisa Nordland<\/li>\n<li><a href=\"https:\/\/news.google.com\/rss\/articles\/CBMiswFBVV95cUxPeU40aFFOWE5RNHM3SW5HNVpWT3pxM2g3V3N4QlNjRnc0VWtzNGZpR1BHVFlNeHlnS3VDek1QcWZyOExWZDRwdWNYS2hBQlRBbDNvMlFFNVBBaUlHWXg3bnRxVHNqVnN1MWZ5ZFNCUWpoaHpKb2ZVS0ZOdzdkTmlvc2ZkUGlidmhWYmlfcFJkUndsYUhUZ2dMSVYwTEJXUXVpZDZmMThORW9OVnVKYk9aNVpxYw?oc=5\" target=\"_blank\" rel=\"nofollow noopener\">Glimt, Fotball | Ekspertene mener han er \u00e5rets st\u00f8rste Glimt-overraskelse: \u2013 Et eventyr, rett og slett<\/a>&nbsp;&nbsp;Avisa Nordland<\/li>\n<li><a href=\"https:\/\/news.google.com\/rss\/articles\/CBMifkFVX3lxTE1FVkxpZ29mdzQyYTVfTUI2c3BVUzhwZ2FFN3lkYXp6a0RrcUx2YTlWSUE2NnVYNXg2dHk0QmJqakUzcVpfVTJ3TE96N1RXMTBOZW5RS3VlcTVVQ1M5T2NOUFVqRUc1cTJxNkdOMXJ4eENwMlRCVDFqU0N0TGpCQQ?oc=5\" target=\"_blank\" rel=\"nofollow noopener\">Et \u00e5r p\u00e5 godt og vondt: \u2013 Jeg er ganske heldig<\/a>&nbsp;&nbsp;Bod\u00f8\/Glimt<\/li>\n<\/ol>\n","protected":false},"excerpt":{"rendered":"Glimt, Sport | \u00c5rets beste \u00f8yeblikk: \u2013 Glimt s\u00e5 d\u00f8de og begravet ut. S\u00e5 snudde alt&nbsp;&nbsp;Avisa Nordland \u2013&hellip;\n","protected":false},"author":2,"featured_media":121502,"comment_status":"","ping_status":"","sticky":false,"template":"","format":"standard","meta":{"footnotes":""},"categories":[59],"tags":[30,28,29,83,82],"class_list":{"0":"post-121501","1":"post","2":"type-post","3":"status-publish","4":"format-standard","5":"has-post-thumbnail","7":"category-sport","8":"tag-no","9":"tag-norge","10":"tag-norway","11":"tag-sport","12":"tag-sports"},"share_on_mastodon":{"url":"https:\/\/pubeurope.com\/@no\/115779785429973068","error":""},"_links":{"self":[{"href":"https:\/\/www.europesays.com\/no\/wp-json\/wp\/v2\/posts\/121501","targetHints":{"allow":["GET"]}}],"collection":[{"href":"https:\/\/www.europesays.com\/no\/wp-json\/wp\/v2\/posts"}],"about":[{"href":"https:\/\/www.europesays.com\/no\/wp-json\/wp\/v2\/types\/post"}],"author":[{"embeddable":true,"href":"https:\/\/www.europesays.com\/no\/wp-json\/wp\/v2\/users\/2"}],"replies":[{"embeddable":true,"href":"https:\/\/www.europesays.com\/no\/wp-json\/wp\/v2\/comments?post=121501"}],"version-history":[{"count":0,"href":"https:\/\/www.europesays.com\/no\/wp-json\/wp\/v2\/posts\/121501\/revisions"}],"wp:featuredmedia":[{"embeddable":true,"href":"https:\/\/www.europesays.com\/no\/wp-json\/wp\/v2\/media\/121502"}],"wp:attachment":[{"href":"https:\/\/www.europesays.com\/no\/wp-json\/wp\/v2\/media?parent=121501"}],"wp:term":[{"taxonomy":"category","embeddable":true,"href":"https:\/\/www.europesays.com\/no\/wp-json\/wp\/v2\/categories?post=121501"},{"taxonomy":"post_tag","embeddable":true,"href":"https:\/\/www.europesays.com\/no\/wp-json\/wp\/v2\/tags?post=121501"}],"curies":[{"name":"wp","href":"https:\/\/api.w.org\/{rel}","templated":true}]}}