{"id":121509,"date":"2025-12-25T10:47:43","date_gmt":"2025-12-25T10:47:43","guid":{"rendered":"https:\/\/www.europesays.com\/no\/121509\/"},"modified":"2025-12-25T10:47:43","modified_gmt":"2025-12-25T10:47:43","slug":"manchester-united-manageren-bekrefter-bruno-fernandes-skade-nekter-a-avslore-tidshorisonten-2","status":"publish","type":"post","link":"https:\/\/www.europesays.com\/no\/121509\/","title":{"rendered":"Manchester United-manageren bekrefter Bruno Fernandes-skade \u2013 nekter \u00e5 avsl\u00f8re tidshorisonten"},"content":{"rendered":"<p>Fernandes viste tegn til ubehag mot slutten av f\u00f8rste omgang i Premier League-m\u00f8tet med Aston Villa sist helg, men klarte \u00e5 holde ut til pause. I hvilen ble han byttet ut og erstattet med Lisandro Mart\u00ednez.<\/p>\n<p>Etter kampen kom United-trener Ruben Amorim med en temmelig dyster sp\u00e5dom.<\/p>\n<p>\u2013 Det kommer nok til \u00e5 ta en stund, vi f\u00e5r se, sa han da.<\/p>\n<p>P\u00e5 en pressekonferanse julaften bekreftet portugiseren skaden p\u00e5 ny og opplyste at Fernandes ikke er aktuell for spill mot Newcastle 2. juledag. Kobbie Mainoo er heller ikke klar til det oppgj\u00f8ret.<\/p>\n<p>Vil ikke si noe<\/p>\n<p>Men:<\/p>\n<p>\u2013 Jeg tror ikke det vil ta mye tid med noen av dem, men jeg tror Kobbie kommer tilbake raskere enn Bruno. Jeg vil ikke si noe mer. Jeg har en id\u00e9, selvf\u00f8lgelig (om n\u00e5r de er tilbake), men la oss se, sa Amorim.<\/p>\n<p>\u2013 Vi har andre spillere, og vi m\u00e5 kanskje se p\u00e5 andre m\u00e5ter \u00e5 spille p\u00e5. Jeg synes Jack Fletcher gjorde en veldig god jobb, og det er derfor vi m\u00e5 gi plass til spillere som Jack og de andre n\u00e5r vi har muligheter som denne, la han til.<\/p>\n<p>P\u00e5 sp\u00f8rsm\u00e5l om hva laget mister med Fernandes p\u00e5 sidelinjen, l\u00f8d svaret:<\/p>\n<p>\u2013 Alt. Alt, fordi han forst\u00e5r alle posisjoner p\u00e5 banen. Han f\u00f8lger med p\u00e5 alle detaljer. P\u00e5 hver d\u00f8dball eller ved hvert bytte er han alltid den som forteller de andre gutta hvor de skal v\u00e6re.<\/p>\n<p>Amorim ber n\u00e5 andre spillere st\u00e5 fram og ta ansvar.<\/p>\n<p>I tiden som kommer m\u00f8ter United Newcastle, Wolverhampton, Leeds, Burnley og Brighton i rask rekkef\u00f8lge. Den siste av oppgj\u00f8rene er en FA-cupkamp.<\/p>\n<p>Deretter venter det brennhete byderbyet mot Manchester City i Premier League.<\/p>\n<p>F\u00e5 kamper<\/p>\n<p> Fernandes har siden overgangen fra Sporting Lisboa midtveis i 2019\/2020-sesongen bare g\u00e5tt glipp av ni kamper for United, skriver <a href=\"https:\/\/www.bbc.com\/sport\/football\/articles\/c1dz1exq616o?at_medium=RSS&amp;at_campaign=rss\" rel=\"noopener nofollow\" target=\"_blank\">Sky Sports<\/a>. Bare tre av dem har v\u00e6rt p\u00e5 grunn av skade, if\u00f8lge kanalen.<\/p>\n<p>N\u00e5 vil alts\u00e5 antallet kamper med frav\u00e6r \u00f8ke.<\/p>\n<p>Med til historien h\u00f8rer det ogs\u00e5 at United-manager Amorim har flere problemer enn bare Fernandes-skaden \u00e5 forholde seg til. Bryan Mbeumo, Amad Diallo og Noussair Mazraoui spiller alle Afrikamesterskapet i tiden som kommer og er uaktuelle for spill.<\/p>\n<p>P\u00e5 onsdagens pressekonferanse opplyste i tillegg Amorim at forsvarsprofilene Harry Maguire og Matthijs de Ligt fortsatt er uaktuelle for spill. Dermed er det svekket United som m\u00f8ter Newcastle 2. juledag.<\/p>\n<p>Oppgj\u00f8ret er for \u00f8vrig det eneste p\u00e5 Boxing Day i \u00e5r. Hovedparten av kampene i den tradisjonsrike runden spilles denne gangen 3. juledag.<\/p>\n","protected":false},"excerpt":{"rendered":"Fernandes viste tegn til ubehag mot slutten av f\u00f8rste omgang i Premier League-m\u00f8tet med Aston Villa sist helg,&hellip;\n","protected":false},"author":2,"featured_media":121510,"comment_status":"","ping_status":"","sticky":false,"template":"","format":"standard","meta":{"footnotes":""},"categories":[59],"tags":[967,30,28,29,83,82],"class_list":{"0":"post-121509","1":"post","2":"type-post","3":"status-publish","4":"format-standard","5":"has-post-thumbnail","7":"category-sport","8":"tag-artikler-fra-ntb","9":"tag-no","10":"tag-norge","11":"tag-norway","12":"tag-sport","13":"tag-sports"},"share_on_mastodon":{"url":"https:\/\/pubeurope.com\/@no\/115779812933919857","error":""},"_links":{"self":[{"href":"https:\/\/www.europesays.com\/no\/wp-json\/wp\/v2\/posts\/121509","targetHints":{"allow":["GET"]}}],"collection":[{"href":"https:\/\/www.europesays.com\/no\/wp-json\/wp\/v2\/posts"}],"about":[{"href":"https:\/\/www.europesays.com\/no\/wp-json\/wp\/v2\/types\/post"}],"author":[{"embeddable":true,"href":"https:\/\/www.europesays.com\/no\/wp-json\/wp\/v2\/users\/2"}],"replies":[{"embeddable":true,"href":"https:\/\/www.europesays.com\/no\/wp-json\/wp\/v2\/comments?post=121509"}],"version-history":[{"count":0,"href":"https:\/\/www.europesays.com\/no\/wp-json\/wp\/v2\/posts\/121509\/revisions"}],"wp:featuredmedia":[{"embeddable":true,"href":"https:\/\/www.europesays.com\/no\/wp-json\/wp\/v2\/media\/121510"}],"wp:attachment":[{"href":"https:\/\/www.europesays.com\/no\/wp-json\/wp\/v2\/media?parent=121509"}],"wp:term":[{"taxonomy":"category","embeddable":true,"href":"https:\/\/www.europesays.com\/no\/wp-json\/wp\/v2\/categories?post=121509"},{"taxonomy":"post_tag","embeddable":true,"href":"https:\/\/www.europesays.com\/no\/wp-json\/wp\/v2\/tags?post=121509"}],"curies":[{"name":"wp","href":"https:\/\/api.w.org\/{rel}","templated":true}]}}