{"id":121519,"date":"2025-12-25T11:02:27","date_gmt":"2025-12-25T11:02:27","guid":{"rendered":"https:\/\/www.europesays.com\/no\/121519\/"},"modified":"2025-12-25T11:02:27","modified_gmt":"2025-12-25T11:02:27","slug":"trafikk-ulykke-alvorlig-trafikkulykke-i-steinkjer-to-til-sykehus","status":"publish","type":"post","link":"https:\/\/www.europesays.com\/no\/121519\/","title":{"rendered":"Trafikk, Ulykke | Alvorlig trafikkulykke i Steinkjer \u2013 to til sykehus"},"content":{"rendered":"\n<p><b>STEINKJER:<\/b> Det var natt til f\u00f8rste juledag klokken 02.42 at n\u00f8detatene fikk melding.<\/p>\n<p>\u2013 En bil har kj\u00f8rt inn i en lyktestolpe. Det skal v\u00e6re flere personer i bilen. Alle skal ha kommet seg ut, l\u00f8d den innledende meldingen fra politiets operasjonsleder Marie Fossen i Tr\u00f8ndelag politidistrikt.<\/p>\n<p>Sj\u00e5f\u00f8ren lot seg ikke avh\u00f8re<\/p>\n<p>Bilen kj\u00f8rte nordover da ulykken inntraff. Det er store materielle skader p\u00e5 bilen, og to lyktestolper er kj\u00f8rt ned.<\/p>\n<p>Da politiet kom fram til stedet, fremsto alle i bilen \u2013 inkludert sj\u00e5f\u00f8ren \u2013 som beruset.<\/p>\n<p>\u2013 Det antas at bilen har hatt ganske stor hastighet i forkant av ulykken. F\u00f8reren av bilen er for beruset til \u00e5 la seg avh\u00f8re. Politiet har tatt f\u00f8rerkortet i beslag og oppretter straffesak p\u00e5 forholdet, heter det i en melding fra politiet.<\/p>\n<p>Var ikke til hinder for trafikk<\/p>\n<p>Alle involverte er unge menn i 20-\u00e5rene, sier politiet.<\/p>\n<p>\u2013 En av de n\u00e5 involverte blir behandlet av ambulanse. Det fremst\u00e5r ikke som en alvorlig skade. Bilen st\u00e5r utenfor veien og er ikke til hinder for trafikken, skrev politiet i en oppdatert melding klokken 02.58.<\/p>\n<p>   <img decoding=\"async\" width=\"1024\" height=\"768\" fetchpriority=\"low\"  loading=\"lazy\"  src=\"https:\/\/www.europesays.com\/no\/wp-content\/uploads\/2025\/12\/IMG_21531.jpg\" alt=\"\" class=\"brick-c-cFOWSL\" style=\"--brick-image-ratio: 1024 \/ 768;\"\/><\/p>\n<p>      BILDELER: Politiet har opprettet straffesak p\u00e5 forholdet.<br \/>\n      Foto: Oskar Manka\n    <\/p>\n<p>F\u00f8reren av bilen og en medpassasjer ble kj\u00f8rt til legevakten i Steinkjer.<\/p>\n<p>\u2013 Det blir tatt blodpr\u00f8ve av bilf\u00f8reren, skriver Fossen.<\/p>\n<p>Betegnes som alvorlig<\/p>\n<p>To av de andre passasjerene ble fraktet til sykehus.<\/p>\n<p>\u2013 Hva kan du si om skadene p\u00e5 vedkommende?<\/p>\n<p>\u2013 Det er uavklart skadeomfang, svarer operasjonslederen, som betegner ulykken som alvorlig overfor Tr\u00f8nder-Avisa.<\/p>\n<p>De materielle skadene p\u00e5 bilen er s\u00e5pass omfattende at bilen vil bli kondemnert, bekrefter Fossen. Tr\u00f8nder-Avisa har v\u00e6rt i kontakt med Tr\u00f8ndelag bilhjelp, som ogs\u00e5 sier at bilen er totalvrak.<\/p>\n<p>Brannvesenet har ryddet veibanen.<\/p>\n<p>  <a href=\"https:\/\/www.t-a.no\/5-116-2278222\" class=\"related-teaser has-image default-story-teaser article--c-eRUmMG article--c-eRUmMG-jKCPdD-design-default\" rel=\"nofollow noopener\" target=\"_blank\"><\/p>\n<p>    <img decoding=\"async\" loading=\"lazy\"  src=\"https:\/\/www.europesays.com\/no\/wp-content\/uploads\/2025\/12\/photo+%288%29.jpg\" alt=\"\" class=\"brick-c-cFOWSL\" style=\"\"\/><\/p>\n<p>\n            Les ogs\u00e5<\/p>\n<p>              Bil havnet p\u00e5 taket \u2013 to til sykehus\n        <\/p>\n<p>  <\/a><\/p>\n<p>  <a href=\"https:\/\/www.t-a.no\/5-116-2277904\" class=\"related-teaser has-image default-story-teaser article--c-eRUmMG article--c-eRUmMG-jKCPdD-design-default\" rel=\"nofollow noopener\" target=\"_blank\"><\/p>\n<p>    <img decoding=\"async\" loading=\"lazy\"  src=\"https:\/\/www.europesays.com\/no\/wp-content\/uploads\/2025\/12\/photo+%2850%29.jpg\" alt=\"\" class=\"brick-c-cFOWSL\" style=\"\"\/><\/p>\n<p>\n            Les ogs\u00e5<\/p>\n<p>              Bil kj\u00f8rt av vegen p\u00e5 E6 i Levanger\n        <\/p>\n<p>  <\/a><\/p>\n<p>  <a href=\"https:\/\/www.t-a.no\/5-116-2276465\" class=\"related-teaser has-image default-story-teaser article--c-eRUmMG article--c-eRUmMG-jKCPdD-design-default\" rel=\"nofollow noopener\" target=\"_blank\"><\/p>\n<p>    <img decoding=\"async\" loading=\"lazy\"  src=\"https:\/\/www.europesays.com\/no\/wp-content\/uploads\/2025\/12\/photo+%2842%29.jpg\" alt=\"\" class=\"brick-c-cFOWSL\" style=\"\"\/><\/p>\n<p>\n            Les ogs\u00e5<\/p>\n<p>              Trafikkulykke i Steinkjer \u2013 bremset for elg\n        <\/p>\n<p>  <\/a><\/p>\n","protected":false},"excerpt":{"rendered":"STEINKJER: Det var natt til f\u00f8rste juledag klokken 02.42 at n\u00f8detatene fikk melding. \u2013 En bil har kj\u00f8rt&hellip;\n","protected":false},"author":2,"featured_media":121520,"comment_status":"","ping_status":"","sticky":false,"template":"","format":"standard","meta":{"footnotes":""},"categories":[10],"tags":[36,20,21,24,25,15,22,23,9823,13,30,28,29,14,16,984,1510,26,27,224,51],"class_list":{"0":"post-121519","1":"post","2":"type-post","3":"status-publish","4":"format-standard","5":"has-post-thumbnail","7":"category-norge","8":"tag-art","9":"tag-breaking-news","10":"tag-breakingnews","11":"tag-featured-news","12":"tag-featurednews","13":"tag-headlines","14":"tag-latest-news","15":"tag-latestnews","16":"tag-maere","17":"tag-news","18":"tag-no","19":"tag-norge","20":"tag-norway","21":"tag-nyheter","22":"tag-overskrifter","23":"tag-steinkjer","24":"tag-story","25":"tag-top-stories","26":"tag-topstories","27":"tag-trafikk","28":"tag-ulykke"},"share_on_mastodon":{"url":"https:\/\/pubeurope.com\/@no\/115779872357870717","error":""},"_links":{"self":[{"href":"https:\/\/www.europesays.com\/no\/wp-json\/wp\/v2\/posts\/121519","targetHints":{"allow":["GET"]}}],"collection":[{"href":"https:\/\/www.europesays.com\/no\/wp-json\/wp\/v2\/posts"}],"about":[{"href":"https:\/\/www.europesays.com\/no\/wp-json\/wp\/v2\/types\/post"}],"author":[{"embeddable":true,"href":"https:\/\/www.europesays.com\/no\/wp-json\/wp\/v2\/users\/2"}],"replies":[{"embeddable":true,"href":"https:\/\/www.europesays.com\/no\/wp-json\/wp\/v2\/comments?post=121519"}],"version-history":[{"count":0,"href":"https:\/\/www.europesays.com\/no\/wp-json\/wp\/v2\/posts\/121519\/revisions"}],"wp:featuredmedia":[{"embeddable":true,"href":"https:\/\/www.europesays.com\/no\/wp-json\/wp\/v2\/media\/121520"}],"wp:attachment":[{"href":"https:\/\/www.europesays.com\/no\/wp-json\/wp\/v2\/media?parent=121519"}],"wp:term":[{"taxonomy":"category","embeddable":true,"href":"https:\/\/www.europesays.com\/no\/wp-json\/wp\/v2\/categories?post=121519"},{"taxonomy":"post_tag","embeddable":true,"href":"https:\/\/www.europesays.com\/no\/wp-json\/wp\/v2\/tags?post=121519"}],"curies":[{"name":"wp","href":"https:\/\/api.w.org\/{rel}","templated":true}]}}