{"id":121537,"date":"2025-12-25T11:36:27","date_gmt":"2025-12-25T11:36:27","guid":{"rendered":"https:\/\/www.europesays.com\/no\/121537\/"},"modified":"2025-12-25T11:36:27","modified_gmt":"2025-12-25T11:36:27","slug":"debatt-ytring-mossejul-pa-netflix","status":"publish","type":"post","link":"https:\/\/www.europesays.com\/no\/121537\/","title":{"rendered":"Debatt, Ytring | Mossejul p\u00e5 Netflix"},"content":{"rendered":"\n<p>I disse trange budsjett-tider blir ofte pengesekken til kultur regelrett snaubarbert. Men kultur kan ogs\u00e5 v\u00e6re en smart investering. Mossing og prisbel\u00f8nt regiss\u00f8r, Per-Olav S\u00f8rensen, har kjempesuksess med den tredje sesongen av Hjem til jul. Denne gangen med sk\u00f8ytebanen ved paviljongen midt i Moss i en slags hovedrolle i winter wonderland for millioner av seere p\u00e5 Netflix. I en rekke land sitter folk klistret til skjermen og f\u00e5r julestemning fra isparketten i kr\u00e5kebyen. <\/p>\n<p>Men han er ikke eneste mossing i dette juleeventyret, som n\u00e5 alts\u00e5 har f\u00e5tt sin tredje sesong. Med p\u00e5 laget er ogs\u00e5 Helga Guren, kanskje mest kjent for sin rolle i filmen Elskling. Under utdelingen av filmkritikerprisen 2025 ble hun k\u00e5ret til beste skuespiller for sin innsats. I Hjem til jul spiller Guren s\u00f8steren til hovedpersonen, Johanne. Men ogs\u00e5 Christian Ruud Kallum er med i filmen, s\u00e5 her er mossingene godt representert. <\/p>\n<p>I h\u00f8st ble det kjent at skuespiller, artist og l\u00e5tskriver Sverre Breivik (Metteson) har f\u00e5tt hovedrollen i filmen om Henki Hauge Karlsen i NRK-serien Henki, mossmannen som fikk sparken fordi han var aidssyk og tok saken til H\u00f8yesterett, hvor han vant &#8211; men d\u00f8de f\u00e5 m\u00e5neder senere i 1981. Denne serien er det knyttet store forventninger til. Men Breivik som har hatt stor suksess som b\u00e5de artist og skuespiller kapret alts\u00e5 denne rollen.<\/p>\n<p>I mange \u00e5r har det v\u00e6rt satset p\u00e5 Teaterkr\u00e5kene og Applaus i Moss. N\u00e5 viser denne jobben at det gror i kulturlivet i byen, hvor alts\u00e5 nye navn kommer opp og gj\u00f8r seg bemerket p\u00e5 scenen b\u00e5de nasjonalt og internasjonalt. Men s\u00e5 sent som i fjor ble Applaus foresl\u00e5tt nedlagt. Det ble heldigvis ikke noe av. For dette har v\u00e6rt springbrettet til et yrkesliv innen kultur og underholdning for flere kjente mossinger som Emil Gukild, Sofie Bjerketvedt og Kai Thomas Larsen (Skrellex).<\/p>\n<p>For\u00f8vrig fortjener Per-Olav S\u00f8rensen og tekstforfatter Geir Meum Olsen honn\u00f8r for deres innsats for Parkteatret. De to parhestene driftet denne kulturinstitusjonen i Moss fra 2003 til 2018. Produksjonen Valgets kval med Brede B\u00f8e ble sydd sammen p\u00e5 Parkteatret og denne forestillingen vant tre Komipriser i 2010. Blant annet for beste show. De to st\u00e5r ogs\u00e5 bak den internasjonale Nonstopfestivalen i Moss, hvor Geir Meum Olsen n\u00e5 er festivalsjef. <\/p>\n<p>I sum utgj\u00f8r de spennende forestillingene fra de ulike akt\u00f8rene kulturelle fyrt\u00e5rn p\u00e5 den lokale scenen. Samtidig som vi alts\u00e5 ser at flere bokstavelig talt tar spranget opp til det nasjonale og internasjonale plan. Det tyder p\u00e5 at det jobbes godt med talentutvikling. Dette er viktig for hele byens omd\u00f8mme og flere her er sv\u00e6rt gode mosse-ambassad\u00f8rer. Denne satsingen blir ikke mindre viktig i framtiden. <\/p>\n","protected":false},"excerpt":{"rendered":"I disse trange budsjett-tider blir ofte pengesekken til kultur regelrett snaubarbert. Men kultur kan ogs\u00e5 v\u00e6re en smart&hellip;\n","protected":false},"author":2,"featured_media":121538,"comment_status":"","ping_status":"","sticky":false,"template":"","format":"standard","meta":{"footnotes":""},"categories":[58],"tags":[14433,36,37,71,10169,410,116,30,28,29,14,1533,14434,72,963],"class_list":{"0":"post-121537","1":"post","2":"type-post","3":"status-publish","4":"format-standard","5":"has-post-thumbnail","7":"category-underholdning","8":"tag-applaus","9":"tag-art","10":"tag-debatt","11":"tag-entertainment","12":"tag-hjem-til-jul","13":"tag-kultur","14":"tag-moss","15":"tag-no","16":"tag-norge","17":"tag-norway","18":"tag-nyheter","19":"tag-opinion","20":"tag-parkteatret","21":"tag-underholdning","22":"tag-ytring"},"share_on_mastodon":{"url":"https:\/\/pubeurope.com\/@no\/115780005617103910","error":""},"_links":{"self":[{"href":"https:\/\/www.europesays.com\/no\/wp-json\/wp\/v2\/posts\/121537","targetHints":{"allow":["GET"]}}],"collection":[{"href":"https:\/\/www.europesays.com\/no\/wp-json\/wp\/v2\/posts"}],"about":[{"href":"https:\/\/www.europesays.com\/no\/wp-json\/wp\/v2\/types\/post"}],"author":[{"embeddable":true,"href":"https:\/\/www.europesays.com\/no\/wp-json\/wp\/v2\/users\/2"}],"replies":[{"embeddable":true,"href":"https:\/\/www.europesays.com\/no\/wp-json\/wp\/v2\/comments?post=121537"}],"version-history":[{"count":0,"href":"https:\/\/www.europesays.com\/no\/wp-json\/wp\/v2\/posts\/121537\/revisions"}],"wp:featuredmedia":[{"embeddable":true,"href":"https:\/\/www.europesays.com\/no\/wp-json\/wp\/v2\/media\/121538"}],"wp:attachment":[{"href":"https:\/\/www.europesays.com\/no\/wp-json\/wp\/v2\/media?parent=121537"}],"wp:term":[{"taxonomy":"category","embeddable":true,"href":"https:\/\/www.europesays.com\/no\/wp-json\/wp\/v2\/categories?post=121537"},{"taxonomy":"post_tag","embeddable":true,"href":"https:\/\/www.europesays.com\/no\/wp-json\/wp\/v2\/tags?post=121537"}],"curies":[{"name":"wp","href":"https:\/\/api.w.org\/{rel}","templated":true}]}}