{"id":121541,"date":"2025-12-25T11:50:11","date_gmt":"2025-12-25T11:50:11","guid":{"rendered":"https:\/\/www.europesays.com\/no\/121541\/"},"modified":"2025-12-25T11:50:11","modified_gmt":"2025-12-25T11:50:11","slug":"nyheter-hendelser-roykutvikling-i-leilighetsbygg-en-mindre-brann","status":"publish","type":"post","link":"https:\/\/www.europesays.com\/no\/121541\/","title":{"rendered":"Nyheter, Hendelser | R\u00f8ykutvikling i leilighetsbygg: \u2013 En mindre brann"},"content":{"rendered":"\n<p>110-sentralen melder at det har v\u00e6rt r\u00f8yk i et boligbygg i Ole Vigs gate p\u00e5 M\u00f8hlenpris.<\/p>\n<p>Politiet melder at r\u00f8ykdykkere er p\u00e5 stedet og har avklart at det ikke brenner n\u00e5.<\/p>\n<p>R\u00f8yken skal ha kommet fra en leilighet i f\u00f8rste etasje, hvor brannvesenet oppgir \u00e5 ha slukket en mindre brann.<\/p>\n<p>\u2013 Det er uvisst hva som har brent, melder operasjonsleder Frode Kolltveit i politiet.<\/p>\n<p>Vaktleder Jostein Steinsland Hauge ved 110-sentralen sier at det har brent litt p\u00e5 gulvet og oppover en vegg.<\/p>\n<p>   <img decoding=\"async\" width=\"4032\" height=\"3024\" fetchpriority=\"low\"  loading=\"lazy\"  src=\"https:\/\/www.europesays.com\/no\/wp-content\/uploads\/2025\/12\/IMG_3396+%281%29.jpg\" alt=\"\" class=\"brick-c-cFOWSL\" style=\"--brick-image-ratio: 4032 \/ 3024;\"\/><\/p>\n<p>En mann i 70\u00e5rene har f\u00e5tt tilsyn av lege, og det er ikke rapportert om at andre er skadet.<\/p>\n<p>\u2013 Det skal ha brent i leiligheten til personen som fikk tilsyn, melder Kolltveit.<\/p>\n<p>Ingen personer er blitt evakuert som f\u00f8lge av hendelsen, men Anette Rekdal i politiet opplyser til BA p\u00e5 stedet at en annen person evakuerte seg selv fra en leilighet i en annen etasje.<\/p>\n<p>\u2013 Det var ikke brann da vi kom hit, men det har v\u00e6rt branntill\u00f8p her. N\u00e5 har vi kontrollert og ventilert ut r\u00f8yken, sier utrykningsleder Torkel Aastveit i brannvesenet.<\/p>\n<p>Leiligheten luftes ut.<\/p>\n<p>Den skal v\u00e6re beboelig, melder politiet.<\/p>\n<p>   <img decoding=\"async\" width=\"5152\" height=\"3864\" fetchpriority=\"low\"  loading=\"lazy\"  src=\"https:\/\/www.europesays.com\/no\/wp-content\/uploads\/2025\/12\/IMG_3403.jpg\" alt=\"\" class=\"brick-c-cFOWSL\" style=\"--brick-image-ratio: 5152 \/ 3864;\"\/><\/p>\n<p>      Anette Rekdal i politiet.<br \/>\n      Foto: Andreas Slettevold\n    <\/p>\n","protected":false},"excerpt":{"rendered":"110-sentralen melder at det har v\u00e6rt r\u00f8yk i et boligbygg i Ole Vigs gate p\u00e5 M\u00f8hlenpris. Politiet melder&hellip;\n","protected":false},"author":2,"featured_media":121542,"comment_status":"","ping_status":"","sticky":false,"template":"","format":"standard","meta":{"footnotes":""},"categories":[10],"tags":[36,20,21,24,25,15,168,22,23,13,30,28,29,14,16,1975,1510,26,27],"class_list":{"0":"post-121541","1":"post","2":"type-post","3":"status-publish","4":"format-standard","5":"has-post-thumbnail","7":"category-norge","8":"tag-art","9":"tag-breaking-news","10":"tag-breakingnews","11":"tag-featured-news","12":"tag-featurednews","13":"tag-headlines","14":"tag-hendelser","15":"tag-latest-news","16":"tag-latestnews","17":"tag-news","18":"tag-no","19":"tag-norge","20":"tag-norway","21":"tag-nyheter","22":"tag-overskrifter","23":"tag-roykutvikling","24":"tag-story","25":"tag-top-stories","26":"tag-topstories"},"share_on_mastodon":{"url":"https:\/\/pubeurope.com\/@no\/115780060867808794","error":""},"_links":{"self":[{"href":"https:\/\/www.europesays.com\/no\/wp-json\/wp\/v2\/posts\/121541","targetHints":{"allow":["GET"]}}],"collection":[{"href":"https:\/\/www.europesays.com\/no\/wp-json\/wp\/v2\/posts"}],"about":[{"href":"https:\/\/www.europesays.com\/no\/wp-json\/wp\/v2\/types\/post"}],"author":[{"embeddable":true,"href":"https:\/\/www.europesays.com\/no\/wp-json\/wp\/v2\/users\/2"}],"replies":[{"embeddable":true,"href":"https:\/\/www.europesays.com\/no\/wp-json\/wp\/v2\/comments?post=121541"}],"version-history":[{"count":0,"href":"https:\/\/www.europesays.com\/no\/wp-json\/wp\/v2\/posts\/121541\/revisions"}],"wp:featuredmedia":[{"embeddable":true,"href":"https:\/\/www.europesays.com\/no\/wp-json\/wp\/v2\/media\/121542"}],"wp:attachment":[{"href":"https:\/\/www.europesays.com\/no\/wp-json\/wp\/v2\/media?parent=121541"}],"wp:term":[{"taxonomy":"category","embeddable":true,"href":"https:\/\/www.europesays.com\/no\/wp-json\/wp\/v2\/categories?post=121541"},{"taxonomy":"post_tag","embeddable":true,"href":"https:\/\/www.europesays.com\/no\/wp-json\/wp\/v2\/tags?post=121541"}],"curies":[{"name":"wp","href":"https:\/\/api.w.org\/{rel}","templated":true}]}}