{"id":121545,"date":"2025-12-25T11:57:09","date_gmt":"2025-12-25T11:57:09","guid":{"rendered":"https:\/\/www.europesays.com\/no\/121545\/"},"modified":"2025-12-25T11:57:09","modified_gmt":"2025-12-25T11:57:09","slug":"norsk-mann-domt-for-voldtekt-i-sverige","status":"publish","type":"post","link":"https:\/\/www.europesays.com\/no\/121545\/","title":{"rendered":"Norsk mann d\u00f8mt for voldtekt i Sverige"},"content":{"rendered":"\n<p class=\"_lead_o9xde_2 _lead_xtcu6_50 layout-component text-serif-m layout-normal text-serif-l layout-component layout-wide layout-padded _wide_17hqh_1 layout-padded\">Norsk politi hjalp svenskene med \u00e5 finne mannen i 30-\u00e5rene, flere \u00e5r etter at lovbruddet fant sted.<\/p>\n<p><img alt=\" Foto: Daniel Kihlstr\u00f6m \/ TT \/ TT Nyhetsbyr\u00e5n \/ NTB\" class=\"_image_qp4xg_65 layout-component layout-wide\" data-fullscreen- data-track-element-type=\"Article image fullscreen\" data-track-name=\"ImageFullscreen\" fetchpriority=\"high\" decoding=\"sync\" loading=\"eager\" height=\"4016\" itemprop=\"image\"  src=\"https:\/\/www.europesays.com\/no\/wp-content\/uploads\/2025\/12\/0504830a-6503-4253-9225-916d6134e77b\"  style=\"object-position:0% 0%\" width=\"6016\"\/> Foto: Daniel Kihlstr\u00f6m \/ TT \/ TT Nyhetsbyr\u00e5n \/ NTB<\/p>\n<ul aria-hidden=\"true\" class=\"_images_ntbth_112\">\n<li><a class=\"_link_ntbth_117\" href=\"https:\/\/www.vg.no\/forfatter\/vilde-elgaaen\" style=\"z-index:1\" title=\"Vilde Elgaaen\" rel=\"nofollow noopener\" target=\"_blank\"><img alt=\"Bilde av Vilde Elgaaen\" class=\"_image_ntbth_93\" fetchpriority=\"low\" loading=\"lazy\" decoding=\"async\" itemprop=\"image\"  src=\"https:\/\/www.europesays.com\/no\/wp-content\/uploads\/2025\/12\/1766663829_350_d7abc11e-e453-4b15-b473-933209ff5fea\"  width=\"480\"\/><\/a><\/li>\n<\/ul>\n<p> Oppdatert torsdag 25. desember kl. 12:29     <\/p>\n<p class=\"_paragraph_o9xde_4 _paragraph_xtcu6_10 layout-component text-serif-m layout-normal text-serif-m layout-padded\">N\u00e5 er han d\u00f8mt til fengsel i ett \u00e5r og \u00e5tte m\u00e5neder. <\/p>\n<p class=\"_paragraph_o9xde_4 _paragraph_xtcu6_10 layout-component text-serif-m layout-normal text-serif-m layout-padded\">\u2013 Det eneste jeg kan si er at min klient nekter straffskyld, og at vi har anketanket\u00c5 anke betyr \u00e5 be om at en h\u00f8yere domstol vurderer en sak p\u00e5 nytt etter at en dom er avsagt i en lavere domstol. dommen da tingretten har gjort en feilaktig bevisvurderingbevisvurdering Bevisvurdering er prosessen der domstolen vurderer og analyserer bevisene som er presentert i en sak for \u00e5 avgj\u00f8re skyld eller uskyld., sier hans svenske forsvarer Eleonora Johansson Bergdahl ved Bergdahl &amp; Johansson Advokatbyr\u00e5 til VG. <\/p>\n<p class=\"_paragraph_o9xde_4 _paragraph_xtcu6_10 layout-component text-serif-m layout-normal text-serif-m layout-padded\">Mannen er d\u00f8mt for \u00e5 ha voldtatt en kvinne som ble borte fra venninnen sin under en kveld p\u00e5 byen i Helsingborg i <a href=\"https:\/\/www.vg.no\/tag\/sverige?utm_source=vg-article&amp;utm_medium=auto-tagger&amp;utm_campaign=K83WMM\" class=\"_link_o9xde_39\" rel=\"nofollow noopener\" target=\"_blank\">Sverige<\/a> i 2019.<\/p>\n<p class=\"_paragraph_o9xde_4 _paragraph_xtcu6_10 layout-component text-serif-m layout-normal text-serif-m layout-padded\">Kvinnen hadde plutselig f\u00f8lt seg d\u00e5rlig og g\u00e5tt ut for \u00e5 f\u00e5 litt luft, <a href=\"https:\/\/www.hd.se\/helsingborg\/norsk-dna-traff-ledde-till-valdtaktsdom-sex-ar-efter-brottet\/\" class=\"_link_o9xde_39\" rel=\"nofollow noopener\" target=\"_blank\">skriver svenske HD<\/a>. <\/p>\n<p class=\"_paragraph_o9xde_4 _paragraph_xtcu6_10 layout-component text-serif-m layout-normal text-serif-m layout-padded\">De skriver at en fremmed mann da skal ha dukket opp. Han skal holdt h\u00e5ret hennes mens hun kastet opp, og tilbudt seg \u00e5 kj\u00f8re henne hjem. <\/p>\n<p class=\"_paragraph_o9xde_4 _paragraph_xtcu6_10 layout-component text-serif-m layout-normal text-serif-m layout-padded\">Vel hjemme hos kvinnen, \u00f8nsket han ikke \u00e5 g\u00e5, if\u00f8lge <a href=\"https:\/\/www.hd.se\/helsingborg\/norsk-dna-traff-ledde-till-valdtaktsdom-sex-ar-efter-brottet\/\" class=\"_link_o9xde_39\" rel=\"nofollow noopener\" target=\"_blank\">avisen<\/a>.<\/p>\n<p class=\"_paragraph_o9xde_4 _paragraph_xtcu6_10 layout-component text-serif-m layout-normal text-serif-m layout-padded\">I stedet skal han ha forgrepet seg p\u00e5 henne, til tross for at hun motsatte seg ham og sa nei flere ganger, if\u00f8lge avisen.<\/p>\n<p class=\"_paragraph_o9xde_4 _paragraph_xtcu6_10 layout-component text-serif-m layout-normal text-serif-m layout-padded\">Hun opps\u00f8kte politiet og anmeldte saken dagen etter, og det ble sikret DNA-spor fra leiligheten.<\/p>\n<p class=\"_paragraph_o9xde_4 _paragraph_xtcu6_10 layout-component text-serif-m layout-normal text-serif-m layout-padded\">Det var ingen treff p\u00e5 DNAet i hverken svenske eller internasjonale registre, og siden gjerningsmannen var fremmed for henne, visste kvinnen heller ikke hvem det var. <\/p>\n<p class=\"_paragraph_o9xde_4 _paragraph_xtcu6_10 layout-component text-serif-m layout-normal text-serif-m layout-padded\">Det tok fem \u00e5r f\u00f8r det plutselig dukket opp et spor \u2013 hos norsk politi. <\/p>\n<p class=\"_paragraph_o9xde_4 _paragraph_xtcu6_10 layout-component text-serif-m layout-normal text-serif-m layout-padded\">I slutten av 2024 fikk de nemlig treff p\u00e5 DNAet fra leiligheten. Det tilh\u00f8rte en mann i 30-\u00e5rene bosatt i Oslo. <\/p>\n<p class=\"_paragraph_o9xde_4 _paragraph_xtcu6_10 layout-component text-serif-m layout-normal text-serif-m layout-padded\">If\u00f8lge <a href=\"https:\/\/www.hd.se\/helsingborg\/norsk-dna-traff-ledde-till-valdtaktsdom-sex-ar-efter-brottet\/\" class=\"_link_o9xde_39\" rel=\"nofollow noopener\" target=\"_blank\">HD<\/a> skal mannen ha forklart at han ikke husker kvinnen, men at hun kunne v\u00e6rt en av flere han festet med i Helsingborg p\u00e5 den tiden, og at samleie ville skjedd med samtykke. <\/p>\n<p class=\"_paragraph_o9xde_4 _paragraph_xtcu6_10 layout-component text-serif-m layout-normal text-serif-m layout-padded\">Han nektet derfor straffskyld da saken gikk for retten. Hans advokat opplyser at de anker.<\/p>\n<p class=\"_paragraph_o9xde_4 _paragraph_xtcu6_10 layout-component text-serif-m layout-normal text-serif-m layout-padded\">Straffen ble satt til 1 \u00e5r og \u00e5tte m\u00e5neder1 \u00e5r og \u00e5tte m\u00e5nederMinstestraffen i 2019 var to \u00e5rs fengsel i Sverige. I dag er det tre \u00e5rs fengsel. Han fikk strafferabatt p\u00e5 fire m\u00e5neder., samt et erstatningskrav p\u00e5 115.000115.000Omtrent 125.000 norske kroner svenske kroner. <\/p>\n","protected":false},"excerpt":{"rendered":"Norsk politi hjalp svenskene med \u00e5 finne mannen i 30-\u00e5rene, flere \u00e5r etter at lovbruddet fant sted. Foto:&hellip;\n","protected":false},"author":2,"featured_media":121546,"comment_status":"","ping_status":"","sticky":false,"template":"","format":"standard","meta":{"footnotes":""},"categories":[10],"tags":[20,21,24,25,15,148,22,23,13,30,28,29,14,16,1359,26,27],"class_list":{"0":"post-121545","1":"post","2":"type-post","3":"status-publish","4":"format-standard","5":"has-post-thumbnail","7":"category-norge","8":"tag-breaking-news","9":"tag-breakingnews","10":"tag-featured-news","11":"tag-featurednews","12":"tag-headlines","13":"tag-kriminalitet","14":"tag-latest-news","15":"tag-latestnews","16":"tag-news","17":"tag-no","18":"tag-norge","19":"tag-norway","20":"tag-nyheter","21":"tag-overskrifter","22":"tag-sverige","23":"tag-top-stories","24":"tag-topstories"},"share_on_mastodon":{"url":"https:\/\/pubeurope.com\/@no\/115780088410832689","error":""},"_links":{"self":[{"href":"https:\/\/www.europesays.com\/no\/wp-json\/wp\/v2\/posts\/121545","targetHints":{"allow":["GET"]}}],"collection":[{"href":"https:\/\/www.europesays.com\/no\/wp-json\/wp\/v2\/posts"}],"about":[{"href":"https:\/\/www.europesays.com\/no\/wp-json\/wp\/v2\/types\/post"}],"author":[{"embeddable":true,"href":"https:\/\/www.europesays.com\/no\/wp-json\/wp\/v2\/users\/2"}],"replies":[{"embeddable":true,"href":"https:\/\/www.europesays.com\/no\/wp-json\/wp\/v2\/comments?post=121545"}],"version-history":[{"count":0,"href":"https:\/\/www.europesays.com\/no\/wp-json\/wp\/v2\/posts\/121545\/revisions"}],"wp:featuredmedia":[{"embeddable":true,"href":"https:\/\/www.europesays.com\/no\/wp-json\/wp\/v2\/media\/121546"}],"wp:attachment":[{"href":"https:\/\/www.europesays.com\/no\/wp-json\/wp\/v2\/media?parent=121545"}],"wp:term":[{"taxonomy":"category","embeddable":true,"href":"https:\/\/www.europesays.com\/no\/wp-json\/wp\/v2\/categories?post=121545"},{"taxonomy":"post_tag","embeddable":true,"href":"https:\/\/www.europesays.com\/no\/wp-json\/wp\/v2\/tags?post=121545"}],"curies":[{"name":"wp","href":"https:\/\/api.w.org\/{rel}","templated":true}]}}