{"id":121549,"date":"2025-12-25T12:08:11","date_gmt":"2025-12-25T12:08:11","guid":{"rendered":"https:\/\/www.europesays.com\/no\/121549\/"},"modified":"2025-12-25T12:08:11","modified_gmt":"2025-12-25T12:08:11","slug":"dodsfall-minneord-trond-randulf-jaarvik-minneord","status":"publish","type":"post","link":"https:\/\/www.europesays.com\/no\/121549\/","title":{"rendered":"D\u00f8dsfall, Minneord | Trond Randulf Jaarvik minneord"},"content":{"rendered":"\n<p>S\u00f8ndag ettermiddag ble en mann p\u00e5kj\u00f8rt ved Down Town i Porsgrunn. Mannen ble f\u00f8rst behandlet p\u00e5 stedet og deretter fl\u00f8yet til sykehus i Oslo, men livet sto ikke til \u00e5 redde. Bilf\u00f8rer er siktet for brudd p\u00e5 vegtrafikkloven.<\/p>\n<p>Mannen som ble p\u00e5kj\u00f8rt i Porsgrunn s\u00f8ndag var Trond Randulf Jaarvik.<\/p>\n<p>Med tillatelse fra den n\u00e6rmeste familie trykker TA minneordet Skiensmannen \u00d8istein Wickle delte p\u00e5 sin Facebook-konto julaften.<\/p>\n<p>  <a href=\"https:\/\/www.ta.no\/5-50-2247058\" class=\"related-teaser has-image default-story-teaser article--c-eRUmMG article--c-eRUmMG-jKCPdD-design-default\" rel=\"nofollow noopener\" target=\"_blank\"><\/p>\n<p>    <img decoding=\"async\" loading=\"lazy\"  src=\"https:\/\/www.europesays.com\/no\/wp-content\/uploads\/2025\/12\/1766664491_683_Porsgrunnsladd.jpg\" alt=\"\" class=\"brick-c-cFOWSL\" style=\"\"\/><\/p>\n<p>\n            Les ogs\u00e5<\/p>\n<p>              Mann d\u00f8de etter p\u00e5kj\u00f8rsel\n        <\/p>\n<p>  <\/a><br \/>\n  En bauta er borte<\/p>\n<p>Min aller beste venn og kamerat siden vi vokste opp sammen har g\u00e5tt bort.<\/p>\n<p>Trond Randulf Jaarvik har g\u00e5tt bort.<\/p>\n<p>Trond var i en stygg ulykke i Porsgrunn n\u00e5 p\u00e5 s\u00f8ndag. De klarte dessverre ikke \u00e5 redde livet hans inne p\u00e5 Ullevaal Sykehus.<\/p>\n<p>Trond var en vandringsmann i Porsgrunn og kunne alt om det historiske som skjedde der i form av bilder og fortellinger.<\/p>\n<p>Han var en beriket person. Han drev York i Skien i mange \u00e5r sammen med sin far og senere alene. En glad og lykkelig mann som bodde p\u00e5 Nenset.<\/p>\n<p>Selv s\u00e5 minnes jeg Trond fra guttedagene i Rjukan og her i Grenland. Og selvf\u00f8lgelig i voksen alder. Han var mye ute p\u00e5 Jomfruland der han ferierte med sin familie og senere i seileb\u00e5t.<\/p>\n<p>En bauta av en mann har g\u00e5tt bort s\u00e5 altfor tidlig. Han spredde glede der han var og der han vandret. Det var alltid et smil \u00e5 f\u00e5 av Trond.<\/p>\n<p>Trond Randulf Jaarvik har g\u00e5tt bort i en alder av 59 \u00e5r.<\/p>\n<p>Du vil bli husket som en \u00e6rlig mann, snille, glade, omtenksomme, hjelpsomme, morsomme, en smittende latter, empati som du bar p\u00e5.<\/p>\n<p>Hvil i fred min venn.<\/p>\n","protected":false},"excerpt":{"rendered":"S\u00f8ndag ettermiddag ble en mann p\u00e5kj\u00f8rt ved Down Town i Porsgrunn. Mannen ble f\u00f8rst behandlet p\u00e5 stedet og&hellip;\n","protected":false},"author":2,"featured_media":121550,"comment_status":"","ping_status":"","sticky":false,"template":"","format":"standard","meta":{"footnotes":""},"categories":[10],"tags":[36,20,21,576,24,25,2108,15,22,23,692,13,30,28,29,14,16,1510,26,27],"class_list":{"0":"post-121549","1":"post","2":"type-post","3":"status-publish","4":"format-standard","5":"has-post-thumbnail","7":"category-norge","8":"tag-art","9":"tag-breaking-news","10":"tag-breakingnews","11":"tag-dodsfall","12":"tag-featured-news","13":"tag-featurednews","14":"tag-grenland","15":"tag-headlines","16":"tag-latest-news","17":"tag-latestnews","18":"tag-minneord","19":"tag-news","20":"tag-no","21":"tag-norge","22":"tag-norway","23":"tag-nyheter","24":"tag-overskrifter","25":"tag-story","26":"tag-top-stories","27":"tag-topstories"},"share_on_mastodon":{"url":"https:\/\/pubeurope.com\/@no\/115780131605801226","error":""},"_links":{"self":[{"href":"https:\/\/www.europesays.com\/no\/wp-json\/wp\/v2\/posts\/121549","targetHints":{"allow":["GET"]}}],"collection":[{"href":"https:\/\/www.europesays.com\/no\/wp-json\/wp\/v2\/posts"}],"about":[{"href":"https:\/\/www.europesays.com\/no\/wp-json\/wp\/v2\/types\/post"}],"author":[{"embeddable":true,"href":"https:\/\/www.europesays.com\/no\/wp-json\/wp\/v2\/users\/2"}],"replies":[{"embeddable":true,"href":"https:\/\/www.europesays.com\/no\/wp-json\/wp\/v2\/comments?post=121549"}],"version-history":[{"count":0,"href":"https:\/\/www.europesays.com\/no\/wp-json\/wp\/v2\/posts\/121549\/revisions"}],"wp:featuredmedia":[{"embeddable":true,"href":"https:\/\/www.europesays.com\/no\/wp-json\/wp\/v2\/media\/121550"}],"wp:attachment":[{"href":"https:\/\/www.europesays.com\/no\/wp-json\/wp\/v2\/media?parent=121549"}],"wp:term":[{"taxonomy":"category","embeddable":true,"href":"https:\/\/www.europesays.com\/no\/wp-json\/wp\/v2\/categories?post=121549"},{"taxonomy":"post_tag","embeddable":true,"href":"https:\/\/www.europesays.com\/no\/wp-json\/wp\/v2\/tags?post=121549"}],"curies":[{"name":"wp","href":"https:\/\/api.w.org\/{rel}","templated":true}]}}