{"id":121554,"date":"2025-12-25T12:16:15","date_gmt":"2025-12-25T12:16:15","guid":{"rendered":"https:\/\/www.europesays.com\/no\/121554\/"},"modified":"2025-12-25T12:16:15","modified_gmt":"2025-12-25T12:16:15","slug":"det-gikk-skikkelig-inn-pa-meg","status":"publish","type":"post","link":"https:\/\/www.europesays.com\/no\/121554\/","title":{"rendered":"\u2013 Det gikk skikkelig inn p\u00e5 meg."},"content":{"rendered":"\n<p class=\"_paragraph_o9xde_4 _paragraph_xtcu6_10 layout-component text-serif-m layout-normal text-serif-m layout-padded\">Helseminister og Ap-nestleder Jan Christian Vestre har invitert VG med p\u00e5 en f\u00f8rjulstur til Troms\u00f8. <\/p>\n<p class=\"_paragraph_o9xde_4 _paragraph_xtcu6_10 layout-component text-serif-m layout-normal text-serif-m layout-padded\">Innimellom bes\u00f8k hos sykehus, frivillige partikolleger og samtaler med vanlige folk, tar han seg tid til \u00e5 senke skuldrene og vende blikket fremover \u2013 og bakover.<\/p>\n<p><img alt=\"\" class=\"_image_qp4xg_65 layout-component layout-left\" data-fullscreen- data-track-element-type=\"Article image fullscreen\" data-track-name=\"ImageFullscreen\" decoding=\"async\" loading=\"lazy\" height=\"5447\" itemprop=\"image\"  src=\"https:\/\/www.europesays.com\/no\/wp-content\/uploads\/2025\/12\/1acd25be-2560-45d4-8656-3fe05ec9d4a4\"  style=\"object-position:0% 0%\" width=\"7262\"\/><img alt=\"\" class=\"_image_qp4xg_65 layout-component layout-right\" data-fullscreen- data-track-element-type=\"Article image fullscreen\" data-track-name=\"ImageFullscreen\" decoding=\"async\" loading=\"lazy\" height=\"5482\" itemprop=\"image\"  src=\"https:\/\/www.europesays.com\/no\/wp-content\/uploads\/2025\/12\/c62c4734-1c05-4cd9-a79d-c221c8812f9e\"  style=\"object-position:0% 0%\" width=\"7309\"\/><\/p>\n<p class=\"_paragraph_o9xde_4 _paragraph_xtcu6_10 layout-component text-serif-m layout-normal text-serif-m layout-padded\">Ap har akkurat lagt fram sin nye \u00abplan for Norge\u00bb, og Vestre snakker p\u00e5 inn- og utpust om partiets plan for Norge, og vi mister telling p\u00e5 hvor mange ganger han sier at han skal \u00abfornye, forbedre og forsterke offentlig sektor\u00bb.<\/p>\n<p class=\"_paragraph_o9xde_4 _paragraph_xtcu6_10 layout-component text-serif-m layout-normal text-serif-m layout-padded\">\u2013 Du er en slags vandrende anti-tese til H\u00f8yres slagord \u00abIngen slagord\u00bb?<\/p>\n<p class=\"_paragraph_o9xde_4 _paragraph_xtcu6_10 layout-component text-serif-m layout-normal text-serif-m layout-padded\">\u2013 Ja takk, begge deler, tenker jeg. Slagord er fint, men det er f\u00f8rst og fremst politikk og politiske prioriteringer folk er opptatt av.<\/p>\n<p>\u2013 Kaos og usikkerhet<\/p>\n<p class=\"_paragraph_o9xde_4 _paragraph_xtcu6_10 layout-component text-serif-m layout-normal text-serif-m layout-padded\">Vestre er ogs\u00e5 forn\u00f8yd med at Ap-regjeringens f\u00f8rste statsbudsjett\u00a0er landet.<\/p>\n<p class=\"_paragraph_o9xde_4 _paragraph_xtcu6_10 layout-component text-serif-m layout-normal text-serif-m layout-padded\">\u2013 Vi har et godt samarbeid p\u00e5 r\u00f8dgr\u00f8nn side, det viste vi under forhandlingene. Det var jo de som mente at dette ikke kom til \u00e5 bli s\u00e5 enkelt &#8211; og at det ville bli kaos og usikkerhet.<\/p>\n<p class=\"_paragraph_o9xde_4 _paragraph_xtcu6_10 layout-component text-serif-m layout-normal text-serif-m layout-padded\">&#8211; Og det ble det jo. Det ble ikke s\u00e5 enkelt. Og det ble b\u00e5de brudd, kaos og usikkerhet.\u00a0<\/p>\n<p class=\"_paragraph_o9xde_4 _paragraph_xtcu6_10 layout-component text-serif-m layout-normal text-serif-m layout-padded\">&#8211; Jo, men det gikk til slutt og jeg vil p\u00e5st\u00e5 det har v\u00e6rt verre f\u00f8r. V\u00e5re forhandlere p\u00e5 Stortinget gjorde en veldig god jobb, og landet fikk et godt budsjett. Og regjeringen har vist at vi er styringsdyktige og finner l\u00f8sninger med andre partier.<\/p>\n<p><img alt=\"\" class=\"_image_qp4xg_65 layout-component layout-left\" data-fullscreen- data-track-element-type=\"Article image fullscreen\" data-track-name=\"ImageFullscreen\" decoding=\"async\" loading=\"lazy\" height=\"4050\" itemprop=\"image\"  src=\"https:\/\/www.europesays.com\/no\/wp-content\/uploads\/2025\/12\/cb9a6ba0-9510-4bd2-a2df-1781e3ab15da\"  style=\"object-position:0% 0%\" width=\"5400\"\/><img alt=\"\" class=\"_image_qp4xg_65 layout-component layout-right\" data-fullscreen- data-track-element-type=\"Article image fullscreen\" data-track-name=\"ImageFullscreen\" decoding=\"async\" loading=\"lazy\" height=\"5499\" itemprop=\"image\"  src=\"https:\/\/www.europesays.com\/no\/wp-content\/uploads\/2025\/12\/2493cd3c-a68d-40b8-a2f8-208d9049d2a1\"  style=\"object-position:0% 0%\" width=\"7331\"\/><\/p>\n<p class=\"_paragraph_o9xde_4 _paragraph_xtcu6_10 layout-component text-serif-m layout-normal text-serif-m layout-padded\">\u2013 Og n\u00e5r en tenker tilbake til de rundene man har hatt tidligere med mindretallsregjeringer p\u00e5 Stortinget: Hvor det har v\u00e6rt slamring med d\u00f8rene og partier har kommet og g\u00e5tt og forlatt forhandlinger og kommet tilbake&#8230;<\/p>\n<p class=\"_paragraph_o9xde_4 _paragraph_xtcu6_10 layout-component text-serif-m layout-normal text-serif-m layout-padded\">\u2013 Bokstavelig talt alle de tingene du ramser opp n\u00e5 skjedde i h\u00f8st.<\/p>\n<p class=\"_paragraph_o9xde_4 _paragraph_xtcu6_10 layout-component text-serif-m layout-normal text-serif-m layout-padded\">&#8211; Jo, men det gikk til slutt! Det gikk bra, og landet fikk et godt budsjett. Og regjeringen har vist at vi er styringsdyktige og finner l\u00f8sninger p\u00e5 Stortinget.<\/p>\n<p>\u2013 Fryktelig lei meg<\/p>\n<p class=\"_paragraph_o9xde_4 _paragraph_xtcu6_10 layout-component text-serif-m layout-normal text-serif-m layout-padded\">Arbeiderpartiet har det siste \u00e5ret v\u00e6rt gjennom en berg-og-dal-bane. Fra krise og spekulasjoner om kupp og statsministerens avgang desember i fjor \u2013 til at Senterpartiet gikk ut av regjering \u2013 Jens Stoltenbergs comeback og valgseier i h\u00f8st.\u00a0<\/p>\n<p class=\"_paragraph_o9xde_4 _paragraph_xtcu6_10 layout-component text-serif-m layout-normal text-serif-m layout-padded\">Senh\u00f8sten st\u00e5r likevel igjen som et krevende kapittel, forklarer Vestre.<\/p>\n<p class=\"_paragraph_o9xde_4 _paragraph_xtcu6_10 layout-component text-serif-m layout-normal text-serif-m layout-padded\">Bakgrunnen er videoen Arbeiderpartiet og han laget i innspurten av valgkampen, hvor han anklaget H\u00f8yre for \u00e5 ville kutte flere konkrete tiltak som Ap og Sp hadde innf\u00f8rt i fellesskap. Problemet var bare at Arbeiderpartiet p\u00e5 bakrommet allerede hadde besluttet \u00e5 kutte de samme ordningene i sitt statsbudsjett.<\/p>\n<p><img alt=\"\" class=\"_image_qp4xg_65 layout-component layout-left\" data-fullscreen- data-track-element-type=\"Article image fullscreen\" data-track-name=\"ImageFullscreen\" decoding=\"async\" loading=\"lazy\" height=\"5494\" itemprop=\"image\"  src=\"https:\/\/www.europesays.com\/no\/wp-content\/uploads\/2025\/12\/5a98a125-20b8-476b-8365-07a1d5f96a9b\"  style=\"object-position:0% 0%\" width=\"7326\"\/><img alt=\"\" class=\"_image_qp4xg_65 layout-component layout-right\" data-fullscreen- data-track-element-type=\"Article image fullscreen\" data-track-name=\"ImageFullscreen\" decoding=\"async\" loading=\"lazy\" height=\"5480\" itemprop=\"image\"  src=\"https:\/\/www.europesays.com\/no\/wp-content\/uploads\/2025\/12\/88119f49-e239-47e6-a563-165b226bf85c\"  style=\"object-position:0% 0%\" width=\"7306\"\/><\/p>\n<p class=\"_paragraph_o9xde_4 _paragraph_xtcu6_10 layout-component text-serif-m layout-normal text-serif-m layout-padded\">Saken endte med at Arbeiderpartiet beklaget, og reverserte kuttene f\u00f8r de gikk til forhandlinger p\u00e5 Stortinget.<\/p>\n<p class=\"_paragraph_o9xde_4 _paragraph_xtcu6_10 layout-component text-serif-m layout-normal text-serif-m layout-padded\">\u2013 Den saken gikk ordentlig inn p\u00e5 meg. Det gj\u00f8r den enn\u00e5. Jeg er fryktelig lei meg for det som skjedde, sier han.<\/p>\n<p class=\"_paragraph_o9xde_4 _paragraph_xtcu6_10 layout-component text-serif-m layout-normal text-serif-m layout-padded\">\u2013 Har det v\u00e6rt noen andre politiske saker som har preget deg like mye?<\/p>\n<p class=\"_paragraph_o9xde_4 _paragraph_xtcu6_10 layout-component text-serif-m layout-normal text-serif-m layout-padded\">\u2013 Nei, ikke noen enkeltsaker. Det har v\u00e6rt en del v\u00e5kne netter med grubling og tanker om dette. Og som sagt, det g\u00e5r fortsatt inn p\u00e5 meg.<\/p>\n<p class=\"_paragraph_o9xde_4 _paragraph_xtcu6_10 layout-component text-serif-m layout-normal text-serif-m layout-padded\">Han forklarer:<\/p>\n<p class=\"_paragraph_o9xde_4 _paragraph_xtcu6_10 layout-component text-serif-m layout-normal text-serif-m layout-padded\">\u2013 For det er p\u00e5stander om l\u00f8gn. Og det g\u00e5r p\u00e5 dette med integritet, som jeg setter veldig h\u00f8yt. At folk jeg bryr meg om og alle andre skal kunne stole p\u00e5 meg. S\u00e5 det var veldig godt \u00e5 f\u00e5 beklaget og lagt meg langflat i den saken. Det var aldri hensikten \u00e5 si noe feil, men det gikk rett og slett for fort i innspurten. Det har jeg l\u00e6rt mye av. <\/p>\n<p class=\"_paragraph_o9xde_4 _paragraph_xtcu6_10 layout-component text-serif-m layout-normal text-serif-m layout-padded\">Vestre sier at han i perioden med kritikk fikk mye st\u00f8tte av familien og hans forlovede. S\u00e6rlig st\u00f8tten hennes har v\u00e6rt viktig, forklarer han.<\/p>\n<p class=\"_paragraph_o9xde_4 _paragraph_xtcu6_10 layout-component text-serif-m layout-normal text-serif-m layout-padded\">&#8211; F\u00f8r jeg m\u00f8tte henne, s\u00e5 var det s\u00e5nn at hvis det var ting jeg var lei meg for, eller syntes var vondt og vanskelig, s\u00e5 ville jeg ikke prate om det. Det er ikke en s\u00e5 god id\u00e9, har hun l\u00e6rt meg. <\/p>\n<p><img alt=\"Foto: G\u00f8ran Bohlin \/ VG\" class=\"_image_qp4xg_65 layout-component layout-normal\" data-fullscreen- data-track-element-type=\"Article image fullscreen\" data-track-name=\"ImageFullscreen\" decoding=\"async\" loading=\"lazy\" height=\"5504\" itemprop=\"image\"  src=\"https:\/\/www.europesays.com\/no\/wp-content\/uploads\/2025\/12\/b165baaf-45b3-4a37-8b42-9a009e6ae746\"  style=\"object-position:0% 0%\" width=\"4820\"\/>Foto: G\u00f8ran Bohlin \/ VG<\/p>\n<p class=\"_paragraph_o9xde_4 _paragraph_xtcu6_10 layout-component text-serif-m layout-normal text-serif-m layout-padded\">Han forteller at vanskelige ting ikke er like vanskelig lenger, takket v\u00e6re henne.<\/p>\n<p class=\"_paragraph_o9xde_4 _paragraph_xtcu6_10 layout-component text-serif-m layout-normal text-serif-m layout-padded\">\u2013 Jeg tror jeg har blitt litt flinkere til \u00e5 sette ord p\u00e5 n\u00e5r jeg synes ting er vanskelig. Det gjelder nok ikke bare meg. Jeg tror vi gutter generelt b\u00f8r bli flinkere til \u00e5 snakke om f\u00f8lelsene v\u00e5re. Ogs\u00e5 det som er litt vondt og vanskelig.<\/p>\n<p>M\u00e5 n\u00e5 de unge <\/p>\n<p class=\"_paragraph_o9xde_4 _paragraph_xtcu6_10 layout-component text-serif-m layout-normal text-serif-m layout-padded\">Tilbake til politikken. Vestre snakker om Arbeiderpartiets fremtid, om retning og om styring. <\/p>\n<p class=\"_paragraph_o9xde_4 _paragraph_xtcu6_10 layout-component text-serif-m layout-normal text-serif-m layout-padded\">Samtidig sier han at partiet har \u00e9n stor utfodring. \u00c5 n\u00e5 de unge. Mange unge, s\u00e6rlig menn, s\u00f8kte mot h\u00f8yresiden i h\u00f8stens valg. Det sier han at Ap m\u00e5 ta p\u00e5 alvor. <\/p>\n<p><img alt=\"\" class=\"_image_qp4xg_65 layout-component layout-left\" data-fullscreen- data-track-element-type=\"Article image fullscreen\" data-track-name=\"ImageFullscreen\" decoding=\"async\" loading=\"lazy\" height=\"5270\" itemprop=\"image\"  src=\"https:\/\/www.europesays.com\/no\/wp-content\/uploads\/2025\/12\/56f05147-e2f6-47aa-a0b7-8c644414fbc7\"  style=\"object-position:0% 0%\" width=\"7026\"\/><img alt=\"\" class=\"_image_qp4xg_65 layout-component layout-right\" data-fullscreen- data-track-element-type=\"Article image fullscreen\" data-track-name=\"ImageFullscreen\" decoding=\"async\" loading=\"lazy\" height=\"5479\" itemprop=\"image\"  src=\"https:\/\/www.europesays.com\/no\/wp-content\/uploads\/2025\/12\/01a73a4e-9dd0-4d37-92fe-90c1a7f87a8f\"  style=\"object-position:0% 0%\" width=\"7306\"\/><\/p>\n<p class=\"_paragraph_o9xde_4 _paragraph_xtcu6_10 layout-component text-serif-m layout-normal text-serif-m layout-padded\">\u2013 Jeg tror\u00a0en av grunnene til at mange av de unge g\u00e5r til den andre siden, er fordi de er opptatt av individuell frihet og egne muligheter. Og kanskje tenker de at fellesskapet, staten, offentlig sektor, sterke velferdsordninger\u00a0st\u00e5r i veien for den individuelle friheten.<\/p>\n<p class=\"_paragraph_o9xde_4 _paragraph_xtcu6_10 layout-component text-serif-m layout-normal text-serif-m layout-padded\">\u2013 Vi har gjort en for d\u00e5rlig jobb med \u00e5 gi dem svar p\u00e5 de utfordringene de opplever. \u00c5 finne de svarene blir en av v\u00e5re viktigste oppgaver fremover.<\/p>\n<p class=\"_paragraph_o9xde_4 _paragraph_xtcu6_10 layout-component text-serif-m layout-normal text-serif-m layout-padded\">Han har ogs\u00e5 ambisjoner p\u00e5 sitt eget fagomr\u00e5de.<\/p>\n<p class=\"_paragraph_o9xde_4 _paragraph_xtcu6_10 layout-component text-serif-m layout-normal text-serif-m layout-padded\">\u2013 Vi skal skape verdens beste helse- og omsorgstjeneste. Ventetidene som har g\u00e5tt ned med over to uker det siste \u00e5ret, skal fortsatt markant ned, og innbyggerne skal ikke lenger oppleve \u00e5 bli kasteballer mellom kommunehelsetjenesten og sykehusene v\u00e5re. For \u00e5 f\u00e5 til alt dette m\u00e5 vi tenke nytt, sier han.<\/p>\n<p>Vil ha ny lue<\/p>\n<p class=\"_paragraph_o9xde_4 _paragraph_xtcu6_10 layout-component text-serif-m layout-normal text-serif-m layout-padded\">Snart er det jul. Det gleder han seg til. Han h\u00e5per han klarer \u00e5 fikse spr\u00f8 svor p\u00e5 ribba. <\/p>\n<p class=\"_paragraph_o9xde_4 _paragraph_xtcu6_10 layout-component text-serif-m layout-normal text-serif-m layout-padded\">\u2013 Hva \u00f8nsker du deg til jul?\u00a0<\/p>\n<p class=\"_paragraph_o9xde_4 _paragraph_xtcu6_10 layout-component text-serif-m layout-normal text-serif-m layout-padded\">\u2013 En ny lue. Og kanskje noen nye plater. Og konsertbilletter.<\/p>\n<p><img alt=\"\" class=\"_image_qp4xg_65 layout-component layout-normal\" data-fullscreen- data-track-element-type=\"Article image fullscreen\" data-track-name=\"ImageFullscreen\" decoding=\"async\" loading=\"lazy\" height=\"5504\" itemprop=\"image\"  src=\"https:\/\/www.europesays.com\/no\/wp-content\/uploads\/2025\/12\/30731d19-a92d-48d4-adac-a8c75e49ddfa\"  style=\"object-position:0% 0%\" width=\"7339\"\/>    <\/p>\n","protected":false},"excerpt":{"rendered":"Helseminister og Ap-nestleder Jan Christian Vestre har invitert VG med p\u00e5 en f\u00f8rjulstur til Troms\u00f8. Innimellom bes\u00f8k hos&hellip;\n","protected":false},"author":2,"featured_media":121555,"comment_status":"","ping_status":"","sticky":false,"template":"","format":"standard","meta":{"footnotes":""},"categories":[10],"tags":[20,21,24,25,15,1511,22,23,13,30,28,281,29,14,16,26,27,263],"class_list":{"0":"post-121554","1":"post","2":"type-post","3":"status-publish","4":"format-standard","5":"has-post-thumbnail","7":"category-norge","8":"tag-breaking-news","9":"tag-breakingnews","10":"tag-featured-news","11":"tag-featurednews","12":"tag-headlines","13":"tag-jan-christian-vestre","14":"tag-latest-news","15":"tag-latestnews","16":"tag-news","17":"tag-no","18":"tag-norge","19":"tag-norsk-politikk","20":"tag-norway","21":"tag-nyheter","22":"tag-overskrifter","23":"tag-top-stories","24":"tag-topstories","25":"tag-tromso"},"share_on_mastodon":{"url":"https:\/\/pubeurope.com\/@no\/115780163212688529","error":""},"_links":{"self":[{"href":"https:\/\/www.europesays.com\/no\/wp-json\/wp\/v2\/posts\/121554","targetHints":{"allow":["GET"]}}],"collection":[{"href":"https:\/\/www.europesays.com\/no\/wp-json\/wp\/v2\/posts"}],"about":[{"href":"https:\/\/www.europesays.com\/no\/wp-json\/wp\/v2\/types\/post"}],"author":[{"embeddable":true,"href":"https:\/\/www.europesays.com\/no\/wp-json\/wp\/v2\/users\/2"}],"replies":[{"embeddable":true,"href":"https:\/\/www.europesays.com\/no\/wp-json\/wp\/v2\/comments?post=121554"}],"version-history":[{"count":0,"href":"https:\/\/www.europesays.com\/no\/wp-json\/wp\/v2\/posts\/121554\/revisions"}],"wp:featuredmedia":[{"embeddable":true,"href":"https:\/\/www.europesays.com\/no\/wp-json\/wp\/v2\/media\/121555"}],"wp:attachment":[{"href":"https:\/\/www.europesays.com\/no\/wp-json\/wp\/v2\/media?parent=121554"}],"wp:term":[{"taxonomy":"category","embeddable":true,"href":"https:\/\/www.europesays.com\/no\/wp-json\/wp\/v2\/categories?post=121554"},{"taxonomy":"post_tag","embeddable":true,"href":"https:\/\/www.europesays.com\/no\/wp-json\/wp\/v2\/tags?post=121554"}],"curies":[{"name":"wp","href":"https:\/\/api.w.org\/{rel}","templated":true}]}}