{"id":121556,"date":"2025-12-25T12:19:16","date_gmt":"2025-12-25T12:19:16","guid":{"rendered":"https:\/\/www.europesays.com\/no\/121556\/"},"modified":"2025-12-25T12:19:16","modified_gmt":"2025-12-25T12:19:16","slug":"torstein-bae-romjulssjakk-torstein-bae-jeg-gir-meg-ikke-for-nrk-triller-meg-ut-av-marienlyst","status":"publish","type":"post","link":"https:\/\/www.europesays.com\/no\/121556\/","title":{"rendered":"Torstein Bae, Romjulssjakk | Torstein Bae: \u2013 Jeg gir meg ikke f\u00f8r NRK triller meg ut av Marienlyst"},"content":{"rendered":"\n<p>PAKKHUSET (Nettavisen): F\u00e5 h\u00f8ytider er mer knyttet opp mot tradisjon enn julen, og alle har sitt eget sett med tradisjoner som st\u00e5r deres hjerte n\u00e6rt.<\/p>\n<p>Dette f\u00f8rer ofte til store diskusjoner i f\u00f8rjulstiden \u2013 enten det er om julebrusen skal v\u00e6re r\u00f8d eller brun, om det skal spises ribbe eller pinnekj\u00f8tt til middag eller om \u00abDie Hard\u00bb faktisk er en julefilm eller ikke.<\/p>\n<p>Men noen har juletradisjoner som skiller seg kraftig fra folk flest.<\/p>\n<p>Blant dem finner vi sjakkekspert Torstein Bae (46). De siste \u00e5rene har han tilbrakt romjulen i et innspillingsstudio p\u00e5 Marienlyst \u2013 og han har ingen planer om \u00e5 endre p\u00e5 den tradisjonen med det f\u00f8rste.<\/p>\n<p>\u2013 Gir meg ikke f\u00f8r NRK triller meg ut<\/p>\n<p>Nettavisen m\u00f8tte Bae i forbindelse med premierefesten for TV 2s julekalender \u00abRampenissen\u00bb \u2013 hvor han er blant deltakerne.<\/p>\n<p>Der kunne han bekrefte at han ogs\u00e5 i \u00e5r blir \u00e5 se p\u00e5 NRK-skjermen i romjula.<\/p>\n<p>\u2013 Jeg har bare en liten pause etter denne julekalenderen, s\u00e5 skal jeg feire julaften og 1. juledag med familien f\u00f8r jeg er tilbake p\u00e5 NRK med romjulssjakken, sier Bae til Nettavisen.<\/p>\n<p>   <img decoding=\"async\" width=\"6480\" height=\"4320\" fetchpriority=\"low\"  loading=\"lazy\"  src=\"https:\/\/www.europesays.com\/no\/wp-content\/uploads\/2025\/12\/eAxvfuObcWI.jpg\" alt=\"Oslo 20251127. &#10;Deltaker Torstein Bae p\u00e5 plass n\u00e5r TV 2 avholder et pressetreff for sitt nye julekonsept \u00abRampenissen\u00bb i Galleriet til Pakkhuset i Oslo, hvor 25 kjendiser skal konkurrere i en humoristisk julekalender.&#10;Foto: Javad Parsa \/ NTB\" class=\"brick-c-cFOWSL\" style=\"--brick-image-ratio: 6480 \/ 4320;\"\/><\/p>\n<p>      JULEKALENDER: Torstein Bae deltok i TV 2s julekalender \u00abRampenissen\u00bb.<br \/>\n      Foto: Javad Parsa (NTB)\n    <\/p>\n<p>Smilet forsvinner et lite sekund n\u00e5r Nettavisen sp\u00f8r han hvordan det er \u00e5 ikke f\u00e5 tilbrakt til med familien i romjulen.<\/p>\n<p>\u2013 Det er klart at det er det som er baksiden: Jeg mister familietid. Men det er noe jeg har forsonet meg med, og jeg har det jo ogs\u00e5 veldig mye moro med sjakken i romjula. Det er jo noe jeg gleder meg til, s\u00e5 det er ikke noe jeg strever med eller tenker: \u00aboff, n\u00e5 m\u00e5 jeg ut til det igjen\u00bb. Tvert imot!<\/p>\n<p>\u2013 Du sier at du har forsonet deg med det. Hva med familien din?<\/p>\n<p>\u2013 De er jo heldigvis sjakkspillere de og, s\u00e5 b\u00e5de kona mi og barna mine ser p\u00e5 sjakken og har det moro med det de og. Men de skulle nok selvf\u00f8lgelig kanskje ha sett at jeg var hjemme ogs\u00e5, men det er som du sier blitt en juletradisjon for oss. Og det har jeg ikke tenkt til \u00e5 gi meg med f\u00f8r NRK triller meg ut av Marienlyst, ler Bae.<\/p>\n<p>Forventer mer sjakk-drama<\/p>\n<p>I fjor skapte Magnus Carlsen store overskrifter da han han <a href=\"https:\/\/www.nettavisen.no\/sport\/regjerende-verdensmester-magnus-carlsen-bryter-kleskoden-pa-hurtigsjakk-vm-ved-a-stille-opp-i-jeans\/s\/5-95-2208138\" rel=\"Follow nofollow noopener\" target=\"_blank\">trakk seg fra b\u00e5de hurtigsjakk-VM og lynsjakk-VM<\/a>, etter \u00e5 ha blitt nektet \u00e5 spille i jeans.<\/p>\n<p>Kort tid senere <a href=\"https:\/\/www.nettavisen.no\/sport\/fide-bekrefter-samtaler-om-sensasjonell-carlsen-retur\/s\/5-95-2209474\" rel=\"Follow nofollow noopener\" target=\"_blank\">endret Fide reglene <\/a>slik at \u00abpassende jeans som matcher jakken\u00bb ble tillatt, og Carlsen returnerte til mesterskapet \u2013 som han ogs\u00e5 <a href=\"https:\/\/www.nettavisen.no\/sport\/magnus-carlsen-spiller-om-a-bevare-sin-vm-tittel-i-lynsjakk-mot-jan-nepomnjasjtsjij\/s\/5-95-2211774\" rel=\"Follow nofollow noopener\" target=\"_blank\">endte opp med \u00e5 vinne<\/a>.<\/p>\n<p>   <img decoding=\"async\" width=\"1200\" height=\"671\" fetchpriority=\"low\"  loading=\"lazy\"  src=\"https:\/\/www.europesays.com\/no\/wp-content\/uploads\/2025\/12\/Carlsen+Jeans.jpg\" alt=\"\" class=\"brick-c-cFOWSL\" style=\"--brick-image-ratio: 1200 \/ 671;\"\/><\/p>\n<p>      OLABUKSER: Denne bekledningen fra Magnus Carlsen ble for mye for Fide.<br \/>\n      Foto: Skjermdump (NRK)\n    <\/p>\n<p>Sjakkeksperten er ikke i tvil om at TV-seerne kan vente seg nye kontroverser ogs\u00e5 i \u00e5r.<\/p>\n<p>\u2013 Jeg tror det kommer til \u00e5 komme noe uventet. Kanskje ikke akkurat det samme som i fjor, men det er jo utrolig hvor mye drama som kan komme ut av noe man i utgangspunktet ville tenkt at er s\u00e5 streite greier. Men det kommer alltids noe nytt, og Magnus er som regel involvert, forteller Bae, og legger til:<\/p>\n<p>\u2013 S\u00e5 jeg forventer absolutt nye kontroverser og krangler i romjula!<\/p>\n<p>\u2013 Hvis du skal ta p\u00e5 deg sp\u00e5hatten: Hva blir \u00e5rets kontrovers?<\/p>\n<p>\u2013 Det er vanskelig \u00e5 si. Jeg hadde aldri forutsett det kles-dramaet vi fikk i fjor, det kan jeg si helt sikkert! Men kanskje mitt stalltips skal v\u00e6re at det ogs\u00e5 blir drama knyttet til de nye klesreglene de har kommet med, sp\u00e5r Bae.<\/p>\n<p>Jeans-gate<\/p>\n<p>For hvordan er egentlig de nye motereglene som Magnus Carlsen og Co. m\u00e5 forholde seg til?<\/p>\n<p>Sjakkeksperten forklarer f\u00f8rst hvordan kleskravene i sporten har endret seg med \u00e5rene:<\/p>\n<p>\u2013 Tidligere tillot man alt mulig, til og med joggedresser. Av hensyn til sjakkens \u00abimage\u00bb s\u00e5 fors\u00f8kte de \u00e5 stramme opp litt, s\u00e5 ikke folk s\u00e5 alt for shabby ut. Men s\u00e5 gikk de kanskje litt for langt. Det var jo det Magnus reagerte p\u00e5; at man ikke kunne ha p\u00e5 seg en pen olabukse mens man spilte, forklarer Bae.<\/p>\n<p>Deretter innr\u00f8mmer han at selv han er litt usikker p\u00e5 hva som er godkjent \u00e5 ha p\u00e5 seg i henhold til dagens reglement.<\/p>\n<p>\u2013 Men det blir jo garantert debatter rundt dette og. For hva er egentlig en olabukse? Hvilket stoff m\u00e5 den v\u00e6re laget av? Og hva m\u00e5 til for at den klassifiseres som en \u00abpen\u00bb olabukse?<\/p>\n<p>Bae trekker pusten og virker b\u00e5de forvirret og en smule irritert etter \u00e5 ha tatt Nettavisen gjennom de nye reglene.<\/p>\n<p>Men til tross for forvirringen og frustrasjonen det f\u00f8rer med seg, s\u00e5 \u00f8nsker han nye kontroverser hjertelig velkommen til sporten han elsker:<\/p>\n<p>\u2013 Jeg tror det bare er bra for sjakken at det blir masse greier, oppmerksomhet og moro rundt sporten. Det ser jo litt slitsomt ut for Magnus \u00e5 holde p\u00e5 med det samtidig som han spiller, men han klarte jo \u00e5 vinne VM-gull, s\u00e5 tydeligvis g\u00e5r det ganske greit for ham \u00e5 kombinere alt sammen, smier Bae.<\/p>\n","protected":false},"excerpt":{"rendered":"PAKKHUSET (Nettavisen): F\u00e5 h\u00f8ytider er mer knyttet opp mot tradisjon enn julen, og alle har sitt eget sett&hellip;\n","protected":false},"author":2,"featured_media":121557,"comment_status":"","ping_status":"","sticky":false,"template":"","format":"standard","meta":{"footnotes":""},"categories":[59],"tags":[30,28,29,83,82],"class_list":{"0":"post-121556","1":"post","2":"type-post","3":"status-publish","4":"format-standard","5":"has-post-thumbnail","7":"category-sport","8":"tag-no","9":"tag-norge","10":"tag-norway","11":"tag-sport","12":"tag-sports"},"share_on_mastodon":{"url":"https:\/\/pubeurope.com\/@no\/115780174864546341","error":""},"_links":{"self":[{"href":"https:\/\/www.europesays.com\/no\/wp-json\/wp\/v2\/posts\/121556","targetHints":{"allow":["GET"]}}],"collection":[{"href":"https:\/\/www.europesays.com\/no\/wp-json\/wp\/v2\/posts"}],"about":[{"href":"https:\/\/www.europesays.com\/no\/wp-json\/wp\/v2\/types\/post"}],"author":[{"embeddable":true,"href":"https:\/\/www.europesays.com\/no\/wp-json\/wp\/v2\/users\/2"}],"replies":[{"embeddable":true,"href":"https:\/\/www.europesays.com\/no\/wp-json\/wp\/v2\/comments?post=121556"}],"version-history":[{"count":0,"href":"https:\/\/www.europesays.com\/no\/wp-json\/wp\/v2\/posts\/121556\/revisions"}],"wp:featuredmedia":[{"embeddable":true,"href":"https:\/\/www.europesays.com\/no\/wp-json\/wp\/v2\/media\/121557"}],"wp:attachment":[{"href":"https:\/\/www.europesays.com\/no\/wp-json\/wp\/v2\/media?parent=121556"}],"wp:term":[{"taxonomy":"category","embeddable":true,"href":"https:\/\/www.europesays.com\/no\/wp-json\/wp\/v2\/categories?post=121556"},{"taxonomy":"post_tag","embeddable":true,"href":"https:\/\/www.europesays.com\/no\/wp-json\/wp\/v2\/tags?post=121556"}],"curies":[{"name":"wp","href":"https:\/\/api.w.org\/{rel}","templated":true}]}}