{"id":121558,"date":"2025-12-25T12:24:43","date_gmt":"2025-12-25T12:24:43","guid":{"rendered":"https:\/\/www.europesays.com\/no\/121558\/"},"modified":"2025-12-25T12:24:43","modified_gmt":"2025-12-25T12:24:43","slug":"a-kunne-flere-sprak-bremser-aldring-kraftig-viser-europeisk-megastudie","status":"publish","type":"post","link":"https:\/\/www.europesays.com\/no\/121558\/","title":{"rendered":"\u00c5 kunne flere spr\u00e5k bremser aldring kraftig, viser europeisk megastudie"},"content":{"rendered":"<p>    Studie viser at vi kan holde hjernen ung hvis vi kan mer enn ett spr\u00e5k.<\/p>\n<p>\n        Fulgte du med i spr\u00e5kundervisningen p\u00e5 skolen, kan du kanskje lese dette skiltet p\u00e5 b\u00e5de norsk, tysk og engelsk.<br \/>\n        (Illustrasjonsfoto: Thorfinn Bekkelund\/Samfoto\/NTB)\n    <\/p>\n<p>Norsk, engelsk, tysk, fransk, spansk. Kan du to eller flere spr\u00e5k?<\/p>\n<p>I s\u00e5 fall lover det godt for framtiden.<\/p>\n<p>Folk som snakker flere spr\u00e5k, eldes nemlig generelt langsommere enn dem som bare snakker ett, viser <a href=\"https:\/\/www.nature.com\/articles\/s43587-025-01000-2\" target=\"_blank\" rel=\"nofollow noopener\">en ny studie<\/a>. Den er publisert i det vitenskapelige tidsskriftet Nature Aging.<\/p>\n<p>Flere spr\u00e5k, st\u00f8rre effekt<\/p>\n<p>\u2013 Studien peker p\u00e5 at flerspr\u00e5klighet kan v\u00e6re en enkel og tilgjengelig m\u00e5te \u00e5 styrke hjernens motstandskraft p\u00e5 og fremme sunn aldring, sier Morten Scheibye-Knudsen.<\/p>\n<p>Han forsker p\u00e5 aldring og genetikk ved Center for Sund Aldring p\u00e5 K\u00f8benhavns Universitet og\u00a0har lest studien.<\/p>\n<p>\u2013 Den understreker at livslang l\u00e6ring \u2013 som \u00e5 l\u00e6re nye spr\u00e5k \u2013 ikke bare utvider horisonten v\u00e5r, men ogs\u00e5 kan forlenge v\u00e5r kognitive ungdom, sier han.<\/p>\n<p> Det kognitive handler om evnen til \u00e5 tenke, forst\u00e5 og huske. <\/p>\n<p>\u2013 Effekten blir dessuten sterkere jo flere spr\u00e5k man behersker, og den holder seg ogs\u00e5 n\u00e5r man tar hensyn til forskjeller i utdanning, \u00f8konomi, helse og levek\u00e5r.<\/p>\n<p>            Jeg ser denne studien som en videref\u00f8ring av Nonnestudien.<\/p>\n<p class=\"author font-weight-bold m-font-weight-bold\" style=\"\">Martin Lauritzen, professor i aldring<\/p>\n<p>Forskerne har analysert data fra over 86.000 personer i 27 europeiske land for \u00e5 unders\u00f8ke om spr\u00e5kbruk kan beskytte mot aldring.\u00a0<\/p>\n<p>Studien viser at bare det \u00e5 kunne og \u00e5 bruke to spr\u00e5k, halverer sannsynligheten for en \u00abakselerert aldringsprosess\u00bb.<\/p>\n<p>\u2013 Det er jo utrolig positivt, sier Martin Lauritzen, professor i aldring ved Institut for Neurovidenskab ved K\u00f8benhavns Universitet.<\/p>\n<p>\u2013 Studien viser at jo flere spr\u00e5k du kan, jo bedre fungerer du kognitivt. Og jo bedre vi fungerer kognitivt, jo st\u00f8rre reserve har vi til \u00e5 st\u00e5 imot, b\u00e5de n\u00e5r vi blir gamle og eventuelt skulle f\u00e5 en demenssykdom som Alzheimers, sier Lauritzen, som ogs\u00e5 har lest studien.<\/p>\n<p>        Om studien<\/p>\n<p>Forskerne analyserte data fra 86.149 deltakere i alderen 51 til 90 \u00e5r i 27 europeiske land. De ville finne ut om aldringen gikk raskere eller saktere enn forventet, basert p\u00e5 helse- og livsstilsfaktorer.<\/p>\n<p>De fant ut at personer som bare brukte ett spr\u00e5k, hadde omtrent dobbelt s\u00e5 h\u00f8y sannsynlighet for \u00e5 oppleve akselerert aldring. Flerspr\u00e5klige personer hadde i snitt rundt halvparten s\u00e5 stor risiko.<\/p>\n<p>Den beskyttende effekten av flerspr\u00e5klighet forble signifikant ogs\u00e5 etter at de justerte for alder og spr\u00e5klig, fysisk, sosial og sosiopolitisk eksponering.<\/p>\n<p>Nytt verkt\u00f8y for \u00e5 p\u00e5virke aldring<\/p>\n<p>Tidligere studier har ofte vist sprikende resultater, fordi de har basert seg p\u00e5 sm\u00e5 grupper eller upresise m\u00e5l for sunn aldring, if\u00f8lge Morten Scheibye-Knudsen.<\/p>\n<p>Den nye studien er den f\u00f8rste som kombinerer data over en periode p\u00e5 rundt ti \u00e5r med en stor og variert gruppe p\u00e5 mer enn 86.000 personer fra hele Europa.<\/p>\n<p>Forskerne brukte samtidig en avansert statistisk modell, kalt \u00abbiobehavioral age clock\u00bb, for \u00e5 m\u00e5le hvor raskt mennesker eldes.<\/p>\n<p>\u2013 Den kan vise om et menneske eldes raskere eller langsommere enn sin faktiske alder. Det er litt som en biologisk aldersm\u00e5ler.\u00a0Men den baserer seg p\u00e5 atferd og helse i stedet for DNA fra blodpr\u00f8ver eller andre mark\u00f8rer for aldring, forklarer Scheibye-Knudsen.<\/p>\n<p>\u2013 Det gj\u00f8r resultatene langt mer robuste.\u00a0P\u00e5 befolkningsniv\u00e5 viser resultatene at flerspr\u00e5klighet faktisk henger sammen med langsommere aldring \u2013 uavhengig av sosiale og \u00f8konomiske forskjeller.<\/p>\n<p>Scheibye-Knudsen mener s\u00e6rlig to sider ved studien er interessante:<\/p>\n<ul>\n<li class=\"lab-bodytext-line\">For det f\u00f8rste at det er mulig \u00e5 m\u00e5le aldring ut fra de parameterne forskerne har brukt.\u00a0<\/li>\n<li class=\"lab-bodytext-line\">For det andre at studien styrker tidligere funn som viser at flerspr\u00e5klige har redusert risiko for demens.<\/li>\n<\/ul>\n<p>\u2013 Vi kan bruke det f\u00f8rste til \u00e5 m\u00e5le aldring ut fra atferd. Det gir oss enda et verkt\u00f8y hvis vi vil utvikle m\u00e5ter \u00e5 bremse eller p\u00e5virke aldring p\u00e5.<\/p>\n<p>\u2013 Og vi kan bruke det andre til \u00e5 anbefale folk \u00e5 l\u00e6re et nytt spr\u00e5k, sier han.<\/p>\n<p>En videref\u00f8ring av \u00abnonnestudien\u00bb<\/p>\n<p>            Ledige stillinger<\/p>\n<p class=\"ingress align-center mobile_text_align_align-center\"><a href=\"https:\/\/stilling.forskning.no\/\" target=\"_blank\" class=\"dacBtn bg-btn-color\" rel=\"nofollow noopener\">Vis alle ledige stillinger<\/a><\/p>\n<p>Professor Martin Lauritzen er enig i at den nye studien underbygger tidligere forskning p\u00e5 feltet.<\/p>\n<p>Den minner ham om en kjent amerikansk studie, kalt <a href=\"http:\/\/chrome-extension\/\/efaidnbmnnnibpcajpcglclefindmkaj\/https:\/\/www.cs.columbia.edu\/~julia\/papers\/snodonetal06.pdf\" target=\"_blank\" rel=\"nofollow\">\u00abNonnestudien\u00bb<\/a>, der en amerikansk nevrolog fulgte 678 nonner i nesten to ti\u00e5r.<\/p>\n<p>Det spesielle med nonnene var at de levde relativt like liv.<\/p>\n<p>Nonner med h\u00f8yere utdanning og et liv fylt av undervisning, lesing og skriving hadde i snitt bedre kognitiv funksjon langt opp i alderdommen enn andre nonner.<\/p>\n<p>Studien, som havnet p\u00e5 forsiden av <a href=\"https:\/\/time.com\/archive\/6953351\/the-nun-study-how-one-scientist-and-678-sisters-are-helping-unlock-the-secrets-of-alzheimers\/\" target=\"_blank\" rel=\"nofollow noopener\">Time Magazine<\/a> i 2001, var en av de f\u00f8rste som viste at en stimulert hjerne \u2013 det forskere kaller en \u00abkognitiv reserve\u00bb \u2013 beskytter oss mot kognitiv aldring.\u00a0<\/p>\n<p>\u2013 Du er journalist, jeg er professor. Kognitive evner kan variere mye, og de beskytter oss mot tidlig kognitiv aldring \u2013 og risikoen for \u00e5 utvikle demens, sier Lauritzen.<\/p>\n<p>\u2013 Jeg ser denne studien som en videref\u00f8ring av Nonnestudien. For den handler jo nettopp om at jo bedre vi fungerer, jo st\u00f8rre reserve har vi i hodene v\u00e5re til \u00e5 motst\u00e5 b\u00e5de aldring og sykdom.<\/p>\n<p class=\"font-weight-bold m-font-weight-bold\" data-lab-font_weight=\"font-weight-bold\">Kilde:<\/p>\n<p><a href=\"https:\/\/www.nature.com\/articles\/s43587-025-01000-2\" rel=\"nofollow noopener\" target=\"_blank\">Multilingualism protects against accelerated aging in cross-sectional and longitudinal analyses of 27 European countries<\/a>, Nature Aging, 2025, DOI: 10.1038\/s43587-025-01000-2<\/p>\n<p class=\"italic m-italic\" data-lab-italic=\"italic\">\u00a9Videnskab.dk. Oversatt av Trine Andreassen for forskning.no.\u00a0Les\u00a0<a href=\"https:\/\/videnskab.dk\/krop-sundhed\/flere-sprog-forsinker-aldring-markant-afsloerer-europaeisk-mega-studie\/\" rel=\"nofollow noopener\" target=\"_blank\">originalartikkelen p\u00e5 videnskab.dk her<\/a>.<\/p>\n<p>                <img decoding=\"async\" src=\"https:\/\/www.europesays.com\/no\/wp-content\/uploads\/2025\/12\/1766665482_779_2400201.webp\" width=\"284\" height=\"236\" title=\"\" alt=\"\" loading=\"lazy\" style=\"\"\/><\/p>\n<p>Opptatt av helse, psykologi og kropp?<\/p>\n<p>                <img decoding=\"async\" src=\"https:\/\/www.europesays.com\/no\/wp-content\/uploads\/2025\/12\/1766665483_885_2400202.webp\" width=\"74\" height=\"75\" title=\"\" alt=\"\" loading=\"lazy\" style=\"\"\/><\/p>\n<p class=\"font-sanomatSans font-weight-bold m-font-weight-bold\" data-lab-fontface=\"sanomatSans\" data-lab-font_weight=\"font-weight-bold\">Mat hjernen med nyheter fra forskning.no om sykdommer, psykologi, kosthold, sex, trening og andre av kroppens mysterier.<\/p>\n<p class=\"font-sanomatSans font-weight-bold m-font-weight-bold\" data-lab-fontface=\"sanomatSans\" data-lab-font_weight=\"font-weight-bold\"><a href=\"https:\/\/www.forskning.no\/newsletter\/subscriptions\" aria-label=\"Meld meg p\u00e5 nyhetsbrev\" class=\"dacBtn bg-btn-color\" rel=\"nofollow noopener\" target=\"_blank\">Meld meg p\u00e5 nyhetsbrev<\/a><\/p>\n","protected":false},"excerpt":{"rendered":"Studie viser at vi kan holde hjernen ung hvis vi kan mer enn ett spr\u00e5k. Fulgte du med&hellip;\n","protected":false},"author":2,"featured_media":121559,"comment_status":"","ping_status":"","sticky":false,"template":"","format":"standard","meta":{"footnotes":""},"categories":[12],"tags":[20,21,24,25,15,22,23,13,30,28,29,14,16,26,27,42,43,44,45],"class_list":{"0":"post-121558","1":"post","2":"type-post","3":"status-publish","4":"format-standard","5":"has-post-thumbnail","7":"category-verden","8":"tag-breaking-news","9":"tag-breakingnews","10":"tag-featured-news","11":"tag-featurednews","12":"tag-headlines","13":"tag-latest-news","14":"tag-latestnews","15":"tag-news","16":"tag-no","17":"tag-norge","18":"tag-norway","19":"tag-nyheter","20":"tag-overskrifter","21":"tag-top-stories","22":"tag-topstories","23":"tag-verden","24":"tag-world","25":"tag-world-news","26":"tag-worldnews"},"share_on_mastodon":{"url":"https:\/\/pubeurope.com\/@no\/115780194670988261","error":""},"_links":{"self":[{"href":"https:\/\/www.europesays.com\/no\/wp-json\/wp\/v2\/posts\/121558","targetHints":{"allow":["GET"]}}],"collection":[{"href":"https:\/\/www.europesays.com\/no\/wp-json\/wp\/v2\/posts"}],"about":[{"href":"https:\/\/www.europesays.com\/no\/wp-json\/wp\/v2\/types\/post"}],"author":[{"embeddable":true,"href":"https:\/\/www.europesays.com\/no\/wp-json\/wp\/v2\/users\/2"}],"replies":[{"embeddable":true,"href":"https:\/\/www.europesays.com\/no\/wp-json\/wp\/v2\/comments?post=121558"}],"version-history":[{"count":0,"href":"https:\/\/www.europesays.com\/no\/wp-json\/wp\/v2\/posts\/121558\/revisions"}],"wp:featuredmedia":[{"embeddable":true,"href":"https:\/\/www.europesays.com\/no\/wp-json\/wp\/v2\/media\/121559"}],"wp:attachment":[{"href":"https:\/\/www.europesays.com\/no\/wp-json\/wp\/v2\/media?parent=121558"}],"wp:term":[{"taxonomy":"category","embeddable":true,"href":"https:\/\/www.europesays.com\/no\/wp-json\/wp\/v2\/categories?post=121558"},{"taxonomy":"post_tag","embeddable":true,"href":"https:\/\/www.europesays.com\/no\/wp-json\/wp\/v2\/tags?post=121558"}],"curies":[{"name":"wp","href":"https:\/\/api.w.org\/{rel}","templated":true}]}}