{"id":121566,"date":"2025-12-25T12:35:25","date_gmt":"2025-12-25T12:35:25","guid":{"rendered":"https:\/\/www.europesays.com\/no\/121566\/"},"modified":"2025-12-25T12:35:25","modified_gmt":"2025-12-25T12:35:25","slug":"suzannes-36-femte-forsok-pa-a-studere-selger-erlik-oslo-som-ekstrajobb","status":"publish","type":"post","link":"https:\/\/www.europesays.com\/no\/121566\/","title":{"rendered":"Suzannes (36) femte fors\u00f8k p\u00e5 \u00e5 studere. Selger Erlik Oslo som ekstrajobb"},"content":{"rendered":"<p>Den ferske l\u00e6rerstudenten Suzanne Vika Josefsen (36) n\u00e6rmest str\u00e5ler denne ettermiddagen i desember, der hun g\u00e5r rundt i kjente omgivelser p\u00e5 torget p\u00e5 T\u00f8yen i Oslo \u00f8st og er i gang med ekstrajobben hun har ved siden av studiene.\u00a0<\/p>\n<p>Hun selger gatemagasinet Erlik Oslo, slik hun har gjort de siste 11 \u00e5rene.\u00a0<\/p>\n<p>Gatemagasinsalget gj\u00f8res av s\u00e5kalt vanskeligstilte og rusavhengige. Suzanne har aldri v\u00e6rt rusavhengig, men hun har en mor som har v\u00e6rt det. Moren selger magasinet et annet sted i byen, mens Suzanne har sin faste plass og mange faste kj\u00f8pere p\u00e5 T\u00f8yen. I dag kom hun rett fra forelesning for \u00e5 selge noen juleb\u00f8ker, f\u00f8r hun skal p\u00e5 hockeykamp p\u00e5 Jordal Amfi som ligger rett i n\u00e6rheten.<\/p>\n<p>\u2014 T\u00f8yen er et av de beste salgsstedene i byen, sier hun forn\u00f8yd. I l\u00f8pet av en halvtime har hun to salg og 300 kroner vipset inn p\u00e5 kontoen.\u00a0<\/p>\n<p>Nyutdannet og voksen<\/p>\n<p>Hun har flere ganger droppet ut fra h\u00f8yere utdanning tidligere, men n\u00e5 har hun en god f\u00f8lelse for samarbeidsmasteren mellom Steinerh\u00f8yskolen og OsloMet, som hun er i gang med p\u00e5 heltid. Hun vil ha fylt 40 n\u00e5r hun er ferdig utdannet.<\/p>\n<p>\u2014 Det er ikke s\u00e5 dumt \u00e5 v\u00e6re voksen og nyutdannet, tror jeg. Helt fra jeg var liten har jeg dr\u00f8mt om \u00e5 bli l\u00e6rer, jeg stortrives p\u00e5 studiene, og jeg henger med. Jeg har faktisk ikke en eneste frav\u00e6rsdag s\u00e5 langt, og jeg har v\u00e6rt p\u00e5 alle forelesningene i h\u00f8st. Jeg har ogs\u00e5 levert alle oppgavene uten \u00e5 bruke KI, jeg har ikke googlet en gang. Bare lest pensum, sier hun og smiler.<\/p>\n<p>Livet har ikke bestandig smilt til henne slik det gj\u00f8r n\u00e5. Hun hadde en strevsom, men ogs\u00e5 fin, oppvekst p\u00e5 Romerike. Moren var rusavhengig og faren alvorlig psykisk syk, s\u00e5 Suzanne og s\u00f8sknene hennes vokste for det meste opp hos besteforeldrene sine.\u00a0<\/p>\n<p>Hun hadde ogs\u00e5 en onkel, broren til moren, som ruset seg.<\/p>\n<p>Tragedie rammet familien<\/p>\n<p>I \u00e5r er det 15 \u00e5r siden tragedien rammet onkelen og familien til Suzanne, en brutal hendelse som n\u00e5dde f\u00f8rstesidene i flere aviser.<\/p>\n<p>Suzanne var 20 og hadde s\u00e5 vidt blitt ferdig med videreg\u00e5ende, jobbet som servit\u00f8r og var p\u00e5 full fart inn i voksenlivet. Hun hadde flyttet hjemmefra og bodde for seg selv i en leilighet p\u00e5 S\u00f8rumsand i Akershus.\u00a0<\/p>\n<p>                <img decoding=\"async\" src=\"https:\/\/www.europesays.com\/no\/wp-content\/uploads\/2025\/12\/1021346.webp\" width=\"480\" height=\"322\" title=\"\u2014 Alt som skjedde da onkelen min ble drept, var veldig t\u00f8ft for familien min, og jeg hadde ikke lyst til \u00e5 leve lenger., sier l\u00e6rerstudent og gatemagasinselger Suzanne Vika Josefsen. .\" alt=\"\" loading=\"lazy\" style=\"\"\/><\/p>\n<p>\n            \u2014 Alt som skjedde da onkelen min ble drept, var veldig t\u00f8ft for familien min, og jeg hadde ikke lyst til \u00e5 leve lenger., sier l\u00e6rerstudent og gatemagasinselger Suzanne Vika Josefsen. .<br \/>\n            Ketil Blom Haugstulen\n        <\/p>\n<p>Fetteren hennes, Eskild, fylte 12 \u00e5r dagen den fatale hendelsen skjedde. Han h\u00e5pet at faren skulle komme i bursdagen hans, men han dukket aldri opp. Senere p\u00e5 kvelden f\u00e5r familien vite at Suzannes onkel, og Eskilds pappa, var drept. Den nye samboeren til Eskilds mor, drepte faren hans med \u00f8ks.\u00a0<\/p>\n<p> I <a href=\"https:\/\/www.rb.no\/lokale-nyheter\/domt-til-15-ars-fengsel\/s\/1-95-5423108\" rel=\"nofollow noopener\" target=\"_blank\">Romerikes Blad\u00a0<\/a>21. desember 2010 ble dommen omtalt. \u00abDrapshandlingen hadde n\u00e6rmest karakter av avretting. Med kraftige \u00f8kseslag har 37-\u00e5ringen sl\u00e5tt (\u2026) i hodet sju ganger. Videre ble liket kj\u00f8rt til Sverige og begravd i sn\u00f8en (\u2026)\u00bb, sto det blant annet i dommen.<\/p>\n<p>Film med drapsmannen<\/p>\n<p>Drapsmannen, som ble d\u00f8mt til 14 \u00e5rs fengsel og som n\u00e5 har sonet ferdig, er ogs\u00e5 tidligere intervjuet i Khrono. Bakgrunnen er at han som filosof tok doktorgraden i fengselet. Etter at han hadde sonet ferdig disputerte han ved Nord universitet p\u00e5 avhandlingen\u00a0\u00abIndre og ytre soning\u00bb.\u00a0<\/p>\n<p>Eskild ble etter hvert opptatt av \u00e5 forsone seg med farens drapsmann. Han lagde en dokumentar med mannen, og Suzanne var der og st\u00f8ttet og hjalp fetteren sin med dette. Og Eskilds f\u00f8rste m\u00f8te med drapsmannen Andreas, starter slik p\u00e5 opptak: \u00abSkal jeg bare begynne med \u00e5 si det som det var? Jeg tok livet av faren din for ni og et halvt \u00e5r siden\u00bb.\u00a0<\/p>\n<p>        <a itemprop=\"url\" class=\"\" href=\"https:\/\/www.khrono.no\/domd-for-oksedrap-i-2010-denne-veka-tar-han-doktorgrad-om-skuld-og-straff\/508923\" data-k5a-url=\"https:\/\/www.khrono.no\/a\/508923\" rel=\"nofollow noopener\" target=\"_blank\"><\/p>\n<p>Les ogs\u00e5 fra 2020<\/p>\n<p>            D\u00f8md for \u00f8ksedrap i 2010 \u2014 denne veka tar han doktorgrad om skyld og straff<\/p>\n<p>        <\/a><\/p>\n<p>Suzanne har ingen problemer med \u00e5 snakke om denne saken n\u00e5, men det var drapet p\u00e5 onkel som gjorde at hun ble psykisk syk i sin tid.\u00a0<\/p>\n<p>\u2014 Alt som skjedde da onkelen min ble drept, var veldig t\u00f8ft for familien min, og jeg hadde ikke lyst til \u00e5 leve lenger. Jeg havna p\u00e5 psykiatrisk sykehus etter drapet, og der gikk jeg inn og ut i \u00e5tte \u00e5r, forteller hun.\u00a0<\/p>\n<p class=\"italic m-italic\" data-lab-italic=\"italic\">\u2014 Hvordan var det? \u00c5tte \u00e5r?<\/p>\n<p>\u2014 Ja, nesten alle \u00e5rene mine i tjue\u00e5ra tilbrakte jeg i psykiatrien. Jeg tok selv kontakt, og trodde jeg trengte akutt hjelp der og da etter alt det tragiske som hadde skjedd. Men etter hvert fant jeg ingen vei ut av det igjen.\u00a0<\/p>\n<p class=\"italic m-italic\" data-lab-italic=\"italic\">\u2014 Hva skjedde der inne?\u00a0<\/p>\n<p>\u2014 De ga meg stadig flere diagnoser, og de sendte meg rundt til ulike sykehus. Og n\u00e5r vi hadde samtaleoppf\u00f8lginger de gangene jeg var skrevet ut, s\u00e5 foreslo de raskt at jeg kanskje burde legges inn igjen.\u00a0<\/p>\n<p>Ble bortskjemt i psykiatrien<\/p>\n<p class=\"italic m-italic\" data-lab-italic=\"italic\">\u2014 Og det ville du? Jeg trodde det var vanskelig \u00e5 f\u00e5 plass til behandling i psykiatrien?\u00a0<\/p>\n<p>\u2014 Det er ikke s\u00e5 vanskelig n\u00e5r man f\u00f8rst har v\u00e6rt der en gang eller to. Og s\u00e5 er det et behagelig sted \u00e5 v\u00e6re, det er som en boble. Man f\u00e5r servert alle m\u00e5ltider, det er aktivitetsgrupper man kan melde seg p\u00e5, man g\u00e5r p\u00e5 turer og det er terapitimer og samtaler. Du er i en helt egen og beskytta verden. I verden utenfor g\u00e5r alt s\u00e5 fort, er mer problemfylt. Inne p\u00e5 sykehuset g\u00e5r verden sakte rundt. Du blir dulla med, og veldig bortskjemt, kan du si.<\/p>\n<p>                <img decoding=\"async\" src=\"https:\/\/www.europesays.com\/no\/wp-content\/uploads\/2025\/12\/1021401.webp\" width=\"480\" height=\"322\" title=\"Selv om vi hadde rusavhengige medlemmer i familien s\u00e5 var det ogs\u00e5 mange som stilte opp for oss n\u00e5r vi var barn. Jeg ville v\u00e6re en s\u00e5nn, sier Suzanne Vika Josefsen.\" alt=\"\" loading=\"lazy\" style=\"\"\/><\/p>\n<p>\n            Selv om vi hadde rusavhengige medlemmer i familien s\u00e5 var det ogs\u00e5 mange som stilte opp for oss n\u00e5r vi var barn. Jeg ville v\u00e6re en s\u00e5nn, sier Suzanne Vika Josefsen.<br \/>\n            Ketil Blom Haugstulen\n        <\/p>\n<p>\u2014 Og det er jo behagelig \u00e5 bli bortskjemt, men det er jo ikke s\u00e5nn det burde v\u00e6re, man blir omtrent som barnehagebarn der inne, og det er slett ikke bra. Det er ikke s\u00e5nn det skal v\u00e6re. N\u00e5 har jeg heldigvis ikke v\u00e6rt p\u00e5 sykehus p\u00e5 over sju \u00e5r.<\/p>\n<p class=\"italic m-italic\" data-lab-italic=\"italic\">\u2014 Men hvordan kom du deg ut etter \u00e5tte \u00e5r?<\/p>\n<p>\u2014 Det som snudde det hele var at broren min skulle bli pappa. Da bestemte jeg meg for at jeg ikke ville leve livet mitt slik som jeg gjorde da, jeg ville v\u00e6re frisk og oppeg\u00e5ende nok til \u00e5 stille opp for han og barnet hans hvis det var behov. N\u00e5 var det jo ikke jeg som skulle ha barn, men jeg husket s\u00e5 godt fra min egen barndom at selv om vi hadde rusavhengige medlemmer i familien s\u00e5 var det ogs\u00e5 mange som stilte opp for oss da vi var barn. Jeg ville v\u00e6re en s\u00e5nn, sier hun.\u00a0<\/p>\n<p>Suzanne har selv aldri v\u00e6rt rusavhengig, hun drikker knapt nok alkohol.\u00a0<\/p>\n<p>\u2014 Jeg tror jeg har drukket alkohol fire ganger de siste fem \u00e5ra.\u00a0<\/p>\n<p class=\"italic m-italic\" data-lab-italic=\"italic\">\u2014 Hvordan var det i fadderuka?\u00a0<\/p>\n<p>\u2014 Jeg liker ikke \u00f8l. Jeg var med p\u00e5 fadderuka, litt, men dro tidlig hjem, sier hun.\u00a0<\/p>\n<p>Rydda opp i livet<\/p>\n<p>Suzanne har rydda opp i livet sitt. Hun hadde stor gjeld og \u00f8konomiske problemer, men etter at hun kom ut av sykehuskarusellen s\u00e5 har hun klart \u00e5 kvitte seg med all gjeld, hun har tatt interi\u00f8rdesign p\u00e5 NKI-skolen og betalt de 40.000 kronene det kostet av egen lomme.\u00a0<\/p>\n<p>                <img decoding=\"async\" src=\"https:\/\/www.europesays.com\/no\/wp-content\/uploads\/2025\/12\/1021350.webp\" width=\"480\" height=\"322\" title=\"De fleste g\u00e5r forbi, men mange stopper ogs\u00e5 og kj\u00f8per et magasin, en bok eller en kalender av Suzanne Vika Josefsen.\" alt=\"\" loading=\"lazy\" style=\"\"\/><\/p>\n<p>\n            De fleste g\u00e5r forbi, men mange stopper ogs\u00e5 og kj\u00f8per et magasin, en bok eller en kalender av Suzanne Vika Josefsen.<br \/>\n            Ketil Blom Haugstulen\n        <\/p>\n<p>\u2014 Jeg har interi\u00f8rdesignet som en slags plan B. Men n\u00e5 er det l\u00e6rerutdanningen som gjelder. Jeg har nettopp v\u00e6rt ute i praksis og det var kjempeg\u00f8y. Jeg s\u00f8kte egentlig p\u00e5 produktdesign og sykepleien p\u00e5 OsloMet p\u00e5 Kjeller i Akershus, for jeg hadde ikke lyst til \u00e5 flytte. Men der hadde jeg ikke sjans. P\u00e5 sykepleie sto jeg p\u00e5 plass nr. 313 p\u00e5 venteliste. S\u00e5 da scanna jeg gjennom alle ledige studieplasser og, s\u00f8kte steinerpedagogikk og heldigvis, jeg kom inn.\u00a0<\/p>\n<p>Vi har flyttet oss inn p\u00e5 en av kafeene p\u00e5 torget og spiser pizza, men selgeren og hockeypublikummet er tydelig ut\u00e5lmodig etter hvert.\u00a0<\/p>\n<p>            Som selger her s\u00e5 blir du ikke sett ned p\u00e5, mange er blitt hyggeligere og mer forst\u00e5elsesfulle overfor folk som ikke alltid har det s\u00e5 enkelt, er mitt inntrykk.<\/p>\n<p>Hun pleier ikke \u00e5 gi seg f\u00f8r hun har 10 salg p\u00e5 jobben, blir det 20 er det en riktig god dag.\u00a0<\/p>\n<p class=\"italic m-italic\" data-lab-italic=\"italic\">\u2014 Hvordan er det \u00e5 selge Erlik Oslo?\u00a0<\/p>\n<p>\u2014 Det blir i grunnen bare bedre og bedre. Jeg hadde ikke gjort det i 11 \u00e5r hvis jeg ikke hadde trivdes med det. Heldigvis har samfunnet blitt mer \u00e5pent og det snakkes mer om ruspolitikk og Petter Uteligger har hatt TV-serie. For ikke \u00e5 snakke om da vipps-en kom \u2014 da ble det mye enklere og bedre salg. Som selger her s\u00e5 blir du ikke sett ned p\u00e5, folk er blitt hyggeligere og mer forst\u00e5elsesfulle overfor folk som ikke alltid har det s\u00e5 enkelt, er mitt inntrykk.\u00a0<\/p>\n<p>Mange vil snakke om problemer<\/p>\n<p>Suzanne har l\u00e6rt ganske mye om mennesker i disse \u00e5rene som gatemagasinselger og f\u00f8r det som pasient.\u00a0<\/p>\n<p>\u2014 Det er mange som stopper opp og vil snakke med meg. Det kan v\u00e6re folk som selv har problemer, eller de har venner eller slekt som strever med rus. Det jeg har l\u00e6rt er at du ikke kan se utenp\u00e5 mennesker om de har det vanskelig eller ikke. Jeg har ogs\u00e5 l\u00e6rt at mennesker kan forandre seg. Livet kan bli bra igjen, selv om man strever. Ting tar bare litt lengre tid. Jeg pr\u00f8ver alt jeg kan \u00e5 ikke fokusere p\u00e5 det negative, men snakke med folk om det positive.\u00a0<\/p>\n<p class=\"italic m-italic\" data-lab-italic=\"italic\">\u2014 N\u00e5 er det snart jul, hva synes du om jula?\u00a0<\/p>\n<p>\u2014 Jeg har ikke opplevd noe negativt med jula, s\u00e5 jeg synes det er fint. Og jeg gleder meg bestandig til jul. Jeg liker lysene \u2014 og gr\u00f8t! N\u00e5 har jeg ogs\u00e5 penger som gj\u00f8r at jeg kan kj\u00f8pe julegaver til de jeg er glad i, slik har det ikke alltid v\u00e6rt. N\u00e5 f\u00e5r de ganske fine julegaver av meg, faktisk.\u00a0<\/p>\n<p>Suzanne g\u00e5r ut igjen i desemberkvelden og regnet. M\u00e5 helst f\u00e5 \u00e5tte salg til f\u00f8r hockeykampen starter. Og kanskje en positiv prat eller tre, s\u00e5nt som gj\u00f8r s\u00e5 godt.\u00a0<\/p>\n","protected":false},"excerpt":{"rendered":"Den ferske l\u00e6rerstudenten Suzanne Vika Josefsen (36) n\u00e6rmest str\u00e5ler denne ettermiddagen i desember, der hun g\u00e5r rundt i&hellip;\n","protected":false},"author":2,"featured_media":121567,"comment_status":"","ping_status":"","sticky":false,"template":"","format":"standard","meta":{"footnotes":""},"categories":[10],"tags":[20,21,24,25,15,22,23,13,30,28,29,14,16,26,27],"class_list":{"0":"post-121566","1":"post","2":"type-post","3":"status-publish","4":"format-standard","5":"has-post-thumbnail","7":"category-norge","8":"tag-breaking-news","9":"tag-breakingnews","10":"tag-featured-news","11":"tag-featurednews","12":"tag-headlines","13":"tag-latest-news","14":"tag-latestnews","15":"tag-news","16":"tag-no","17":"tag-norge","18":"tag-norway","19":"tag-nyheter","20":"tag-overskrifter","21":"tag-top-stories","22":"tag-topstories"},"share_on_mastodon":{"url":"https:\/\/pubeurope.com\/@no\/115780237779503587","error":""},"_links":{"self":[{"href":"https:\/\/www.europesays.com\/no\/wp-json\/wp\/v2\/posts\/121566","targetHints":{"allow":["GET"]}}],"collection":[{"href":"https:\/\/www.europesays.com\/no\/wp-json\/wp\/v2\/posts"}],"about":[{"href":"https:\/\/www.europesays.com\/no\/wp-json\/wp\/v2\/types\/post"}],"author":[{"embeddable":true,"href":"https:\/\/www.europesays.com\/no\/wp-json\/wp\/v2\/users\/2"}],"replies":[{"embeddable":true,"href":"https:\/\/www.europesays.com\/no\/wp-json\/wp\/v2\/comments?post=121566"}],"version-history":[{"count":0,"href":"https:\/\/www.europesays.com\/no\/wp-json\/wp\/v2\/posts\/121566\/revisions"}],"wp:featuredmedia":[{"embeddable":true,"href":"https:\/\/www.europesays.com\/no\/wp-json\/wp\/v2\/media\/121567"}],"wp:attachment":[{"href":"https:\/\/www.europesays.com\/no\/wp-json\/wp\/v2\/media?parent=121566"}],"wp:term":[{"taxonomy":"category","embeddable":true,"href":"https:\/\/www.europesays.com\/no\/wp-json\/wp\/v2\/categories?post=121566"},{"taxonomy":"post_tag","embeddable":true,"href":"https:\/\/www.europesays.com\/no\/wp-json\/wp\/v2\/tags?post=121566"}],"curies":[{"name":"wp","href":"https:\/\/api.w.org\/{rel}","templated":true}]}}