{"id":121574,"date":"2025-12-25T12:42:08","date_gmt":"2025-12-25T12:42:08","guid":{"rendered":"https:\/\/www.europesays.com\/no\/121574\/"},"modified":"2025-12-25T12:42:08","modified_gmt":"2025-12-25T12:42:08","slug":"meteorologisk-institutt-sender-ut-oransje-farevarsel-for-svaert-kraftige-vindkast-for-nord-norge-nrk-troms-og-finnmark","status":"publish","type":"post","link":"https:\/\/www.europesays.com\/no\/121574\/","title":{"rendered":"Meteorologisk institutt sender ut oransje farevarsel for sv\u00e6rt kraftige vindkast for Nord-Norge \u2013 NRK Troms og Finnmark"},"content":{"rendered":"<p><strong>\u2013 Det blir en sterk storm og kan hende orkan p\u00e5 kysten av Nordland, og S\u00f8r-Troms.<\/strong><\/p>\n<p>Det sier vakthavende meteorolog. H\u00e5vard Torseth til NRK.<\/p>\n<p>Dette skyldes et kraftig lavtrykk som kommer inn mot Nord-Norge natt til l\u00f8rdag.<\/p>\n<p>\u2013 S\u00e5nn det ser ut n\u00e5, s\u00e5 er det Lofoten og Vester\u00e5len som f\u00e5r den aller sterkeste vinden, men ogs\u00e5 kraftig i S\u00f8r-Troms, og inn mot Ofoten og nordlige Salten, sier Torseth.<\/p>\n<p><img decoding=\"async\"   src=\"data:image\/gif;base64,R0lGODlhAQABAIAAAAAAAP\/\/\/yH5BAEAAAAALAAAAAABAAEAAAIBRAA7\" loading=\"eager\" alt=\"Skjermbilde fra Meteorologisk institutt som viser sv\u00e6rt kraftige vindkast fra natt til l\u00f8rdag\" title=\"Illustrasjon: NRK\"\/><\/p>\n<p class=\"\">L\u00f8rdag ventes det sv\u00e6rt kraftige vindkast i Lofoten, Vester\u00e5len, Ofoten, deler av Salten og s\u00f8rlige deler av Troms. <\/p>\n<p>Illustrasjon: NRK<\/p>\n<p>If\u00f8lge meteorologen vil det fortsette med ganske kraftig vind f\u00f8rste del av l\u00f8rdagen, og det forventes vindkast p\u00e5 oppimot 33\u201338 mps innover land, og vinden vil komme fra en nordvestlig og nordlig retning, s\u00e5 da blir det ogs\u00e5 kj\u00f8lig, og overgang til sn\u00f8.<\/p>\n<p><strong>\u2013<\/strong> <strong>Vind ute p\u00e5 kysten kan komme opp i en sterk storm, kan hende ogs\u00e5 orkan.<\/strong> <strong>S\u00e5 da setter vi p\u00e5 varselet det vi kaller sv\u00e6rt kraftige vindkast p\u00e5 33 -38 mps innover land, sier meteorologen videre. <\/strong><\/p>\n<p>Statens vegvesen varsler om fare for stengt vei p\u00e5 Fv 7742 p\u00e5 Aunfjellet i Harstad. Varselet vil tre i kraft fredag kveld klokka 19:00, p\u00e5 grunn av uv\u00e6ret.<\/p>\n<p>B\u00f8r sikre l\u00f8se gjenstander<\/p>\n<p>\u2013 Det kan v\u00e6re lurt \u00e5 sikre litt l\u00f8se gjenstander hvis man har noe som vinden kan ta tak i.<\/p>\n<p>Det er ogs\u00e5 fare for hindringer i trafikken og innstilte avganger p\u00e5 fly og b\u00e5t, forteller Torseth<\/p>\n<p>Han understreker at det er kombinasjonen med sn\u00f8fokk som ogs\u00e5 gir utfordrende kj\u00f8reforhold.<\/p>\n<p><strong>\u2013 Midtvinters er det vanligere med sterk vind enn andre deler av \u00e5ret. Det er ikke s\u00e5 uvanlig. At det drar til med litt uv\u00e6r i romjula.<\/strong><\/p>\n<p><img decoding=\"async\"   src=\"data:image\/gif;base64,R0lGODlhAQABAIAAAAAAAP\/\/\/yH5BAEAAAAALAAAAAABAAEAAAIBRAA7\" loading=\"eager\" alt=\"Ferge til kai i uv\u00e6r\" title=\"Foto: Petter Str\u00f8m\"\/><\/p>\n<p class=\"\">If\u00f8lge meteorologene blir det verst i Lofoten og Vester\u00e5len. <\/p>\n<p>Foto: Petter Str\u00f8m<\/p>\n<p>Gult farevarsel i Vest-Finnmark<\/p>\n<p>If\u00f8lge meteorologen vil ogs\u00e5 farevarselet gjelde for hele Nord-Norge, og vare utover l\u00f8rdagen.<\/p>\n<p>\u2013 Det blir nok et gult farevarsel p\u00e5 vindkast for resten av Troms og Vest -Finnmark, ogs\u00e5 p\u00e5 l\u00f8rdag. Og ogs\u00e5 der overgang til sn\u00f8.<\/p>\n<p>Det vil if\u00f8lge Torseth bli utfordrende kj\u00f8reforhold, og kan bli problemer i trafikk og med kollektivtransport i hele landsdelen.<\/p>\n<p><img decoding=\"async\"   src=\"data:image\/gif;base64,R0lGODlhAQABAIAAAAAAAP\/\/\/yH5BAEAAAAALAAAAAABAAEAAAIBRAA7\" loading=\"eager\" alt=\"Skjermdump som viser gult farevarsel for sn\u00f8fokk i Finnmark l\u00f8rdag\" title=\"Illustrasjon: NRK\"\/><\/p>\n<p class=\"\">L\u00f8rdag formiddag ventes det sn\u00f8fokk p\u00e5 grunn av kraftig vind fra nord og nordvest i kombinasjon med sn\u00f8. <\/p>\n<p>Illustrasjon: NRK<\/p>\n<p>I deler av Finnmark er det ogs\u00e5 sendt ut et gult varsel om sn\u00f8fokk, p\u00e5 grunn av den kraftige vinden.<\/p>\n<p>\u2013 L\u00f8rdagen blir en d\u00e5rlig v\u00e6rdag ogs\u00e5 i resten av Nord-Norge. Men den aller sterkeste vinden, slik prognosen er n\u00e5, ser ut til \u00e5 treffe nord i Nordland og s\u00f8r i Troms.<\/p>\n<p>Publisert<\/p>\n<p>25.12.2025, kl. 13.04<\/p>\n<p>Oppdatert<\/p>\n<p>25.12.2025, kl. 13.18<\/p>\n","protected":false},"excerpt":{"rendered":"\u2013 Det blir en sterk storm og kan hende orkan p\u00e5 kysten av Nordland, og S\u00f8r-Troms. Det sier&hellip;\n","protected":false},"author":2,"featured_media":121575,"comment_status":"","ping_status":"","sticky":false,"template":"","format":"standard","meta":{"footnotes":""},"categories":[10],"tags":[20,21,24,25,15,22,23,13,30,28,29,14,16,26,27],"class_list":{"0":"post-121574","1":"post","2":"type-post","3":"status-publish","4":"format-standard","5":"has-post-thumbnail","7":"category-norge","8":"tag-breaking-news","9":"tag-breakingnews","10":"tag-featured-news","11":"tag-featurednews","12":"tag-headlines","13":"tag-latest-news","14":"tag-latestnews","15":"tag-news","16":"tag-no","17":"tag-norge","18":"tag-norway","19":"tag-nyheter","20":"tag-overskrifter","21":"tag-top-stories","22":"tag-topstories"},"share_on_mastodon":{"url":"https:\/\/pubeurope.com\/@no\/115780265094068386","error":""},"_links":{"self":[{"href":"https:\/\/www.europesays.com\/no\/wp-json\/wp\/v2\/posts\/121574","targetHints":{"allow":["GET"]}}],"collection":[{"href":"https:\/\/www.europesays.com\/no\/wp-json\/wp\/v2\/posts"}],"about":[{"href":"https:\/\/www.europesays.com\/no\/wp-json\/wp\/v2\/types\/post"}],"author":[{"embeddable":true,"href":"https:\/\/www.europesays.com\/no\/wp-json\/wp\/v2\/users\/2"}],"replies":[{"embeddable":true,"href":"https:\/\/www.europesays.com\/no\/wp-json\/wp\/v2\/comments?post=121574"}],"version-history":[{"count":0,"href":"https:\/\/www.europesays.com\/no\/wp-json\/wp\/v2\/posts\/121574\/revisions"}],"wp:featuredmedia":[{"embeddable":true,"href":"https:\/\/www.europesays.com\/no\/wp-json\/wp\/v2\/media\/121575"}],"wp:attachment":[{"href":"https:\/\/www.europesays.com\/no\/wp-json\/wp\/v2\/media?parent=121574"}],"wp:term":[{"taxonomy":"category","embeddable":true,"href":"https:\/\/www.europesays.com\/no\/wp-json\/wp\/v2\/categories?post=121574"},{"taxonomy":"post_tag","embeddable":true,"href":"https:\/\/www.europesays.com\/no\/wp-json\/wp\/v2\/tags?post=121574"}],"curies":[{"name":"wp","href":"https:\/\/api.w.org\/{rel}","templated":true}]}}