{"id":121576,"date":"2025-12-25T12:49:14","date_gmt":"2025-12-25T12:49:14","guid":{"rendered":"https:\/\/www.europesays.com\/no\/121576\/"},"modified":"2025-12-25T12:49:14","modified_gmt":"2025-12-25T12:49:14","slug":"honduras-utenriks-honduras-trump-stottede-presidentkandidat-nasry-asfura-vant-valget-etter-manuell-opptelling","status":"publish","type":"post","link":"https:\/\/www.europesays.com\/no\/121576\/","title":{"rendered":"Honduras, Utenriks | Honduras&#8217; Trump-st\u00f8ttede presidentkandidat Nasry Asfura vant valget etter manuell opptelling"},"content":{"rendered":"\n<p>Honduras holdt presidentvalg 30. november, men det var s\u00e5 jevnt mellom kandidatene at valgkommisjonen kalte det \u00abteknisk uavgjort\u00bb. Mens den manuelle fintellingen p\u00e5gikk, anklaget USA Honduras&#8217; valgkommisjon for valgfusk.<\/p>\n<p>Resultatet etter fintellingen er at Asfura fikk 40,3 prosent av stemmene, mens den mer sentrumsorienterte Salvador Nasralla fikk 39,5 prosent.<\/p>\n<p>USAs president Donald Trump har \u00e5pent st\u00f8ttet h\u00f8yreorienterte Asfura og truet med \u00e5 kutte bistand hvis han ikke vant.<\/p>\n<p>F\u00f8rste opptelling viste sv\u00e6rt jevnt l\u00f8p mellom Asfura (40,5 prosent) og Nasralla (39,3 prosent). <\/p>\n<p>Valgkommisjonen hadde frist til 30. desember med \u00e5 kunngj\u00f8re en vinner.<\/p>\n","protected":false},"excerpt":{"rendered":"Honduras holdt presidentvalg 30. november, men det var s\u00e5 jevnt mellom kandidatene at valgkommisjonen kalte det \u00abteknisk uavgjort\u00bb.&hellip;\n","protected":false},"author":2,"featured_media":121577,"comment_status":"","ping_status":"","sticky":false,"template":"","format":"standard","meta":{"footnotes":""},"categories":[12],"tags":[20,21,24,25,15,22,23,13,30,28,29,14,16,26,27,42,43,44,45],"class_list":{"0":"post-121576","1":"post","2":"type-post","3":"status-publish","4":"format-standard","5":"has-post-thumbnail","7":"category-verden","8":"tag-breaking-news","9":"tag-breakingnews","10":"tag-featured-news","11":"tag-featurednews","12":"tag-headlines","13":"tag-latest-news","14":"tag-latestnews","15":"tag-news","16":"tag-no","17":"tag-norge","18":"tag-norway","19":"tag-nyheter","20":"tag-overskrifter","21":"tag-top-stories","22":"tag-topstories","23":"tag-verden","24":"tag-world","25":"tag-world-news","26":"tag-worldnews"},"share_on_mastodon":{"url":"https:\/\/pubeurope.com\/@no\/115780292716973100","error":""},"_links":{"self":[{"href":"https:\/\/www.europesays.com\/no\/wp-json\/wp\/v2\/posts\/121576","targetHints":{"allow":["GET"]}}],"collection":[{"href":"https:\/\/www.europesays.com\/no\/wp-json\/wp\/v2\/posts"}],"about":[{"href":"https:\/\/www.europesays.com\/no\/wp-json\/wp\/v2\/types\/post"}],"author":[{"embeddable":true,"href":"https:\/\/www.europesays.com\/no\/wp-json\/wp\/v2\/users\/2"}],"replies":[{"embeddable":true,"href":"https:\/\/www.europesays.com\/no\/wp-json\/wp\/v2\/comments?post=121576"}],"version-history":[{"count":0,"href":"https:\/\/www.europesays.com\/no\/wp-json\/wp\/v2\/posts\/121576\/revisions"}],"wp:featuredmedia":[{"embeddable":true,"href":"https:\/\/www.europesays.com\/no\/wp-json\/wp\/v2\/media\/121577"}],"wp:attachment":[{"href":"https:\/\/www.europesays.com\/no\/wp-json\/wp\/v2\/media?parent=121576"}],"wp:term":[{"taxonomy":"category","embeddable":true,"href":"https:\/\/www.europesays.com\/no\/wp-json\/wp\/v2\/categories?post=121576"},{"taxonomy":"post_tag","embeddable":true,"href":"https:\/\/www.europesays.com\/no\/wp-json\/wp\/v2\/tags?post=121576"}],"curies":[{"name":"wp","href":"https:\/\/api.w.org\/{rel}","templated":true}]}}