{"id":121578,"date":"2025-12-25T12:50:07","date_gmt":"2025-12-25T12:50:07","guid":{"rendered":"https:\/\/www.europesays.com\/no\/121578\/"},"modified":"2025-12-25T12:50:07","modified_gmt":"2025-12-25T12:50:07","slug":"haper-de-berorte-far-det-bedre-etter-rettssaken-norge","status":"publish","type":"post","link":"https:\/\/www.europesays.com\/no\/121578\/","title":{"rendered":"\u2013 H\u00e5per de ber\u00f8rte f\u00e5r det bedre etter rettssaken \u2013 Norge"},"content":{"rendered":"<p>\u2013 God dag, hilser kong Harald.<\/p>\n<p>H\u00e5ndtrykket er fast.<\/p>\n<p>Det er en gr\u00e5 og regntung ettermiddag i Oslo. Utenfor river en sur vind i juletreet p\u00e5 Slottsbalkongen.<\/p>\n<p>Kongeparet tar imot NRKs \u00ab\u00c5ret med kongefamilien\u00bb hjemme p\u00e5 Slottet p\u00e5 tampen av et \u00e5r der det har stormet rundt kongefamilien.<\/p>\n<p>Neste \u00e5r venter nye pr\u00f8velser.<\/p>\n<p>Om en dr\u00f8y m\u00e5ned begynner <a href=\"https:\/\/www.nrk.no\/norge\/na-er-det-bestemt-om-marius-borg-hoiby-skal-bli-tiltalt-1.17519879\" ec-id=\"pp:article:1.17519879\" ec-name=\"rettssaken mot Marius Borg H\u00f8iby\" rel=\"nofollow noopener\" target=\"_blank\">rettssaken mot Marius Borg H\u00f8iby<\/a>.<\/p>\n<p><img decoding=\"async\"   src=\"data:image\/gif;base64,R0lGODlhAQABAIAAAAAAAP\/\/\/yH5BAEAAAAALAAAAAABAAEAAAIBRAA7\" loading=\"eager\" alt=\"Kong Harald og dronning Sonja stiller opp til portrett i forbindelse med NRK-programmet &quot;\u00c5ret med kongefamilien&quot;, inne i Kong Oscar-suiten inne p\u00e5 Slottet i Oslo.\" title=\"Foto: Eskil Wie Furunes \/ NRK\"\/><\/p>\n<p>Foto: Eskil Wie Furunes \/ NRK<\/p>\n<p>\u2013 Noe det ikke er mulig \u00e5 forberede seg p\u00e5<\/p>\n<p>\u2013 Det er noe det ikke er mulig \u00e5 forberede seg p\u00e5, tror jeg, sier kong Harald.<\/p>\n<p>Han trekker pusten.<\/p>\n<p>\u2013 Men n\u00e5 er dette i domstolens hender, og rettssaken er berammet. Den kommer til \u00e5 g\u00e5 sin gang. S\u00e5 f\u00e5r vi ta det som kommer, sier kongen.<\/p>\n<p>\u2013 Men det er jo ikke akkurat noe man ser frem til, sier dronning Sonja.<\/p>\n<p>Hun ser bort p\u00e5 kongen.<\/p>\n<p>\u2013 Nei, det er det ikke, sl\u00e5r han fast.<\/p>\n<p>Kongen stopper opp litt.<\/p>\n<p>\u2013 Samtidig vil jeg si at vi f\u00f8ler med alle de som er ber\u00f8rt. Ikke bare i v\u00e5r egen familie, men ogs\u00e5 alle andre som er ber\u00f8rt. Vi f\u00f8ler med dem og h\u00e5per de har det bra og f\u00e5r det bedre etter rettssaken, sier kongen.<\/p>\n<p>\u2013 Det er helt riktig. Det er viktig \u00e5 tenke p\u00e5 alle i denne sammenheng, sier dronningen.<\/p>\n<p><img decoding=\"async\"   src=\"data:image\/gif;base64,R0lGODlhAQABAIAAAAAAAP\/\/\/yH5BAEAAAAALAAAAAABAAEAAAIBRAA7\" loading=\"eager\" alt=\"Dronning Sonja er if\u00f8rt en hvit kjole og en r\u00f8dt perlekjede og sitter i en stol p\u00e5 Slottet i anledning intervjuet med NRKs &quot;\u00c5ret med kongefamilien 2025&quot;\" title=\"Foto: Eskil Wie Furunes \/ NRK\"\/><\/p>\n<p>Foto: Eskil Wie Furunes \/ NRK<\/p>\n<p>\u2013 Vil rettssaken p\u00e5virke arbeidet til kongehuset og til kongeparet?<\/p>\n<p>\u2013 Nei, det gj\u00f8r den ikke. Vi fors\u00f8ker \u00e5 gj\u00f8re som vi ville gjort uansett. S\u00e5\u2026 \u00abBusiness as usual\u00bb, er det ikke det det heter p\u00e5 nynorsk, sier kongen.<\/p>\n<p>Kronprinsessen tar et oppgj\u00f8r med anklagene mot seg<\/p>\n<p>Det har v\u00e6rt kongefamiliens l\u00f8sning hele \u00e5ret.<\/p>\n<p>Ogs\u00e5 da kronprins Haakon, f\u00f8rste gang han m\u00f8tte pressen etter tiltalen mot stes\u00f8nnen, ble spurt om hvordan saken p\u00e5virket kronprinsfamilien, var svaret:<\/p>\n<p>\u2013 Vi fortsetter \u00e5 l\u00f8se v\u00e5re oppgaver som best vi kan, s\u00e5nn som vi pleier.\n<\/p>\n<p><img decoding=\"async\"   src=\"data:image\/gif;base64,R0lGODlhAQABAIAAAAAAAP\/\/\/yH5BAEAAAAALAAAAAABAAEAAAIBRAA7\" loading=\"eager\" alt=\"Kronprins Haakon sitter i en stol p\u00e5 Skaugum i forbindelse med at han blir intervjuet til NRKs &quot;\u00c5ret med kongefamilien 2025&quot;.\" title=\"Foto: Christian Breidlid \/ NRK\"\/><\/p>\n<p class=\"\">Kronprins Haakon sier de har tenkt p\u00e5 om de vil v\u00e6re til stede i rettssalen, men at de ikke \u00f8nsker \u00e5 g\u00e5 ut med det enn\u00e5.<\/p>\n<p>Foto: Christian Breidlid \/ NRK<\/p>\n<p>Rettssaken mot Marius Borg H\u00f8iby begynner 3. februar i Oslo tingrett. Det er satt av sju uker til saken.<\/p>\n<p>\u2013 Vi tenker jo selvf\u00f8lgelig mye p\u00e5 hvordan det blir \u00e5 v\u00e6re i den situasjonen, for alle som er en part i saken p\u00e5 en eller annen m\u00e5te. Alle de som er glad i dem, familiene deres, de som st\u00e5r dem n\u00e6r. Dette er vanskelig for alle sammen. Det er noe vi tenker mye p\u00e5, selvf\u00f8lgelig, sier kronprins Haakon til \u00ab\u00c5ret med kongefamilien\u00bb n\u00e5.<\/p>\n<p>\u2013 Kommer kronprinsparet til \u00e5 v\u00e6re til stede i retten?<\/p>\n<p>\u2013 Vi har klare tanker rundt det, men jeg tror ikke vi er helt beredt til \u00e5 fortelle om det enn\u00e5. Vi f\u00e5r ta det i riktig rekkef\u00f8lge, svarer han.<\/p>\n<p>Ett \u00e5r etter at Marius Borg H\u00f8iby ble p\u00e5grepet i august i fjor, var det publisert over 10.000 saker om ham \u2013 bare i norske medier \u2013 if\u00f8lge Aftenposten.<\/p>\n<p>Deretter fulgte h\u00f8sten i \u00e5r med nye saker og b\u00f8ker om ham \u2013 og omtale av kronprinsesse Mette-Marits h\u00e5ndtering av s\u00f8nnens situasjon, b\u00e5de f\u00f8r og etter politisaken.<\/p>\n<p><img decoding=\"async\"   src=\"data:image\/gif;base64,R0lGODlhAQABAIAAAAAAAP\/\/\/yH5BAEAAAAALAAAAAABAAEAAAIBRAA7\" loading=\"eager\" alt=\"Kronprinsparet sitter i en lys sofa hjemme p\u00e5 Skaugum og blir intervjuet av NRK til &quot;\u00c5ret med kongefamilien 2025&quot;\" title=\"Foto: Christian Breidlid \/ NRK\"\/><\/p>\n<p class=\"\">Kronprins Haakon og kronprinsesse Mette-Marit tar imot NRKs \u00ab\u00c5ret med kongefamilien\u00bb hjemme p\u00e5 Skaugum.<\/p>\n<p>Foto: Christian Breidlid \/ NRK<\/p>\n<p>N\u00e5 tar hun for f\u00f8rste gang til motm\u00e6le og tar et oppgj\u00f8r med anklagene.<\/p>\n<p>\u2013 Jeg synes det har v\u00e6rt ganske krevende \u00e5 bli beskyldt for s\u00e5pass alvorlige ting, som jeg selvf\u00f8lgelig ikke har gjort, sier kronprinsesse Mette-Marit til \u00ab\u00c5ret med kongefamilien\u00bb.<\/p>\n<p>\u2013 Det jeg kanskje blir mest lei meg for, er jo \u00e5 bli kritisert for hvordan vi har h\u00e5ndtert det som foreldre. At vi ikke har tatt det p\u00e5 alvor. Det synes jeg er vanskelig.<\/p>\n<p>\u2013 Utrolig mye selvbebreidelse<\/p>\n<p>Vi m\u00f8ter kronprinsparet hjemme p\u00e5 Skaugum, der tett desembert\u00e5ke pakker inn et julepyntet hus.<\/p>\n<p><img decoding=\"async\"   src=\"data:image\/gif;base64,R0lGODlhAQABAIAAAAAAAP\/\/\/yH5BAEAAAAALAAAAAABAAEAAAIBRAA7\" loading=\"eager\" alt=\"En gardist g\u00e5r vakt i porten opp til Skaugum\" title=\"Foto: Christian Breidlid \/ NRK\"\/><\/p>\n<p class=\"\">En gardist holder vakt ved innkj\u00f8rselen til Skaugum en m\u00f8rk ettermiddag i desember.<\/p>\n<p>Foto: Christian Breidlid \/ NRK<\/p>\n<p>N\u00f8yaktig hvilke anklager kronprinsessen reagerer p\u00e5, vil hun ikke si.<\/p>\n<p>Om det er p\u00e5st\u00e5tt innblanding f\u00f8r s\u00f8nnen ble p\u00e5grepet, anklager om kontakt med de forn\u00e6rmede, for \u00e5 ha sett en annen vei i oppveksten til Marius Borg H\u00f8iby eller annet.\n<\/p>\n<p><img decoding=\"async\"   src=\"data:image\/gif;base64,R0lGODlhAQABAIAAAAAAAP\/\/\/yH5BAEAAAAALAAAAAABAAEAAAIBRAA7\" loading=\"eager\" alt=\"Kronprinsesse Mette-Marit g\u00e5r arm i arm med s\u00f8nnen Marius Borg H\u00f8iby ut fra Deichman Bj\u00f8rvika etter regjeringens feiring av prinsesse Ingrid Alexandras 18-\u00e5rsdag, mens kronprins Haakon g\u00e5r bak dem.\" title=\"Foto: Lise \u00c5serud \/ NTB\"\/><\/p>\n<p class=\"\">Marius Borg H\u00f8iby deltok med resten av familien da prinsesse Ingrid Alexandras 18-\u00e5rsdag ble feiret av regjeringen i 2022.<\/p>\n<p>Foto: Lise \u00c5serud \/ NTB<\/p>\n<p>\u2013 Det \u00e5 v\u00e6re foreldre er det mest s\u00e5rbare man gj\u00f8r. Og alle foreldre, kanskje spesielt foreldre som har v\u00e6rt i den situasjonen vi har v\u00e6rt i, tror jeg kjenner seg igjen i det at det er utrolig mye selvbebreidelse som ligger i det, sier kronprinsessen.<\/p>\n<p>Hun legger h\u00e5nden p\u00e5 brystet. Kronprins Haakon nikker til det hun sier.<\/p>\n<p>Kronprinsessen ser ut i luften. Tar en liten pause, f\u00f8r hun fortsetter.<\/p>\n<p>\u2013 Og det \u00e5 bli s\u00e5 hardt kritisert i en situasjon hvor vi har pr\u00f8vd \u00e5 gj\u00f8re s\u00e5 godt vi har kunnet og s\u00f8kt profesjonell hjelp&#8230; Vi har tatt den hjelpen, vi har f\u00e5tt hjelp&#8230; S\u00e5 det kjennes litt urettferdig ut. Det at vi ikke har tatt situasjonen p\u00e5 alvor. For det mener jeg vi har.<\/p>\n<p><img decoding=\"async\"   src=\"data:image\/gif;base64,R0lGODlhAQABAIAAAAAAAP\/\/\/yH5BAEAAAAALAAAAAABAAEAAAIBRAA7\" loading=\"eager\" alt=\"Kronprinsparet blir intervjuet til NRKs &quot;\u00c5ret med kongefamilien&quot; hjemme p\u00e5 Skaugum\" title=\"Foto: Christian Breidlid \/ NRK\"\/><\/p>\n<p>Foto: Christian Breidlid \/ NRK<\/p>\n<p>Kronprinsessen sier at de \u00abselvf\u00f8lgelig gj\u00f8r feil som alle andre\u00bb.<\/p>\n<p>\u2013 Det er noe vi m\u00e5 leve med. Men s\u00e5nn er det \u00e5 v\u00e6re menneske, s\u00e5nn er det \u00e5 v\u00e6re foreldre. Men n\u00e5r det skal komme s\u00e5pass kraftig kritikk av ting vi gj\u00f8r, s\u00e5 m\u00e5 den kritikken i hvert fall v\u00e6re basert p\u00e5 at p\u00e5standene er riktige.<\/p>\n<p>\u2013 Dere velger \u00e5 ikke v\u00e6re konkrete, og dere velger sjelden \u00e5 ta til motm\u00e6le. Hvorfor det?<\/p>\n<p>\u2013 V\u00e5r oppfatning har hele tiden v\u00e6rt at denne saken m\u00e5 behandles i rettssystemet. Det er der den h\u00f8rer hjemme. Og vi \u00f8nsker ikke \u00e5 g\u00e5 inn p\u00e5 selve saken eller private forhold f\u00f8r det er h\u00e5ndtert i rettssystemet, svarer kronprinsessen.<\/p>\n<p>\u2013 S\u00e5 kan vi heller uttale oss om det senere, hvis det er naturlig. Men vi synes ikke det er naturlig. Og det synes jeg ikke gir folk rett til \u00e5 komme med masse p\u00e5stander som ikke er sanne av den grunn. Det er jo fort det som skjer n\u00e5r man velger \u00e5 ikke kommentere ting. Men jeg har kjent p\u00e5 at jeg har syntes det har v\u00e6rt litt krevende \u2013 for \u00e5 si det mildt, sier hun.<\/p>\n<p>\u2013 I hvert fall det der med at vi ikke har tatt det p\u00e5 alvor. For det har vi jo gjort, legger kronprins Haakon til.<\/p>\n<p>Kongen avviser M\u00e4rtha-kritikk: \u2013 Ikke enig i at det er et svakhetstegn<\/p>\n<p>P\u00e5 Slottet har kong Harald skiftet fra uniformen som han alltid har p\u00e5 seg n\u00e5r han leder statsr\u00e5d, slik han har gjort tidligere denne dagen \u2013 og som han gj\u00f8r hver fredag gjennom nesten hele \u00e5ret.<\/p>\n<p>\u00c5 g\u00e5 p\u00e5 jobb har v\u00e6rt svaret ogs\u00e5 n\u00e5r det har stormet.<\/p>\n<p>Som da kongen bes\u00f8kte milj\u00f8organisasjonen WWF sitt 50-\u00e5rsjubileum i september \u2013 og ble m\u00f8tt med spontan sang av \u00abKongesangen\u00bb fra tilfeldig forbipasserende da han kom ut av milj\u00f8organisasjonens lokaler i Oslo sentrum.<\/p>\n<p>En dr\u00f8y uke tidligere hadde Netflix-dokumentaren \u00abRebel Royals: An Unlikely Love Story\u00bb, om og med prinsesse M\u00e4rtha Louise og ektemannen Durek Verrett, vakt sterke reaksjoner.\n<\/p>\n<p><img decoding=\"async\"   src=\"data:image\/gif;base64,R0lGODlhAQABAIAAAAAAAP\/\/\/yH5BAEAAAAALAAAAAABAAEAAAIBRAA7\" loading=\"eager\" alt=\"en mann som sitter i en stol i et staselig rom\" title=\"Foto: Netflix \u00a9 2025\"\/><\/p>\n<p class=\"\">Flere av Durek Verretts uttalelser i Netflix-dokumentaren vakte oppsikt.<\/p>\n<p>Foto: Netflix \u00a9 2025<\/p>\n<p>I dokumentaren <a href=\"https:\/\/www.nrk.no\/norge\/durek-verrett-med-rasismeoppgjor-i-ny-dokumentar_-_-kongefamilien-gjorde-ingenting-for-a-hjelpe-meg-1.17567073\" ec-id=\"pp:article:1.17567073\" ec-name=\"tok Verrett blant annet et rasismeoppgj\u00f8r med kongen\" rel=\"nofollow noopener\" target=\"_blank\">tok Verrett blant annet et rasismeoppgj\u00f8r med kongen<\/a>.<\/p>\n<p>Et bakholdsangrep p\u00e5 kongen, kalte kommentatorene det. Folket svarte med \u00e5 sl\u00e5 ring om kongen og <a href=\"https:\/\/www.nrk.no\/norge\/folket-slar-ring-om-kongen-_-klar-okning-i-stotten-til-monarkiet-1.17586496\" ec-id=\"pp:article:1.17586496\" ec-name=\"st\u00f8tte opp om monarkiet\" rel=\"nofollow noopener\" target=\"_blank\">st\u00f8tte opp om monarkiet<\/a>.<\/p>\n<p>Kongehuset konkluderte med at prinsesseparet med dokumentaren hadde brutt avtalen de har med kongehuset om bruk av prinsessetittelen og kongelig tilknytning i kommersiell sammenheng.<\/p>\n<p>De s\u00e5 nok en gang behov for et enda tydeligere skille mellom kongehuset og parets virksomhet. Svaret var nye samtaler mellom familien og paret.<\/p>\n<p><img decoding=\"async\"   src=\"data:image\/gif;base64,R0lGODlhAQABAIAAAAAAAP\/\/\/yH5BAEAAAAALAAAAAABAAEAAAIBRAA7\" loading=\"eager\" alt=\"Prinsesse M\u00e4rtha Louise og Durek Verrett i Netflix-dokumentaren &quot;Royal Rebels&quot;, de sitter i en sofa med lukkede \u00f8yne og mediterer.\" title=\"Foto: Netflix\"\/><\/p>\n<p class=\"\">Da Netflix-dokumentaren om og med prinsesse M\u00e4rtha Louise og Durek Verrett kom ut i september, konkluderte kongehuset med at den var et brudd p\u00e5 avtalen paret har med kongehuset.<\/p>\n<p>Foto: Netflix<\/p>\n<p>\u2013 Samtalene g\u00e5r egentlig veldig bra, synes jeg, sier kong Harald til \u00ab\u00c5ret med kongefamilien\u00bb n\u00e5.<\/p>\n<p>\u2013 Jeg tror vi begynner \u00e5 n\u00e6rme oss en forst\u00e5else av hvordan det er. Men disse samtalene kommer til \u00e5 fortsette. S\u00e5 det er noe vi vil fortsette med videre, uansett resultat.<\/p>\n<p>Han stopper opp litt, f\u00f8r han legger til:<\/p>\n<p>\u2013 Hele vitsen med disse samtalene er jo at vi skal kjenne hverandre bedre. Og gj\u00f8re det som er n\u00f8dvendig for \u00e5 holde disse to verdenene adskilt.<\/p>\n<p>Enkelte har kritisert kongen for \u00e5 v\u00e6re for lite \u00abhard i klypa\u00bb n\u00e5r han bare m\u00f8ter et klart avtalebrudd med nye samtaler i stedet for andre konsekvenser.<\/p>\n<p>Ogs\u00e5 folket ser ut til \u00e5 synes at nok er nok: 70 prosent mente etter Netflix-dokumentaren at kongen n\u00e5 m\u00e5 frata datteren prinsessetittelen.<\/p>\n<p>\u2013 Kan det utfordre kongens autoritet at han m\u00f8ter avtalebrudd med samtaler?<\/p>\n<p>\u2013 Nei, tvert imot, svarer kong Harald selv.<\/p>\n<p>\u2013 Vitsen med hele dette er jo ikke \u00e5 straffe, men \u00e5 f\u00e5 til noe. Og man f\u00e5r til mye mer med samtaler enn med \u00e5 true og straffe. S\u00e5 jeg er ikke enig i at det er et svakhetstegn. Det kan fort v\u00e6re styrke.<\/p>\n<p>Historisk bes\u00f8k og Norges-markering<\/p>\n<p>Kongeparet viste b\u00e5de styrke og sterk vilje da de i juni trosset t\u00e5ke og d\u00e5rlig v\u00e6r for \u00e5 komme i land p\u00e5 Bj\u00f8rn\u00f8ya i Barentshavet \u2013 den norske \u00f8ya som ligger midt mellom Fastlands-Norge og Longyearbyen.<\/p>\n<p>Skipet med kongeparet om bord, hadde da reist fra Kv\u00e6nangen i Troms, der kongeparet var p\u00e5 fylkesbes\u00f8k, ett d\u00f8gn tidligere.<\/p>\n<p>De hadde seilt ut i midnattssolen og passert b\u00e5de v\u00e5gehval og det ny\u00e5pnede Johan Castberg-feltet p\u00e5 den lange ferden mot Bj\u00f8rn\u00f8ya.<\/p>\n<p><img decoding=\"async\"   src=\"data:image\/gif;base64,R0lGODlhAQABAIAAAAAAAP\/\/\/yH5BAEAAAAALAAAAAABAAEAAAIBRAA7\" loading=\"eager\" alt=\"Kongeskipet &quot;Norge&quot; seiler ut fra Kv\u00e6nangen med kurs for Bj\u00f8rn\u00f8ya, i bakgrunnen sees sn\u00f8dekte fjell.\" title=\"Foto: Cornelius Poppe \/ NTB\"\/><\/p>\n<p class=\"\">Kongeskipet med kongeflagget i masta, seilte ut fra Kv\u00e6nangen med kurs for Bj\u00f8rn\u00f8ya, der de ankret opp ett d\u00f8gn senere.<\/p>\n<p>Foto: Cornelius Poppe \/ NTB<\/p>\n<p>Da de n\u00e6rmet seg \u00f8ya med de bratte klippene, ble sj\u00f8en r\u00f8ffere og vinden kraftigere.<\/p>\n<p>\u2013 Det var noe\u2026kupert, sier den b\u00e5tvante kong Harald om overfarten og smiler.\n<\/p>\n<p><img decoding=\"async\"   src=\"data:image\/gif;base64,R0lGODlhAQABAIAAAAAAAP\/\/\/yH5BAEAAAAALAAAAAABAAEAAAIBRAA7\" loading=\"eager\" alt=\"Kong Harald fotografert i forbindelse med intervjuet til NRKs &quot;\u00c5ret med kongefamilien 2025&quot;\" title=\"Foto: Eskil Wie Furunes \/ NRK\"\/><\/p>\n<p class=\"\">\u2013 Vi har v\u00e6rt borti verre f\u00f8r, sier den sj\u00f8vante kongen om den r\u00f8ffe overfarten til Bj\u00f8rn\u00f8ya.<\/p>\n<p>Foto: Eskil Wie Furunes \/ NRK<\/p>\n<p>\u2013 Men ellers var det jo greit. Vi har v\u00e6rt med p\u00e5 verre, m\u00e5 jeg si. Men det er klart, er man ikke vant til \u00e5 v\u00e6re p\u00e5 sj\u00f8en, er ikke bevegelser behagelige, sier kongen.<\/p>\n<p>\u2013 Det beste man kan gj\u00f8re da, er bare \u00e5 g\u00e5 og legge seg. Og holde sengen. Det er det sikreste i hvert fall, sier dronningen og ler.<\/p>\n<p>Fremme ved Bj\u00f8rn\u00f8ya skulle kongeparet ha blitt fl\u00f8yet i land med helikopter, men sikten var for d\u00e5rlig.<\/p>\n<p>Men monarken hadde bestemt seg. Han skulle til Bj\u00f8rn\u00f8ya.<\/p>\n<p><img decoding=\"async\"   src=\"data:image\/gif;base64,R0lGODlhAQABAIAAAAAAAP\/\/\/yH5BAEAAAAALAAAAAABAAEAAAIBRAA7\" loading=\"eager\" alt=\"Kong Harald og dronning Sonja fotografert mens de blir intervjuet p\u00e5 Slottet til NRKs &quot;\u00c5ret med kongefamilien 2025&quot;\" title=\"Foto: Eskil Wie Furunes \/ NRK\"\/><\/p>\n<p>Foto: Eskil Wie Furunes \/ NRK<\/p>\n<p>\u2013 Det var spennende om vi i det hele tatt kom i land. S\u00e5 spennende at jeg sendte dronningen f\u00f8rst, sier kongen til \u00ab\u00c5ret med kongefamilien\u00bb og smiler.<\/p>\n<p>\u2013 Ja, men jeg meldte meg selv, da, legger dronningen til, til lattermild erkjennelse fra kongen.<\/p>\n<p>\u2013 Jeg gjorde det. For jeg vet jo litt om hvordan kongen beveger seg. S\u00e5 det var greit \u00e5 v\u00e6re en pr\u00f8veklut. Og det gikk fint, sier dronning Sonja.<\/p>\n<p>Og da dronningen ga gr\u00f8nt lys etter \u00e5 ha sjekket forholdene, satte kong Harald, Norges statsoverhode, ben p\u00e5 Bj\u00f8rn\u00f8ya for f\u00f8rste gang.<\/p>\n<p><img decoding=\"async\"   src=\"data:image\/gif;base64,R0lGODlhAQABAIAAAAAAAP\/\/\/yH5BAEAAAAALAAAAAABAAEAAAIBRAA7\" loading=\"eager\" alt=\"Harald V av Norge st\u00e5r p\u00e5 en strand med stokk og b\u00e5t i bakgrunnen\" title=\"Foto: Cornelius Poppe \/ NTB\"\/><\/p>\n<p class=\"\">Kong Harald dukket opp i t\u00e5kehavet da han omsider kunne g\u00e5 i land p\u00e5 Bj\u00f8rn\u00f8ya.<\/p>\n<p>Foto: Cornelius Poppe \/ NTB<\/p>\n<p>Bes\u00f8ket p\u00e5 \u00f8ya som ligger i det strategisk viktige omr\u00e5det for Norge, skjedde i en tid der Russlands krig mot nabolandet Ukraina var inne i sitt fjerde \u00e5r.<\/p>\n<p>Og USAs president Donald Trump hadde sagt at han ville ha Gr\u00f8nland, som formelt er en del av Danmark.<\/p>\n<p>En internasjonal ramme som gjorde viktigheten av kongens bes\u00f8k p\u00e5 Bj\u00f8rn\u00f8ya enda viktigere, p\u00e5peker statsminister Jonas Gahr St\u00f8re.<\/p>\n<p>\u2013 Vi kaller det ofte \u00e5 vise flagget, sier St\u00f8re til \u00ab\u00c5ret med kongefamilien\u00bb.\n<\/p>\n<p><img decoding=\"async\"   src=\"data:image\/gif;base64,R0lGODlhAQABAIAAAAAAAP\/\/\/yH5BAEAAAAALAAAAAABAAEAAAIBRAA7\" loading=\"eager\" alt=\"Jonas Gahr St\u00f8re blir intervjuet i Statsministerboligen\" title=\"Foto: Henrik Myhr Nielsen \/ NRK\"\/><\/p>\n<p class=\"\">\u2013 Det er i s\u00e5nne \u00f8yeblikk man blir veldig glad i kong Harald, sier Jonas Gahr St\u00f8re om da kongen strevde seg i land p\u00e5 Bj\u00f8rn\u00f8ya.<\/p>\n<p>Foto: Henrik Myhr Nielsen \/ NRK<\/p>\n<p>\u2013 Kongen er statsoverhode. Han er jo den \u00f8verste i det som uttrykker Norge. S\u00e5 n\u00e5r han bes\u00f8ker et sted som dette, markerer det Norge p\u00e5 den aller tyngste m\u00e5ten man kan gj\u00f8re. At kongen drar til Bj\u00f8rn\u00f8ya, er et uttrykk for at dette er Norge, og her bestemmer vi.<\/p>\n<p>\u2013 N\u00e5 har ikke jeg h\u00f8rt noen snakke om at de vil ha Bj\u00f8rn\u00f8ya fra oss. Men v\u00e5r konges litt stillfarende, verdige m\u00e5te \u00e5 markere det p\u00e5, er en fin markering av at Norge har ting p\u00e5 stell n\u00e5r det gjelder hva som er v\u00e5rt, legger statsministeren til.<\/p>\n<p>\u2013 En bit i \u00abalt for Norge\u00bb<\/p>\n<p>P\u00e5 kaia p\u00e5 Bj\u00f8rn\u00f8ya ventet traktoren \u00abTuk-Tuk\u00bb med tilhenger, hvor kongetribune fikk en ny betydning.<\/p>\n<p>    \u2190<\/p>\n<ul data-scroll-container=\"\" role=\"list\" aria-label=\"Bildegalleri\">\n<li><img alt=\"Kong Harald blir kj\u00f8rt med traktor p\u00e5 Bj\u00f8rn\u00f8ya\"  width=\"3840\" height=\"2160\" loading=\"lazy\"\/> Foto: Cornelius Poppe \/ NTB <\/li>\n<li><img alt=\"Kong Harald blir kj\u00f8rt med traktor p\u00e5 Bj\u00f8rn\u00f8ya\"  width=\"3840\" height=\"2160\" loading=\"lazy\"\/> Foto: Cornelius Poppe \/ NTB <\/li>\n<li><img alt=\"Kong Harald blir kj\u00f8rt med traktor p\u00e5 Bj\u00f8rn\u00f8ya\"  width=\"3840\" height=\"2160\" loading=\"lazy\"\/> Foto: Cornelius Poppe \/ NTB <\/li>\n<\/ul>\n<p>\u2192<\/p>\n<p>Kongen ble kj\u00f8rt innover det ulendte terrenget p\u00e5 \u00f8ya p\u00e5 traktorens lasteplan.<\/p>\n<p>\u2013 Det var ganske morsomt \u00e5 se. Med hagebenk og stoler oppi et lasteplan bak en s\u00e5nn doning, ler dronningen.<\/p>\n<p>En traktor ble redningen da kongen kom til Bj\u00f8rn\u00f8ya.<\/p>\n<p>Et annet sted i kongeriket gjorde kongeparets innsats inntrykk p\u00e5 ham som skal f\u00f8lge etter.<\/p>\n<p>\u2013 Jeg s\u00e5 at moren min var f\u00f8rst i land og sjekket litt. Og s\u00e5 de bildene av kongen p\u00e5 lasteplanet bak traktoren der, sier kronprins Haakon til \u00ab\u00c5ret med kongefamilien\u00bb.<\/p>\n<p>\u2013 Jeg ble jo litt stolt da jeg s\u00e5 dem der oppe \u2013 og tenkte at dette er en bit i \u00abalt for Norge\u00bb, sier han og smiler.<\/p>\n<p><img decoding=\"async\"   src=\"data:image\/gif;base64,R0lGODlhAQABAIAAAAAAAP\/\/\/yH5BAEAAAAALAAAAAABAAEAAAIBRAA7\" loading=\"eager\" alt=\"Kronprins Haakon blir intervjuet til NRKs &quot;\u00c5ret med kongefamilien&quot; p\u00e5 Skaugum\" title=\"Foto: Christian Breidlid \/ NRK\"\/><\/p>\n<p class=\"\">En stolt kronprins Haakon ble imponert over foreldrenes innsats p\u00e5 Bj\u00f8rn\u00f8ya.<\/p>\n<p>Foto: Christian Breidlid \/ NRK<\/p>\n<p><strong>Se \u00ab\u00c5ret med kongefamilien\u00bb her:<\/strong><\/p>\n<p>Kongeparet tok nye steg som nasjonale symbol. Prinsessa entra den store royale scena. Samstundes vaks krisene og vondt blei til verre for kongefamilien.<\/p>\n","protected":false},"excerpt":{"rendered":"\u2013 God dag, hilser kong Harald. H\u00e5ndtrykket er fast. Det er en gr\u00e5 og regntung ettermiddag i Oslo.&hellip;\n","protected":false},"author":2,"featured_media":121579,"comment_status":"","ping_status":"","sticky":false,"template":"","format":"standard","meta":{"footnotes":""},"categories":[10],"tags":[20,21,24,25,15,22,23,13,30,28,29,14,16,26,27],"class_list":{"0":"post-121578","1":"post","2":"type-post","3":"status-publish","4":"format-standard","5":"has-post-thumbnail","7":"category-norge","8":"tag-breaking-news","9":"tag-breakingnews","10":"tag-featured-news","11":"tag-featurednews","12":"tag-headlines","13":"tag-latest-news","14":"tag-latestnews","15":"tag-news","16":"tag-no","17":"tag-norge","18":"tag-norway","19":"tag-nyheter","20":"tag-overskrifter","21":"tag-top-stories","22":"tag-topstories"},"share_on_mastodon":{"url":"https:\/\/pubeurope.com\/@no\/115780296577974012","error":""},"_links":{"self":[{"href":"https:\/\/www.europesays.com\/no\/wp-json\/wp\/v2\/posts\/121578","targetHints":{"allow":["GET"]}}],"collection":[{"href":"https:\/\/www.europesays.com\/no\/wp-json\/wp\/v2\/posts"}],"about":[{"href":"https:\/\/www.europesays.com\/no\/wp-json\/wp\/v2\/types\/post"}],"author":[{"embeddable":true,"href":"https:\/\/www.europesays.com\/no\/wp-json\/wp\/v2\/users\/2"}],"replies":[{"embeddable":true,"href":"https:\/\/www.europesays.com\/no\/wp-json\/wp\/v2\/comments?post=121578"}],"version-history":[{"count":0,"href":"https:\/\/www.europesays.com\/no\/wp-json\/wp\/v2\/posts\/121578\/revisions"}],"wp:featuredmedia":[{"embeddable":true,"href":"https:\/\/www.europesays.com\/no\/wp-json\/wp\/v2\/media\/121579"}],"wp:attachment":[{"href":"https:\/\/www.europesays.com\/no\/wp-json\/wp\/v2\/media?parent=121578"}],"wp:term":[{"taxonomy":"category","embeddable":true,"href":"https:\/\/www.europesays.com\/no\/wp-json\/wp\/v2\/categories?post=121578"},{"taxonomy":"post_tag","embeddable":true,"href":"https:\/\/www.europesays.com\/no\/wp-json\/wp\/v2\/tags?post=121578"}],"curies":[{"name":"wp","href":"https:\/\/api.w.org\/{rel}","templated":true}]}}