{"id":121582,"date":"2025-12-25T13:04:28","date_gmt":"2025-12-25T13:04:28","guid":{"rendered":"https:\/\/www.europesays.com\/no\/121582\/"},"modified":"2025-12-25T13:04:28","modified_gmt":"2025-12-25T13:04:28","slug":"nekter-a-svare","status":"publish","type":"post","link":"https:\/\/www.europesays.com\/no\/121582\/","title":{"rendered":"Nekter \u00e5 svare"},"content":{"rendered":"<p class=\"kicker \" style=\"\">Sivert Guttorm Bakken funnet d\u00f8d<\/p>\n<p>  Det er full forvirring etter d\u00f8dsfallet som ryster en hel nasjon. Maskebruken m\u00e5 stoppes i p\u00e5vente av svar.<\/p>\n<p>\n    PLUTSELIG D\u00d8D: Skiskytterstjernen Sivert Guttorm Bakken var en del av en treningsgjeng som jobbet hardt for \u00e5 finne mer effektive treningsmetoder. Da er det vesentlig for idretten \u00e5 se p\u00e5 rammene for slik trening. Det gjelder raskest mulig \u00e5 beskytte ut\u00f8vernes helse uansett \u00e5rsak til dette d\u00f8dsfallet. Foto: Geir Olsen \/ NTB.\n  <\/p>\n<p>DE siste vinterlekene er Norge gang p\u00e5 gang blitt omtalt i internasjonale medier som et <a href=\"https:\/\/www.nytimes.com\/2022\/02\/18\/sports\/olympics\/norway-medals-winter-olympics.html\" rel=\"nofollow noopener\" target=\"_blank\">sportslig mirakel<\/a>. Vi er den lille idrettsnasjonen der oppe under Nordpolen som vinner flere medaljer enn noen, uten at vi egentlig bryr oss om det:<\/p>\n<p>Norge er best fordi toppidrett hos oss bare er en lek.<\/p>\n<p>I dette vinterlandet f\u00e5r ungene base lykkelig i sn\u00f8 og p\u00e5 is, helt til de blir s\u00e5 flinke p\u00e5 ski og sk\u00f8yter at OL-medaljene str\u00f8mmer inn.<\/p>\n<p>Omtrent s\u00e5nn er <a href=\"https:\/\/www.dagbladet.no\/sport\/verden-forbloffet-over-suksessen---hva-er-det-norge-har-funnet-pa\/69566478\" rel=\"nofollow noopener\" target=\"_blank\">glansbildet<\/a> av norsk toppidrett.<\/p>\n<p>Men i dag er det bare vrangen igjen av dette bildet, og beksvart sorg etter nyheten om den unge, flotte skiskytteren Sivert Guttorm Bakkens plutselige d\u00f8d\u00a0<a href=\"https:\/\/www.dagbladet.no\/sport\/funnet-dod-hadde-pa-hoydemaske\/84025743\" rel=\"nofollow noopener\" target=\"_blank\">med en oksygenmaske <\/a>p\u00e5 et hotellrom i Italia et par mil fra vinterens OL-anlegg.<\/p>\n<p>SORGEN kan vi utenfor ikke gj\u00f8re stort med. Den sl\u00e5r ned de n\u00e6rmeste og rammer hele det tette internasjonale skiskyttermilj\u00f8et. En gutt de var s\u00e5 glad i er borte, og de rundt m\u00e5 finne en eller annen vei tilbake til livet og gleden. Det blir f\u00e6lt og langt.<\/p>\n<p>For ledelsen i norsk toppidrett gjelder noen ekstra krav utenom dette absolutt viktigste om \u00e5 ta vare p\u00e5 de n\u00e6rmeste.<\/p>\n<p>Denne underlige nyheten om at en av Norges beste skiskyttere er blitt funnet d\u00f8d med <a href=\"https:\/\/www.dagbladet.no\/sport\/funnet-dod-hadde-pa-hoydemaske\/84025743\" rel=\"nofollow noopener\" target=\"_blank\">en oksygenmaske p\u00e5 hotellrommet sitt<\/a>\u00a0under treningsleir i de italienske Alpene, river i stykker glansbildet som er blitt tegnet av norsk toppidrett.<\/p>\n<p>I p\u00e5vente av obduksjonsrapport og etterforskning fra italiensk politi, krever selve omgivelsene til dette brutale d\u00f8dsfallet en forklaring.<\/p>\n<p>    <a itemprop=\"url\" href=\"https:\/\/www.dagbladet.no\/sport\/funnet-dod-hadde-pa-hoydemaske\/84025743\" rel=\"nofollow noopener\" target=\"_blank\"><\/p>\n<p>        <img loading=\"lazy\" decoding=\"async\" src=\"https:\/\/www.europesays.com\/no\/wp-content\/uploads\/2025\/12\/1766667860_368_84025748.webp\" width=\"980\" height=\"441\" title=\"Funnet d\u00f8d: Hadde p\u00e5 h\u00f8ydemaske\" alt=\"\" class=\"lazyload\" style=\"--aspect-ratio-image: 2.22; \"\/><\/p>\n<p>        Funnet d\u00f8d: Hadde p\u00e5 h\u00f8ydemaske<\/p>\n<p>    <\/a><\/p>\n<p>DETTE d\u00f8dsfallet har jo uansett den unge skiskytterens egen helsehistorie, en idrettslig ramme.<\/p>\n<p>Det \u00e5 bruke en slik oksygenmaske for \u00e5 manipulere fram ekstrem tynnluft, er i utgangspunktet <a href=\"https:\/\/www.dagbladet.no\/sport\/fulgte-ikke-astrids-rad\/74231689\" rel=\"nofollow noopener\" target=\"_blank\">dessverre<\/a> blitt helt greit i norsk toppidrett etter at Idrettstinget v\u00e5ren 2021 med overveldende flertall vedtok \u00e5 oppheve det langvarige forbudet mot det som f\u00f8r ble kalt \u00abh\u00f8ydehus\u00bb, men som n\u00e5 helst er telt og masker som gir ut\u00f8verne ekstrem tynnluft.<\/p>\n<p>Slike apparater\u00a0ble forbudt av den samme idrettsbevegelsen i 2003. Det var et s\u00e6rnorskt forbud; innf\u00f8rt fordi flertallet i Idrettsforbundet var redde b\u00e5de for ut\u00f8vernes helse og mulige dekkoperasjoner for underliggende dopingbruk.<\/p>\n<p>    <a itemprop=\"url\" href=\"https:\/\/www.dagbladet.no\/sport\/na-angrer-finland\/73743163\" rel=\"nofollow noopener\" target=\"_blank\"><\/p>\n<p>        <img loading=\"lazy\" decoding=\"async\" src=\"https:\/\/www.europesays.com\/no\/wp-content\/uploads\/2025\/12\/1766667862_910_60352828.webp\" width=\"980\" height=\"441\" title=\"N\u00e5 angrer Finland\" alt=\"\" class=\"lazyload\" style=\"--aspect-ratio-image: 2.22; \"\/><\/p>\n<p>        N\u00e5 angrer Finland<\/p>\n<p>    <\/a><\/p>\n<p>OLYMPIATOPPEN som i praksis styrer toppidretten v\u00e5r, likte aldri dette forbudet. Lederne der jobbet mer eller mindre systematisk for \u00e5 f\u00e5 det bort, men lyktes alts\u00e5 ikke f\u00f8r i 2021.<\/p>\n<p>Da var Gjert Ingebrigtsen det store trenernavnet i norsk idrett, og gjorde kampen mot forbudet til<a href=\"https:\/\/www.dagbladet.no\/sport\/tabbe-a-folge-sint-far\/73645989\" rel=\"nofollow noopener\" target=\"_blank\"> sin fanesak<\/a>. Det snudde stemningen totalt, og fikk styret i Norges Idrettsforbund til \u00e5 st\u00f8tte forslaget.<\/p>\n<p>Det hjalp ikke at idrettens eget medisinsk etiske r\u00e5d pr\u00f8vde<a href=\"https:\/\/www.dagbladet.no\/sport\/na-angrer-finland\/73743163\" rel=\"nofollow noopener\" target=\"_blank\"> \u00e5 stoppe<\/a> innf\u00f8ringen av manipulert h\u00f8ydetrening:<\/p>\n<p> &#8211;\u00a0Det viktigste argumentet er at h\u00f8ydehus er en passiv metode for \u00e5 \u00f8ke idrettsprestasjoner, og at det derfor er i strid med idrettens ideal,\u00a0<a href=\"https:\/\/www.nrk.no\/sport\/paradokset-som-provoserer-gjert-ingebrigtsen_-_-ekstrem-grad-av-dobbeltmoral-1.15468848\" rel=\"nofollow noopener\" target=\"_blank\">forklarte\u00a0<\/a>professor Reidun F\u00f8rde fra dette idrettsmedisinske etikkutvalget.<\/p>\n<p>    <a itemprop=\"url\" href=\"https:\/\/www.dagbladet.no\/sport\/helt-forferdelig\/84024331\" rel=\"nofollow noopener\" target=\"_blank\"><\/p>\n<p>        <img loading=\"lazy\" decoding=\"async\" src=\"https:\/\/www.europesays.com\/no\/wp-content\/uploads\/2025\/12\/1766667864_64_84024342.webp\" width=\"980\" height=\"441\" title=\"- Helt forferdelig\" alt=\"\" class=\"lazyload\" style=\"--aspect-ratio-image: 2.22; \"\/><\/p>\n<p>        &#8211; Helt forferdelig<\/p>\n<p>    <\/a><\/p>\n<p>Toppidrettssjef Tore \u00d8vreb\u00f8 og Olympiatoppen fikk det uansett som de ville. De siste \u00e5rene har ikke eliteidretten v\u00e5r hatt noe s\u00e6rnorske forbud, selv om flere utenlandske eksperter har <a href=\"https:\/\/www.dagbladet.no\/sport\/na-angrer-finland\/73743163\" rel=\"nofollow noopener\" target=\"_blank\">advart<\/a> mot bruken .<\/p>\n<p>Den eventuelle utenlandske konkurransevridningen er dermed borte, men de <a href=\"https:\/\/www.dagbladet.no\/sport\/na-angrer-finland\/73743163\" rel=\"nofollow noopener\" target=\"_blank\">etiske <\/a>og helsemessige utfordringene med nye teknologiske hjelpemidler i treningsarbeidet gjenst\u00e5r i norsk toppidrett.<\/p>\n<p>Og er n\u00e5 tilbake i nyhetsbildet.<\/p>\n<p>FOREL\u00d8PIG vet vi ingen ting om det finnes noen sammenheng mellom dette d\u00f8dsfallet og bruken av slike nye teknologisk hjelpemidler for \u00e5 optimalisere trening og resultater.<\/p>\n<p>Likevel b\u00f8r hensynet til ut\u00f8vernes sikkerhet presse fram raske tiltak i p\u00e5vente av mer kunnskap.<\/p>\n<p>Der er det tilsynelatende full forvirring i de ulike delene av norsk toppidrett.<\/p>\n<p>For hvem styrte egentlig treningen til Sivert Guttorm Bakken og enkelte av de andre l\u00f8perne p\u00e5 skiskytternes rekruttlandslag?\u00a0<\/p>\n<p>Forel\u00f8pig har vi ingen svar.<\/p>\n<p>DENNE kameratgjengen er kjent og beundret i skimilj\u00f8et for \u00e5 pr\u00f8ve nye treningsmetoder p\u00e5 ulike omr\u00e5der.<\/p>\n<p>I den testingen har disse unge skiskytterne hatt tett kontakt med det <a href=\"https:\/\/sykling.no\/nyheter\/hogskolen-i-innlandet-med-sykkelforskning-i-verdenstoppen\/\" rel=\"nofollow noopener\" target=\"_blank\">anerkjente<\/a> forskermilj\u00f8et p\u00e5 Universitetet Innlandet. Dette er et faglig kunnskapsbasert tilbud som i flere \u00e5r ogs\u00e5 har <a href=\"https:\/\/www.khrono.no\/innlandet-har-en-av-verdens-beste-sykkelforskere\/601087\" rel=\"nofollow noopener\" target=\"_blank\">hjulpet norske toppsyklister<\/a>.<\/p>\n<p>    <a itemprop=\"url\" href=\"https:\/\/www.dagbladet.no\/sport\/motte-familien-de-er-i-sjokk\/84024785\" rel=\"nofollow noopener\" target=\"_blank\"><\/p>\n<p>        <img loading=\"lazy\" decoding=\"async\" src=\"https:\/\/www.europesays.com\/no\/wp-content\/uploads\/2025\/12\/1766667865_465_84024792.webp\" width=\"980\" height=\"441\" title=\"M\u00f8tte familien: - De er i sjokk\" alt=\"\" class=\"lazyload\" style=\"--aspect-ratio-image: 2.22; \"\/><\/p>\n<p>        M\u00f8tte familien: &#8211; De er i sjokk<\/p>\n<p>    <\/a><\/p>\n<p>Skiskytterforbundet sier i sin pressemelding i g\u00e5r, at de \u00abikke kjenner til omstendighetene rundt anskaffelse og bruk av denne masken\u00bb.\u00a0<\/p>\n<p>Men den overordnete styringen av slike helserelaterte treningsopplegg inn mot vinter-OL i februar, ligger uansett hos Olympiatoppen. Det selv om ut\u00f8verne selv <a href=\"https:\/\/www.idrettsforbundet.no\/nyheter\/2021\/retningslinjer-for-bruk-av-simulert-hoyde-i-norsk-idrett\/\" rel=\"nofollow noopener\" target=\"_blank\">b\u00e6rer ansvaret<\/a> for personlig bruk av alt utstyr til manipulert h\u00f8ydetrening.\u00a0<\/p>\n<p>TIL vanlig f\u00f8lger Olympiatoppens fagfolk n\u00f8ye opp de mulige olympiske ut\u00f8verne sine gjennom to \u00e5r f\u00f8r hvert OL.<\/p>\n<p>I dag vil ledelsen der ikke f\u00f8lge opp noe.<\/p>\n<p>Dagbladet har sendt <a href=\"https:\/\/www.dagbladet.no\/sport\/funnet-dod-hadde-pa-hoydemaske\/84025743\" rel=\"nofollow noopener\" target=\"_blank\">flere sp\u00f8rsm\u00e5l<\/a> til toppidrettssjef Tore \u00d8vreb\u00f8 etter at han i g\u00e5r valgte \u00e5 ikke gjennomf\u00f8re \u00f8yeblikkelige tiltak blant de norske OL-kandidatene i forbindelse med d\u00f8dsfallet.<\/p>\n<p>Vi <a href=\"https:\/\/www.dagbladet.no\/sport\/funnet-dod-hadde-pa-hoydemaske\/84025743\" rel=\"nofollow noopener\" target=\"_blank\">spurte<\/a> om Olympiatoppen visste om Bakkens bruk av h\u00f8ydemaske, og om Skiskytterforbundet i s\u00e5 fall var blitt informert om dette opplegget.<\/p>\n<p>Og hvem var det som konkret fulgte opp skiskytterens treningsopplegg?<\/p>\n<p>    <a itemprop=\"url\" href=\"https:\/\/www.dagbladet.no\/sport\/funnet-dod\/84024202\" rel=\"nofollow noopener\" target=\"_blank\"><\/p>\n<p>        <img loading=\"lazy\" decoding=\"async\" src=\"https:\/\/www.europesays.com\/no\/wp-content\/uploads\/2025\/12\/1766667866_417_84024216.webp\" width=\"980\" height=\"441\" title=\"Funnet d\u00f8d\" alt=\"\" class=\"lazyload\" style=\"--aspect-ratio-image: 2.22; \"\/><\/p>\n<p>        Funnet d\u00f8d<\/p>\n<p>    <\/a><\/p>\n<p class=\"font-weight-bold m-font-weight-bold\" data-lab-font_weight=\"font-weight-bold\">Dessuten ville vi vite\u00a0<a href=\"https:\/\/www.dagbladet.no\/sport\/funnet-dod-hadde-pa-hoydemaske\/84025743\" rel=\"nofollow noopener\" target=\"_blank\">hvilke andre ut\u00f8vere som for tida trener med slike masker<\/a>, og om disse hadde f\u00e5tt beskjed om \u00e5 stoppe for sikkerhets skyld.<\/p>\n<p>Og hvis de ikke hadde f\u00e5tt noen slik stoppordre; hva var s\u00e5 grunnen til det?<\/p>\n<p>TOPPIDRETTSSJEF Tore \u00d8vreb\u00f8 nektet \u00e5 svare p\u00e5 disse Dagblad-sp\u00f8rsm\u00e5lene. Han skrev bare\u00a0\u00abat han ikke \u00f8nsker \u00e5 bidra til noen spekulasjoner\u00bb.<\/p>\n<p>Men b\u00e5de han og vi \u00f8nsker en norsk toppidrett som ogs\u00e5 p\u00e5 de m\u00f8rkeste dagene, s\u00f8rger for sikkerheten til de aller beste ut\u00f8verne.<\/p>\n<p>Det at alle de norske stjernene har et viktigere liv utenfor medaljekampen, er et avgj\u00f8rende verdigrunnlag for toppidretten v\u00e5r. Denne helhetlige forst\u00e5elsen av en sunnest mulig toppidrett, gj\u00f8r at det g\u00e5r an \u00e5 glede seg over norsk suksess i de st\u00f8rste mesterskapene.<\/p>\n<p>I dag gjelder dette noe ganske annet enn det \u00e5 trene fram flest mulige norske medaljer i vinter-OL.<\/p>\n<p>Bare \u00e5 ta vare p\u00e5 hverandre.<\/p>\n<p>    <a itemprop=\"url\" href=\"https:\/\/www.dagbladet.no\/sport\/verden-forbloffet-over-suksessen---hva-er-det-norge-har-funnet-pa\/69566478\" rel=\"nofollow noopener\" target=\"_blank\"><\/p>\n<p>        <img loading=\"lazy\" decoding=\"async\" src=\"https:\/\/www.europesays.com\/no\/wp-content\/uploads\/2025\/12\/1766667868_386_69572931.webp\" width=\"980\" height=\"441\" title=\"Verden forbl\u00f8ffet over suksessen: - Hva er det Norge har funnet p\u00e5?\" alt=\"\" class=\"lazyload\" style=\"--aspect-ratio-image: 2.22; \"\/><\/p>\n<p>        Verden forbl\u00f8ffet over suksessen: &#8211; Hva er det Norge har funnet p\u00e5?<\/p>\n<p>    <\/a><\/p>\n","protected":false},"excerpt":{"rendered":"Sivert Guttorm Bakken funnet d\u00f8d Det er full forvirring etter d\u00f8dsfallet som ryster en hel nasjon. Maskebruken m\u00e5&hellip;\n","protected":false},"author":2,"featured_media":121583,"comment_status":"","ping_status":"","sticky":false,"template":"","format":"standard","meta":{"footnotes":""},"categories":[10],"tags":[20,21,24,25,15,14439,266,22,23,14438,156,13,30,28,29,14,2579,16,13042,769,83,26,27,10148],"class_list":{"0":"post-121582","1":"post","2":"type-post","3":"status-publish","4":"format-standard","5":"has-post-thumbnail","7":"category-norge","8":"tag-breaking-news","9":"tag-breakingnews","10":"tag-featured-news","11":"tag-featurednews","12":"tag-headlines","13":"tag-hoydehus","14":"tag-kommentar","15":"tag-latest-news","16":"tag-latestnews","17":"tag-manipulert-oksygen","18":"tag-meninger","19":"tag-news","20":"tag-no","21":"tag-norge","22":"tag-norway","23":"tag-nyheter","24":"tag-olympiatoppen","25":"tag-overskrifter","26":"tag-sivert-guttorm-bakken","27":"tag-skiskyting","28":"tag-sport","29":"tag-top-stories","30":"tag-topstories","31":"tag-tore-ovrebo"},"share_on_mastodon":{"url":"https:\/\/pubeurope.com\/@no\/115780352086826408","error":""},"_links":{"self":[{"href":"https:\/\/www.europesays.com\/no\/wp-json\/wp\/v2\/posts\/121582","targetHints":{"allow":["GET"]}}],"collection":[{"href":"https:\/\/www.europesays.com\/no\/wp-json\/wp\/v2\/posts"}],"about":[{"href":"https:\/\/www.europesays.com\/no\/wp-json\/wp\/v2\/types\/post"}],"author":[{"embeddable":true,"href":"https:\/\/www.europesays.com\/no\/wp-json\/wp\/v2\/users\/2"}],"replies":[{"embeddable":true,"href":"https:\/\/www.europesays.com\/no\/wp-json\/wp\/v2\/comments?post=121582"}],"version-history":[{"count":0,"href":"https:\/\/www.europesays.com\/no\/wp-json\/wp\/v2\/posts\/121582\/revisions"}],"wp:featuredmedia":[{"embeddable":true,"href":"https:\/\/www.europesays.com\/no\/wp-json\/wp\/v2\/media\/121583"}],"wp:attachment":[{"href":"https:\/\/www.europesays.com\/no\/wp-json\/wp\/v2\/media?parent=121582"}],"wp:term":[{"taxonomy":"category","embeddable":true,"href":"https:\/\/www.europesays.com\/no\/wp-json\/wp\/v2\/categories?post=121582"},{"taxonomy":"post_tag","embeddable":true,"href":"https:\/\/www.europesays.com\/no\/wp-json\/wp\/v2\/tags?post=121582"}],"curies":[{"name":"wp","href":"https:\/\/api.w.org\/{rel}","templated":true}]}}