{"id":121591,"date":"2025-12-25T13:42:33","date_gmt":"2025-12-25T13:42:33","guid":{"rendered":"https:\/\/www.europesays.com\/no\/121591\/"},"modified":"2025-12-25T13:42:33","modified_gmt":"2025-12-25T13:42:33","slug":"deilig-a-vaere-litt-gaeren","status":"publish","type":"post","link":"https:\/\/www.europesays.com\/no\/121591\/","title":{"rendered":"&#8211; Deilig \u00e5 v\u00e6re litt g\u00e6ren"},"content":{"rendered":"<p>Det er en mild desemberdag i Asker. Bak et okergult hus med hvite karmer ligger Oslofjorden stille som et s\u00f8lvb\u00e5nd under den gr\u00e5 vinterhimmelen.<\/p>\n<p>P\u00e5 bordet inne i stua st\u00e5r det kaffe og sm\u00e5kaker p\u00e5 bordet. I godstolen sitter Pia Borgli (66) &#8211; ikledd juler\u00f8d genser og med en Solan Gundersen-bamse i armkroken.<\/p>\n<p class=\"font-weight-bold m-font-weight-bold\" data-lab-font_weight=\"font-weight-bold\">&#8211; Jeg synes det er helt fantastisk, sier hun og stryker over den lille fuglen.<\/p>\n<p>&#8211; Det var audition for rollen, og da jeg fikk beskjed om at det ble meg, s\u00e5 bare jublet jeg. Det har v\u00e6rt kjempeg\u00f8y \u00e5 f\u00e5 spille Solan.<\/p>\n<p>Bruker hele kroppen\t<\/p>\n<p> Det gr\u00e5sprengte h\u00e5ret hennes rammer ansiktet naturlig. Det lekne, litt sk\u00f8yeraktige glimtet er aldri langt unna underveis i samtalen. <\/p>\n<p>Pia ler ofte, med den karakteristiske, smittende latteren som har fulgt henne gjennom et langt skuespillerliv.<\/p>\n<p class=\"font-weight-bold m-font-weight-bold\" data-lab-font_weight=\"font-weight-bold\">N\u00e5 er hun stemmen til en av Norges mest folkekj\u00e6re figurer i storfilmen <a href=\"https:\/\/www.filmweb.no\/film\/NOR20230623?location=\" target=\"_blank\" rel=\"nofollow noopener\">\u00abFl\u00e5klypa &#8211; Fra Paris til pyramidene\u00bb<\/a>, som har kinopremiere over hele landet 1. juledag.<\/p>\n<p>        <img loading=\"lazy\" decoding=\"async\" src=\"https:\/\/www.europesays.com\/no\/wp-content\/uploads\/2025\/12\/84016306.webp\" width=\"980\" height=\"618\" title=\"KJ\u00c6RT KINOMINNE: - Jeg husker veldig godt da jeg s\u00e5 \u00abFl\u00e5klypa Grand Prix\u00bb for aller f\u00f8rste gang fra balkongen p\u00e5 Sandvika kino i 1975. Det var en helt fantastisk opplevelse. Foto: J\u00f8rn H. Moen \/ Dagbladet\" alt=\"\" class=\"\" style=\"--aspect-ratio-image: 1.59; \"\/><\/p>\n<p>\n        KJ\u00c6RT KINOMINNE: &#8211; Jeg husker veldig godt da jeg s\u00e5 \u00abFl\u00e5klypa Grand Prix\u00bb for aller f\u00f8rste gang fra balkongen p\u00e5 Sandvika kino i 1975. Det var en helt fantastisk opplevelse. Foto: J\u00f8rn H. Moen \/ Dagbladet\n    <\/p>\n<p>&#8211; Det har v\u00e6rt utrolig g\u00f8y \u00e5 f\u00e5 g\u00e5 inn og jobbe med Solan. Han er jo g\u00e6ren, og det er deilig \u00e5 v\u00e6re litt g\u00e6ren.<\/p>\n<p>Hun forteller om hvordan hun bruker hele kroppen n\u00e5r<br \/>\nhun dubber. Armene svinger, skuldrene l\u00f8ftes, stemmen f\u00e5r liv.<\/p>\n<p>&#8211; Jeg er s\u00e5 sliten etterp\u00e5. Det er ikke slik at jeg<br \/>\nbestemmer meg for \u00e5 spille med hele kroppen &#8211; jeg bare gj\u00f8r det, sier hun<br \/>\nlattermildt.<\/p>\n<p>    Dette er Pia Dian Borgli<\/p>\n<ul>\n<li class=\"lab-bodytext-line\">F\u00f8dt 28. april 1959.<\/li>\n<li class=\"lab-bodytext-line\">Skuespiller kjent for roller i teater, film, TV-serier og som stemme<br \/>\ntil en rekke animasjonsfigurer.<\/li>\n<li class=\"lab-bodytext-line\">Hun er s\u00f8ster av produsent Petter Julian Borgli og tante til<br \/>\nskuespiller Vanessa Borgli. <\/li>\n<li class=\"lab-bodytext-line\">Borgli debuterte som skuespiller i 1980 og ble fast ansatt<br \/>\nved Oslo Nye Teater fra 1988. Hun har ogs\u00e5 v\u00e6rt tilknyttet Nationaltheatret i<br \/>\nOslo.<\/li>\n<li class=\"lab-bodytext-line\">Styremedlem i Asker Kammermusikkfestival.<\/li>\n<li class=\"lab-bodytext-line\">Gjennom karrieren har hun bemerket seg i b\u00e5de komedie og<br \/>\ndrama. P\u00e5 barneteater spilte hun blant annet Peter Pan, Ronja R\u00f8verdatter og<br \/>\nKlatremus i \u00abDyrene i Hakkebakkeskogen\u00bb.<\/li>\n<li class=\"lab-bodytext-line\">P\u00e5 hennes omfattende skuespiller-CV finner vi blant annet Hilde<br \/>\ni Henrik Ibsens \u00abByggmester Solness\u00bb (1988).<\/li>\n<li class=\"lab-bodytext-line\">Hun gjorde ogs\u00e5 sterke inntrykk som<br \/>\nincestoffer i stykket \u00abFuglepappa&#8217;n\u00bb (1987) og som samvittighetsfange i P\u00e5l L\u00f8kkebergs<br \/>\noppsetning av Jorge Diaz&#8217; fengselsdrama \u00abCanto Libre\u00bb (1989). <\/li>\n<li class=\"lab-bodytext-line\">P\u00e5 film gjorde hun seg bemerket som oppr\u00f8rsk punker i \u00abGalskap!\u00bb<br \/>\n(1985). Punker var hun ogs\u00e5 i fjernsynsteateroppsetningen av \u00abSyx\u00bb i 1988.<\/li>\n<li class=\"lab-bodytext-line\">Hun debuterte p\u00e5 film i \u00abFifty-Fifty\u00bb i 1982, og har senere<br \/>\nhatt roller i en rekke norske filmer, deriblant \u00abH\u00f8rer du ikke hva jeg sier!\u00bb (1995),<br \/>\n\u00abTomme T\u00f8nner\u00bb (2011), \u00abThomas mot Thomas\u00bb (2022) og \u00abAffeksjonsverdi\u00bb (2025).<\/li>\n<li class=\"lab-bodytext-line font-weight-bold m-font-weight-bold\" data-lab-font_weight=\"font-weight-bold\">Borgli har dubbet flittig siden<br \/>\ndebuten i 1980. Hun har gitt liv til figurer som Gurin i \u00abSolan, Ludvig og<br \/>\nGurin med reverompa\u00bb, Blekkulf, Hugo i \u00abJungeldyret Hugo\u00bb og den gode feen Kvitrebekk<br \/>\ni Disney-tegnefilmen \u00abTornerose\u00bb.<\/li>\n<li class=\"lab-bodytext-line\">Hun har ogs\u00e5 lest inn lydb\u00f8kene \u00abRonja R\u00f8verdatter\u00bb og \u00abSunaneng\u00bb<br \/>\nav Astrid Lindgren.<\/li>\n<li class=\"lab-bodytext-line\">P\u00e5 TV har hun blant annet v\u00e6rt \u00e5 se som Nisseungen i<br \/>\njulekalenderne \u00abAmalies jul\u00bb (1995) og \u00abJul p\u00e5 M\u00e5netoppen\u00bb (2002). Andre TV-serier inkluderer<br \/>\n\u00abPilen flyttebyr\u00e5\u00bb (1987), \u00abLivstid\u00bb (2020) og \u00ab22. juli\u00bb (2020).<\/li>\n<li class=\"lab-bodytext-line\">\u00abFl\u00e5klypa &#8211; Fra Paris til pyramidene\u00bb er ikke f\u00f8rste gang vi<br \/>\nh\u00f8rer Borgli som Solan Gundersen. Allerede i 2021 fremf\u00f8rte hun de f\u00f8rste<br \/>\nglosene i Hunderfossen-attraksjonen \u00abReodor Felgens Hyperakselerator\u00bb, i en<br \/>\nfemminutters filmsnutt som ble bel\u00f8nnet med opplevelsesbransjens svar p\u00e5<br \/>\nOscar-prisen.<\/li>\n<\/ul>\n<p>      Vis mer<br \/>\n      Vis mindre<\/p>\n<p>Unngikk \u00abFl\u00e5klypa Grand Prix\u00bb\t<\/p>\n<p>I 1975 var Kari Simonsen den f\u00f8rste til \u00e5 gi stemme til den eventyrlystne skj\u00e6ra med \u00abmer munn enn vett\u00bb. Senere har stafettpinnen blitt videref\u00f8rt av Grethe Kausland og Kari-Ann Gr\u00f8nsund.<\/p>\n<p class=\"font-weight-bold m-font-weight-bold\" data-lab-font_weight=\"font-weight-bold\">&#8211; Jeg bestemte meg for ikke \u00e5 g\u00e5 tilbake og se \u00abFl\u00e5klypa Grand Prix\u00bb slik at jeg ikke ble preget av den. Jeg ville gj\u00f8re det p\u00e5 min m\u00e5te.<\/p>\n<p>Pia senker stemmen og legger s\u00f8ml\u00f8st over til den umiskjennelige lyden av Solan.<\/p>\n<p>&#8211; Jeg fleipet med at jeg m\u00e5tte ha \u00e9n setning i hodet som var Solan f\u00f8r jeg skulle inn og lese replikker, og da ble det: \u00abHar du en konjakk, Ludvig?\u00bb<\/p>\n<p>        KINOAKTUELL: Skuespiller og dubbedronning Pia Borgli er stemmen bak Solan Gundersen i \u00e5rets store Fl\u00e5klypa-film p\u00e5 kino. Video: Nordisk Film<\/p>\n<p class=\"font-weight-bold m-font-weight-bold\" data-lab-font_weight=\"font-weight-bold\">I et intervju med NRK i forbindelse med kinopremieren p\u00e5 \u00abFl\u00e5klypa Grand Prix\u00bb i 1975, fortalte Kjell Aukrust at\u00a0Solan, Ludvig og Reodor Felgen er en blanding av hvem vi er inni oss.<\/p>\n<p>Det er noe Pia selv synes er fint \u00e5 tenke p\u00e5.<\/p>\n<p>&#8211; Solan er den g\u00e6rne og impulsive, Ludvig den litt redde og forsiktige. Og s\u00e5 har du Reodor som er klok og oppfinnsom. Sammen utgj\u00f8r alle tre et menneske.<\/p>\n<p>    <a itemprop=\"url\" href=\"https:\/\/www.dagbladet.no\/kjendis\/vampyr-sjokk-i-slekta-visste-ingenting\/83959628\" rel=\"nofollow noopener\" target=\"_blank\"><\/p>\n<p>        <img loading=\"lazy\" decoding=\"async\" src=\"https:\/\/www.europesays.com\/no\/wp-content\/uploads\/2025\/12\/1766670138_340_83961409.webp\" width=\"980\" height=\"441\" title=\"Vampyr-sjokk i slekta: - Visste ingenting\" alt=\"\" class=\"lazyload\" style=\"--aspect-ratio-image: 2.22; \"\/><\/p>\n<p>        Vampyr-sjokk i slekta: &#8211; Visste ingenting<\/p>\n<p>    <\/a><\/p>\n<p>P\u00e5 gr\u00e5ten etter stjernem\u00f8te\t<\/p>\n<p>P\u00e5 veggen i stua henger et innrammet bilde hun er spesielt glad i. Hun reiser seg, l\u00f8fter det ned og viser fram.<\/p>\n<p>P\u00e5 svart-hvitt-fotografiet ser vi Pia i Ronja R\u00f8verdatter-kostyme, sammen med Astrid Lindgren.<\/p>\n<p>        <img loading=\"lazy\" decoding=\"async\" src=\"https:\/\/www.europesays.com\/no\/wp-content\/uploads\/2025\/12\/84016303.webp\" width=\"980\" height=\"628\" title=\"MINNEVERDIG: Pia Borgli forteller om hvor stort det var \u00e5 f\u00e5 m\u00f8te Astrid Lindgren etter premieren p\u00e5 \u00abRonja R\u00f8verdatter\u00bb i 1989: - Det er skrytebildet mitt, forteller hun stolt. Foto: J\u00f8rn H. Moen \/ Dagbladet\" alt=\"\" class=\"\" style=\"--aspect-ratio-image: 1.56; \"\/><\/p>\n<p>\n        MINNEVERDIG: Pia Borgli forteller om hvor stort det var \u00e5 f\u00e5 m\u00f8te Astrid Lindgren etter premieren p\u00e5 \u00abRonja R\u00f8verdatter\u00bb i 1989: &#8211; Det er skrytebildet mitt, forteller hun stolt. Foto: J\u00f8rn H. Moen \/ Dagbladet\n    <\/p>\n<p class=\"font-weight-bold m-font-weight-bold\" data-lab-font_weight=\"font-weight-bold\">&#8211; Hun var p\u00e5 premieren til \u00abRonja R\u00f8verdatter\u00bb p\u00e5 Oslo Nye Teater i 1989. Alle reiste seg under applausen, og s\u00e5 kom hun rett bort til meg og ga meg en klem.<\/p>\n<p class=\"font-weight-normal m-font-weight-normal\" data-lab-font_weight=\"font-weight-normal\">Pia har stjerner i blikket mens hun forteller om m\u00f8tet med Lindgren.<\/p>\n<p>&#8211; Fy s\u00f8ren, det var stort. Jeg begynte nesten \u00e5 grine. Jeg f\u00f8lte litt at hun kjente meg &#8211; at det var et eller annet.<\/p>\n<p>    <a itemprop=\"url\" href=\"https:\/\/www.dagbladet.no\/kjendis\/blir-skremt\/83874244\" rel=\"nofollow noopener\" target=\"_blank\"><\/p>\n<p>        <img loading=\"lazy\" decoding=\"async\" src=\"https:\/\/www.europesays.com\/no\/wp-content\/uploads\/2025\/12\/1766670141_404_83874416.webp\" width=\"980\" height=\"441\" title=\"- Blir skremt\" alt=\"\" class=\"lazyload\" style=\"--aspect-ratio-image: 2.22; \"\/><\/p>\n<p>        &#8211; Blir skremt<\/p>\n<p>    <\/a><\/p>\n<p>Fra Ronja til Vazelina\t<\/p>\n<p>Dessverre ble det ikke tid til \u00e5 sitte ned og prate med forfatterlegenden etter endt teppefall den kvelden.<\/p>\n<p>Pia m\u00e5tte nemlig l\u00f8pe rett i dusjen og s\u00e5 haste videre til Vazelina Bilopph\u00f8ggers-forestilling p\u00e5 det som i dag er Dizzie Showteater.<\/p>\n<p class=\"font-weight-bold m-font-weight-bold\" data-lab-font_weight=\"font-weight-bold\">&#8211; Jeg hadde ti forestillinger i uka. S\u00e5 mens de andre gikk ut og spiste etterp\u00e5, m\u00e5tte jeg bare l\u00f8pe fordi jeg skulle til en ny forestilling. Jeg var jo klin g\u00e6ren.<\/p>\n<p>        <img loading=\"lazy\" decoding=\"async\" src=\"https:\/\/www.europesays.com\/no\/wp-content\/uploads\/2025\/12\/84016296.webp\" width=\"980\" height=\"559\" title=\"RONJAS MAMMA: Forfatterinnen Astrid Lindgren sammen med de norske utgavene av Ronja R\u00f8verdatter og Birk, i henholdsvis Pia Borglis og Sverre Solbergs skikkelse, i 1989. Foto: Henrik Laurvik \/ NTB\" alt=\"\" class=\"\" style=\"--aspect-ratio-image: 1.75; \"\/><\/p>\n<p>\n        RONJAS MAMMA: Forfatterinnen Astrid Lindgren sammen med de norske utgavene av Ronja R\u00f8verdatter og Birk, i henholdsvis Pia Borglis og Sverre Solbergs skikkelse, i 1989. Foto: Henrik Laurvik \/ NTB\n    <\/p>\n<p>Pia beskriver tida da hun l\u00f8p mellom \u00abRonja R\u00f8verdatter\u00bb og Vazelina Bilopph\u00f8ggers som intens, men lykkelig.<\/p>\n<p>&#8211; Det var en sterk periode i livet mitt, fordi det var s\u00e5 utrolig g\u00f8y. Jeg trivdes s\u00e5 veldig med det jeg gjorde.<\/p>\n<p>    <a itemprop=\"url\" href=\"https:\/\/www.dagbladet.no\/kjendis\/die-hard-debatt-ikke-en-julefilm\/83875183\" rel=\"nofollow noopener\" target=\"_blank\"><\/p>\n<p>        <img loading=\"lazy\" decoding=\"async\" src=\"https:\/\/www.europesays.com\/no\/wp-content\/uploads\/2025\/12\/1766670143_553_74878819.webp\" width=\"980\" height=\"441\" title=\"\u00abDie Hard\u00bb-debatt: - Ikke en julefilm\" alt=\"\" class=\"lazyload\" style=\"--aspect-ratio-image: 2.22; \"\/><\/p>\n<p>        \u00abDie Hard\u00bb-debatt: &#8211; Ikke en julefilm<\/p>\n<p>    <\/a><\/p>\n<p>Erotikk p\u00e5 eldresenteret\t<\/p>\n<p>De siste \u00e5rene har 66-\u00e5ringen hatt en rekke jern i kulturilden.<\/p>\n<p>Blant annet har hun skrevet, produsert og framf\u00f8rt egne forestillinger om komponister som Franz J. Schubert og rockelegenden Bob Dylan, Nobelprisvinneren Wislawa Szymborska, filosofen<br \/>\nPeter Wessel Zapffe og forfatterne Arild Nyquist og Agnar Mykle. Forestillingene gj\u00f8res i samarbeid med musikere.<\/p>\n<p>De tre sistnevnte storhetene bodde forresten rett oppi veien fra der Pia selv bor i dag.<\/p>\n<p>        <img loading=\"lazy\" decoding=\"async\" src=\"https:\/\/www.europesays.com\/no\/wp-content\/uploads\/2025\/12\/84016295.webp\" width=\"980\" height=\"559\" title=\"TREFFESIKRE: Pia Borgli og Dennis Storh\u00f8i instrueres i skyting av Volfgang Wedde som pr\u00f8ve foran teater-thilleren \u00abPopcorn\u00bb i 1997. Foto: Tom Martinsen\" alt=\"\" class=\"\" style=\"--aspect-ratio-image: 1.75; \"\/><\/p>\n<p>\n        TREFFESIKRE: Pia Borgli og Dennis Storh\u00f8i instrueres i skyting av Volfgang Wedde som pr\u00f8ve foran teater-thilleren \u00abPopcorn\u00bb i 1997. Foto: Tom Martinsen\n    <\/p>\n<p class=\"font-weight-bold m-font-weight-bold\" data-lab-font_weight=\"font-weight-bold\">Til tross for et omfattende forfatterskap, er Agnar Mykle best kjent for \u00abSangen om den r\u00f8de rubin\u00bb. I 1956 ble han straffeforfulgt p\u00e5 grunn av bokas p\u00e5st\u00e5tte pornografiske innhold.<\/p>\n<p>&#8211; Jeg reiste rundt p\u00e5 seniorsentre hvor jeg fortalte om og leste litt av Agnar Mykle, og da m\u00e5 jeg jo ha med noe fra \u00abSangen om den r\u00f8de rubin\u00bb. Jeg glemmer ikke den gangen da det kom to karer bort til meg etterp\u00e5 og sa: \u00abDet er det beste som har v\u00e6rt her noen gang\u00bb.<\/p>\n<p>Hun humrer f\u00f8r hun fortsetter:<\/p>\n<p>&#8211; Boka ble jo forbudt i sin tid, men det var flere som kom bort til meg etter forestillingene og sa \u00abden l\u00e5 under senga til alle\u00bb.<\/p>\n<p>    <a itemprop=\"url\" href=\"https:\/\/www.dagbladet.no\/kjendis\/roper-mork-fortid-jeg-orket-ikke-mer\/83878939\" rel=\"nofollow noopener\" target=\"_blank\"><\/p>\n<p>        <img loading=\"lazy\" decoding=\"async\" src=\"https:\/\/www.europesays.com\/no\/wp-content\/uploads\/2025\/12\/1766670145_599_83883573.webp\" width=\"980\" height=\"441\" title=\"Einar Brandsdal r\u00f8per: - Jeg orket ikke mer\" alt=\"\" class=\"lazyload\" style=\"--aspect-ratio-image: 2.22; \"\/><\/p>\n<p>        Einar Brandsdal r\u00f8per: &#8211; Jeg orket ikke mer<\/p>\n<p>    <\/a><\/p>\n<p>Fallet som endret alt\t<\/p>\n<p>I 1994 endret livet seg br\u00e5tt. Under en pr\u00f8ve tr\u00e5kket hun utfor scenekanten og slo seg i nakken og hodet. Fortsatt sliter hun litt med ettervirkninger.<\/p>\n<p class=\"font-weight-bold m-font-weight-bold\" data-lab-font_weight=\"font-weight-bold\">&#8211; Det ble en forandring i livet mitt som gjorde at jeg til slutt m\u00e5tte slutte p\u00e5 Oslo Nye Teater, sier hun stille.<\/p>\n<p>&#8211; Jeg var sykemeldt, jobbet litt, sykemeldt igjen. Til slutt gikk det bare ikke lenger.<\/p>\n<p>        <img loading=\"lazy\" decoding=\"async\" src=\"https:\/\/www.europesays.com\/no\/wp-content\/uploads\/2025\/12\/84016308.webp\" width=\"980\" height=\"559\" title=\"FRISTED: Pia Borgli finner ro hjemme i Asker: - Jeg elsker dette huset. Det er barndomshjemmet til mannen min, s\u00e5 jeg har tilbragt mye tid her opp gjennom \u00e5rene. Foto: J\u00f8rn H. Moen \/ Dagbladet\" alt=\"\" class=\"\" style=\"--aspect-ratio-image: 1.75; \"\/><\/p>\n<p>\n        FRISTED: Pia Borgli finner ro hjemme i Asker: &#8211; Jeg elsker dette huset. Det er barndomshjemmet til mannen min, s\u00e5 jeg har tilbragt mye tid her opp gjennom \u00e5rene. Foto: J\u00f8rn H. Moen \/ Dagbladet\n    <\/p>\n<p>Hun blir stille et lite \u00f8yeblikk, f\u00f8r smilet vender tilbake.<\/p>\n<p>&#8211; Etter hvert gikk det seg mer til. I ettertid har jeg sittet i styret i B\u00e6rum barneteater i ti \u00e5r, jeg har v\u00e6rt l\u00e6rer, hatt litt teaterregi og laget forestillinger. Jeg er ikke bitter for noen ting. Men det var t\u00f8ft noen \u00e5r, det skal jeg ikke legge skjul p\u00e5.<\/p>\n<p>I den tida da hun ikke kunne jobbe p\u00e5 teatret, kjente hun veldig p\u00e5 behovet for \u00e5 gj\u00f8re noe.<\/p>\n<p class=\"font-weight-bold m-font-weight-bold\" data-lab-font_weight=\"font-weight-bold\">&#8211; Det er s\u00e5 viktig \u00e5 bruke hodet og v\u00e6re aktiv. S\u00e5 jeg begynte \u00e5 lese dikt, jobbet med musikere og gjorde forskjellige ting.<\/p>\n<p>        <img loading=\"lazy\" decoding=\"async\" src=\"https:\/\/www.europesays.com\/no\/wp-content\/uploads\/2025\/12\/84016370.webp\" width=\"667\" height=\"774\" title=\"OSLO NYE TEATER: Teatersjef Kjetil Bang-Hansen (i brun jakke) sammen med resten av staben under presentasjonen av h\u00f8stens repertoar utenfor Oslo Nye Teater i 2001. P\u00e5 bildet , bak fra venstre.: Trond Fausa Aurv\u00e5g, Terje Str\u00f8mdahl, Gard B. Eidsvold, Ingar Helge Gimle, \u00f8konomidirekt\u00f8r Svein Torneberg, Geir Kvarme og Dennis Storh\u00f8i. Foran fra v.: Birgitte Victoria Svendsen, Helle Haugen, Petter Ness, Pia Borgli og teaterdirekt\u00f8r Kjetil Bang-Hansen. Foto: Morten Holm \/ NTB\" alt=\"\" class=\"\" style=\"--aspect-ratio-image: 0.86; \"\/><\/p>\n<p>\n        OSLO NYE TEATER: Teatersjef Kjetil Bang-Hansen (i brun jakke) sammen med resten av staben under presentasjonen av h\u00f8stens repertoar utenfor Oslo Nye Teater i 2001. P\u00e5 bildet , bak fra venstre.: Trond Fausa Aurv\u00e5g, Terje Str\u00f8mdahl, Gard B. Eidsvold, Ingar Helge Gimle, \u00f8konomidirekt\u00f8r Svein Torneberg, Geir Kvarme og Dennis Storh\u00f8i. Foran fra v.: Birgitte Victoria Svendsen, Helle Haugen, Petter Ness, Pia Borgli og teaterdirekt\u00f8r Kjetil Bang-Hansen. Foto: Morten Holm \/ NTB\n    <\/p>\n<p>Hun forteller om gleden da hun m\u00f8tte gamle teaterkolleger igjen.<\/p>\n<p>&#8211; Jeg hadde ikke sett dem p\u00e5 en stund, og s\u00e5 satt vi der og bare lo masse. Da tenkte jeg: Herregud, jeg har jo ikke ledd s\u00e5nn p\u00e5 flere \u00e5r.<\/p>\n<p>Str\u00e5ler i ny rolle\t<\/p>\n<p>Pia Borgli har v\u00e6rt i tospann med ektemannen Morten Bruenech (72) i 48 \u00e5r og sammen har de Ola (34) og Caspar (30).<\/p>\n<p> &#8211; Jeg<br \/>\nf\u00e5r te p\u00e5 senga av mannen min hver morgen, og det er helt fantastisk. Min mor<br \/>\nvar engelsk, s\u00e5 det er english tea with milk. Jeg kan ikke leve uten en kopp te<br \/>\nom morgenen. <\/p>\n<p>Ingen av de to s\u00f8nnene har fulgt i moras skuespiller-fotspor.<\/p>\n<p>&#8211; Ola jobber i finans og Caspar holder p\u00e5 med doktorgrad i astrofysikk. S\u00e5 litt annerledes yrker enn meg, ler en tydelig stolt mamma.<\/p>\n<p>        <img loading=\"lazy\" decoding=\"async\" src=\"https:\/\/www.europesays.com\/no\/wp-content\/uploads\/2025\/12\/84016297.webp\" width=\"667\" height=\"454\" title=\"\u00c5RELANG KJ\u00c6RLIGHET: Pia Borgli og ektemannen Morten Bruenech fotografert i forbindelse med Geir B\u00f8rresens bisettelse i Asker kirke 10. august i \u00e5r. Foto: Svend Aage Madsen\" alt=\"\" class=\"\" style=\"--aspect-ratio-image: 1.47; \"\/><\/p>\n<p>\n        \u00c5RELANG KJ\u00c6RLIGHET: Pia Borgli og ektemannen Morten Bruenech fotografert i forbindelse med Geir B\u00f8rresens bisettelse i Asker kirke 10. august i \u00e5r. Foto: Svend Aage Madsen\n    <\/p>\n<p>N\u00e5r det skal feires jul, samles hele familien i det tradisjonsrike huset fra 1762 som er Mortens barndomshjem.<\/p>\n<p class=\"font-weight-normal m-font-weight-normal\" data-lab-font_weight=\"font-weight-normal\">I \u00e5r vil en helt spesiell gjest v\u00e6re til stede.<\/p>\n<p class=\"font-weight-bold m-font-weight-bold\" data-lab-font_weight=\"font-weight-bold\">Stolt forteller Pia at hun for seks m\u00e5neder siden ble farmor for aller f\u00f8rste gang. Det er ikke vanskelig \u00e5 h\u00f8re p\u00e5 stemmen hennes at hun stortrives i sin nye rolle.<\/p>\n<p>&#8211; Jeg har ham i armkroken min mens jeg synger for ham. Da sitter han der og ser opp p\u00e5 meg med store \u00f8yne. Han lurer sikkert p\u00e5 hvem jeg er for ei rar ei.<\/p>\n<p>        <img loading=\"lazy\" decoding=\"async\" src=\"https:\/\/www.europesays.com\/no\/wp-content\/uploads\/2025\/12\/84016300.webp\" width=\"980\" height=\"559\" title=\"O JUL MED DIN GLEDE: Pia Borgli elsker jula: - Jeg tror det er veldig bra for oss nordmenn, vinteren ville blitt mye lenger hvis vi ikke hadde hatt jula som bryter opp og skaper glede. Foto: J\u00f8rn H. Moen \/ Dagbladet\" alt=\"\" class=\"\" style=\"--aspect-ratio-image: 1.75; \"\/><\/p>\n<p>\n        O JUL MED DIN GLEDE: Pia Borgli elsker jula: &#8211; Jeg tror det er veldig bra for oss nordmenn, vinteren ville blitt mye lenger hvis vi ikke hadde hatt jula som bryter opp og skaper glede. Foto: J\u00f8rn H. Moen \/ Dagbladet\n    <\/p>\n<p>Med et stort smil kaster hun et blikk ned p\u00e5 Solan-bamsen.<\/p>\n<p>&#8211; Han er veldig glad i denne, han synes det er s\u00e5 g\u00f8y med alle fargene. Men jeg har sagt at han m\u00e5 vente litt f\u00f8r han f\u00e5r den, Solan m\u00e5 v\u00e6re hjemme hos meg litt til.<\/p>\n<p>    <a itemprop=\"url\" href=\"https:\/\/www.dagbladet.no\/kjendis\/advart-mot-overgriper-alle-visste\/83887733\" rel=\"nofollow noopener\" target=\"_blank\"><\/p>\n<p>        <img loading=\"lazy\" decoding=\"async\" src=\"https:\/\/www.europesays.com\/no\/wp-content\/uploads\/2025\/12\/1766670150_244_83887740.webp\" width=\"980\" height=\"441\" title=\"Advart mot overgriper: - Alle visste\" alt=\"\" class=\"lazyload\" style=\"--aspect-ratio-image: 2.22; \"\/><\/p>\n<p>        Advart mot overgriper: &#8211; Alle visste<\/p>\n<p>    <\/a><\/p>\n<p>Suksess som nissegutt\t<\/p>\n<p>Lenge f\u00f8r det var noe som het Rampenissen, utf\u00f8rte Pia nissestreker i beste sendetid p\u00e5 NRK.<\/p>\n<p class=\"font-weight-bold m-font-weight-bold\" data-lab-font_weight=\"font-weight-bold\">I \u00e5r er det hele 30 \u00e5r siden julekalenderserien \u00abAmalies jul\u00bb ble vist f\u00f8rste gang. Her spilte hun den nysgjerrige og livlige Nisseungen, en rolle hun gjentok noen \u00e5r seinere i \u00abJul p\u00e5 M\u00e5netoppen\u00bb.<\/p>\n<p>Og det er mange som husker henne som nissegutten med den r\u00f8de lua.<\/p>\n<p>        <img loading=\"lazy\" decoding=\"async\" src=\"https:\/\/www.europesays.com\/no\/wp-content\/uploads\/2025\/12\/84016294.webp\" width=\"980\" height=\"481\" title=\"JULEKLASSIKER: I NRKs popul\u00e6re julekalenderserie \u00abAmalies Jul\u00bb var Nisseungen (Pia Borgli) stadig ute med sine nissestreker. Foto: Odd G.Iversen\" alt=\"\" class=\"\" style=\"--aspect-ratio-image: 2.04; \"\/><\/p>\n<p>\n        JULEKLASSIKER: I NRKs popul\u00e6re julekalenderserie \u00abAmalies Jul\u00bb var Nisseungen (Pia Borgli) stadig ute med sine nissestreker. Foto: Odd G.Iversen\n    <\/p>\n<p>&#8211; Jeg synes det er s\u00e5 moro. Venner sender meg bilder hvor dattera eller s\u00f8nnen sitter med smokken og ser p\u00e5 \u00abAmalies jul\u00bb. Men det er jo mest de med gr\u00e5tt h\u00e5r som kjenner meg igjen n\u00e5.<\/p>\n<p>P\u00e5 sp\u00f8rsm\u00e5l om hva hun tenker om at hun som voksen kvinne fikk tilbud om \u00e5 spille rollen som nisseunge, kommer svaret raskt og lattermildt:<\/p>\n<p class=\"font-weight-bold m-font-weight-bold\" data-lab-font_weight=\"font-weight-bold\">&#8211; Jeg er jo ikke s\u00e5 h\u00f8y. Men jeg har tjent penger p\u00e5 det.<\/p>\n<p>    <a itemprop=\"url\" href=\"https:\/\/www.dagbladet.no\/kjendis\/jeg-har-levd-som-en-idiot\/83738134\" rel=\"nofollow noopener\" target=\"_blank\"><\/p>\n<p>        <img loading=\"lazy\" decoding=\"async\" src=\"https:\/\/www.europesays.com\/no\/wp-content\/uploads\/2025\/12\/1766670152_64_83738249.webp\" width=\"980\" height=\"441\" title=\"- Jeg har levd som en idiot\" alt=\"\" class=\"lazyload\" style=\"--aspect-ratio-image: 2.22; \"\/><\/p>\n<p>        &#8211; Jeg har levd som en idiot<\/p>\n<p>    <\/a><\/p>\n<p>Skulle gjerne gjort dette\t<\/p>\n<p>Etter mer enn fire ti\u00e5r p\u00e5 scenen, foran mikrofonen og i studio, er Pia Borgli fortsatt nysgjerrig. Hun har kjent p\u00e5 b\u00e5de oppturer og motgang, men st\u00e5r st\u00f8tt med latteren intakt.<\/p>\n<p class=\"font-weight-bold m-font-weight-bold\" data-lab-font_weight=\"font-weight-bold\">&#8211; N\u00e5r ting ikke er s\u00e5 lett, s\u00e5 l\u00e6rer du mer om deg selv. Hvem du er, hva du vil og hva som er viktig for deg. Men n\u00e5r alt g\u00e5r greit, s\u00e5 tenker du kanskje ikke p\u00e5 de tingene.<\/p>\n<p>Hun smiler, l\u00f8fter kaffekoppen og m\u00f8ter blikket mitt.<\/p>\n<p>&#8211; Jeg er kjempeglad for at jeg jobber med teater, kultur og<br \/>\nmusikk. Det har v\u00e6rt utrolig g\u00f8y \u00e5 f\u00e5 g\u00e5 inn i ulike roller og jeg er s\u00e5 glad<br \/>\nfor at jeg f\u00e5tt gj\u00f8re s\u00e5 mange forskjellige ting.<\/p>\n<p>        <img loading=\"lazy\" decoding=\"async\" src=\"https:\/\/www.europesays.com\/no\/wp-content\/uploads\/2025\/12\/84016304.webp\" width=\"980\" height=\"579\" title=\"ERFAREN RINGREV: - Det er spennende \u00e5 utforske deg selv og andre. Det er jo det som er teater - \u00e5 skulle forst\u00e5 mennesket og hvor sammensatte vi er, sier Pia Borgli. Foto: J\u00f8rn H. Moen \/ Dagbladet\" alt=\"\" class=\"\" style=\"--aspect-ratio-image: 1.69; \"\/><\/p>\n<p>\n        ERFAREN RINGREV: &#8211; Det er spennende \u00e5 utforske deg selv og andre. Det er jo det som er teater &#8211; \u00e5 skulle forst\u00e5 mennesket og hvor sammensatte vi er, sier Pia Borgli. Foto: J\u00f8rn H. Moen \/ Dagbladet\n    <\/p>\n<p class=\"font-weight-bold m-font-weight-bold\" data-lab-font_weight=\"font-weight-bold\">S\u00e5 avsl\u00f8rer hun at det noe hun gjerne skulle ha gjort.<\/p>\n<p>&#8211; Jeg skulle veldig gjerne spilt i musikaler hvor jeg fikk danset og sunget. Det har jeg ikke gjort s\u00e5 mye av, forteller hun.<\/p>\n<p>&#8211; Jeg ville egentlig bli danser da jeg var lita og gikk p\u00e5 opera- og ballettskole i noen \u00e5r f\u00f8r jeg m\u00e5tte slutte med det. S\u00e5 det \u00e5 danse og synge skulle jeg gjerne gjort mer av.<\/p>\n","protected":false},"excerpt":{"rendered":"Det er en mild desemberdag i Asker. Bak et okergult hus med hvite karmer ligger Oslofjorden stille som&hellip;\n","protected":false},"author":2,"featured_media":121592,"comment_status":"","ping_status":"","sticky":false,"template":"","format":"standard","meta":{"footnotes":""},"categories":[58],"tags":[71,11406,14440,479,30,28,29,14442,14441,4005,72],"class_list":{"0":"post-121591","1":"post","2":"type-post","3":"status-publish","4":"format-standard","5":"has-post-thumbnail","7":"category-underholdning","8":"tag-entertainment","9":"tag-flaklypa","10":"tag-flaklypa-grand-prix","11":"tag-kjendis","12":"tag-no","13":"tag-norge","14":"tag-norway","15":"tag-oslo-nye-teater","16":"tag-pia-borgli","17":"tag-some","18":"tag-underholdning"},"share_on_mastodon":{"url":"https:\/\/pubeurope.com\/@no\/115780501444212506","error":""},"_links":{"self":[{"href":"https:\/\/www.europesays.com\/no\/wp-json\/wp\/v2\/posts\/121591","targetHints":{"allow":["GET"]}}],"collection":[{"href":"https:\/\/www.europesays.com\/no\/wp-json\/wp\/v2\/posts"}],"about":[{"href":"https:\/\/www.europesays.com\/no\/wp-json\/wp\/v2\/types\/post"}],"author":[{"embeddable":true,"href":"https:\/\/www.europesays.com\/no\/wp-json\/wp\/v2\/users\/2"}],"replies":[{"embeddable":true,"href":"https:\/\/www.europesays.com\/no\/wp-json\/wp\/v2\/comments?post=121591"}],"version-history":[{"count":0,"href":"https:\/\/www.europesays.com\/no\/wp-json\/wp\/v2\/posts\/121591\/revisions"}],"wp:featuredmedia":[{"embeddable":true,"href":"https:\/\/www.europesays.com\/no\/wp-json\/wp\/v2\/media\/121592"}],"wp:attachment":[{"href":"https:\/\/www.europesays.com\/no\/wp-json\/wp\/v2\/media?parent=121591"}],"wp:term":[{"taxonomy":"category","embeddable":true,"href":"https:\/\/www.europesays.com\/no\/wp-json\/wp\/v2\/categories?post=121591"},{"taxonomy":"post_tag","embeddable":true,"href":"https:\/\/www.europesays.com\/no\/wp-json\/wp\/v2\/tags?post=121591"}],"curies":[{"name":"wp","href":"https:\/\/api.w.org\/{rel}","templated":true}]}}