{"id":121597,"date":"2025-12-25T13:54:15","date_gmt":"2025-12-25T13:54:15","guid":{"rendered":"https:\/\/www.europesays.com\/no\/121597\/"},"modified":"2025-12-25T13:54:15","modified_gmt":"2025-12-25T13:54:15","slug":"okonomi-og-naeringsliv-gjovik-na-er-40-millionerspotten-fordelt-se-hvem-som-fikk-penger","status":"publish","type":"post","link":"https:\/\/www.europesays.com\/no\/121597\/","title":{"rendered":"\u00d8konomi og n\u00e6ringsliv, Gj\u00f8vik | N\u00e5 er 40-millionerspotten fordelt \u2013 se hvem som fikk penger"},"content":{"rendered":"\n<p>Totens Sparebankstiftelse runder av sitt drifts\u00e5r med et kraftig \u00f8konomisk bidrag til lokalmilj\u00f8et. Etter \u00e5rets fjerde kvartalsutdeling har stiftelsen totalt delt ut hele 39,4 millioner kroner til gode form\u00e5l i 2025.<\/p>\n<p>I den siste tildelingsrunden ble det delt ut 4,4 millioner kroner fordelt p\u00e5 60 s\u00f8kere. Det kommer fram i en pressemelding.<\/p>\n<p>\u2013 Unikt kulturhistorisk minne<\/p>\n<p>Den st\u00f8rste enkelttildelingen i fjerde kvartal gikk til Mj\u00f8sas hvite svane. AS Oplandske Dampskibsselskap mottar 825 000 kroner for \u00e5 skifte ut seilduksdekket p\u00e5 Skibladners soldekk.<\/p>\n<p>\u2013 Skibladner er et unikt kulturhistorisk minne og en ledende severdighet i Innlandet. Vi \u00f8nsker \u00e5 bidra til en antikvarisk riktig bevaring av skipet, sier daglig leder i Totens Sparebankstiftelse, Stig H\u00e5vard Blikseth.<\/p>\n<p>   <img decoding=\"async\" width=\"1080\" height=\"863\" fetchpriority=\"low\"  loading=\"lazy\"  src=\"https:\/\/www.europesays.com\/no\/wp-content\/uploads\/2025\/12\/5_35_1023762+Stig+H%C3%A5vard+Blikseth.jpg\" alt=\"\" class=\"brick-c-cFOWSL\" style=\"--brick-image-ratio: 1080 \/ 863;\"\/><\/p>\n<p>      MILLIONER: Stig H\u00e5vard Blikseth leder stiftelsen som deler ut millioner til form\u00e5l i Gj\u00f8vik og Toten.<br \/>\n      Foto: Erik B\u00f8rresen\/arkiv\n    <\/p>\n<p>Han legger til at det historisk har v\u00e6rt et tett samarbeid mellom skipet og den tidligere banken, som ofte brukte hjuldamperen i sin profilering.<\/p>\n<p>Selv om Skibladner stakk av med det st\u00f8rste bel\u00f8pet, er det idrett og friluftsliv som samlet sett mottok mest st\u00f8tte i denne runden. Blant de st\u00f8rste mottakerne finner vi:<\/p>\n<ul>\n<li>Kapp IF: 560 000 kroner til nytt lysanlegg p\u00e5 hovedbanen.<\/li>\n<li>Vitensenteret Innlandet: 250 000 kroner til \u00abSommerXperimenter\u00bb for barn.<\/li>\n<li>\u00d8stre Toten R\u00f8de Kors: 220 000 kroner til renovering av medlemshuset.<\/li>\n<li>Raufoss IL Fotball: 200 000 kroner til prosjektet \u00abKrafttak for jentefotballen p\u00e5 Toten\u00bb.<\/li>\n<li>Gj\u00f8vik og Toten Astronomiske Forening: 200 000 kroner til fornyelse av H\u00e5g\u00e5r Observatoriet.<\/li>\n<\/ul>\n<p>Imponert over frivilligheten<\/p>\n<p>Siden stiftelsen \u00e5pnet for s\u00f8knader 1. mars 2025, har p\u00e5gangen v\u00e6rt enorm. Totalt er det behandlet 550 s\u00f8knader, hvorav 375 har f\u00e5tt ja.<\/p>\n<p>\u2013 Mange av prosjektene er allerede realisert, og det er gledelig \u00e5 se resultatet av den store frivillige innsatsen som legges ned ute i lag og foreninger, sier Blikseth.<\/p>\n<p>   <img decoding=\"async\" width=\"1334\" height=\"924\" fetchpriority=\"low\"  loading=\"lazy\"  src=\"https:\/\/www.europesays.com\/no\/wp-content\/uploads\/2025\/12\/Screenshot+2025-12-22+20.27.06.png\" alt=\"\" class=\"brick-c-cFOWSL\" style=\"--brick-image-ratio: 1334 \/ 924;\"\/><\/p>\n<p>      OVERSIKT: Her er en ren oversikt over alle som fikk penger fra Toten Sparebankstiftelse f\u00f8r jul.<br \/>\n      Foto: Skjermdump\/Totem Sparebankstiftelse\n    <\/p>\n<p>I tillegg til de store prosjektgavene, har stiftelsen delt ut over tre millioner kroner i rene driftsbidrag til mindre lag og foreninger. Fordi stiftelsen er nyetablert, ble det \u00e5pnet en ekstra s\u00f8knadsrunde for driftsst\u00f8tte n\u00e5 i h\u00f8st for de som gikk glipp av fristen i mars.<\/p>\n<p>For de som planlegger nye prosjekter eller trenger st\u00f8tte til daglig drift, er beskjeden klar: Neste ordin\u00e6re s\u00f8knadsperiode for driftsgaver starter i f\u00f8rste kvartal 2026.<\/p>\n","protected":false},"excerpt":{"rendered":"Totens Sparebankstiftelse runder av sitt drifts\u00e5r med et kraftig \u00f8konomisk bidrag til lokalmilj\u00f8et. Etter \u00e5rets fjerde kvartalsutdeling har&hellip;\n","protected":false},"author":2,"featured_media":121598,"comment_status":"","ping_status":"","sticky":false,"template":"","format":"standard","meta":{"footnotes":""},"categories":[10],"tags":[36,20,21,24,25,1088,15,22,23,13,30,28,29,14,16,216,5124,1510,26,27,6465,8439,8573],"class_list":{"0":"post-121597","1":"post","2":"type-post","3":"status-publish","4":"format-standard","5":"has-post-thumbnail","7":"category-norge","8":"tag-art","9":"tag-breaking-news","10":"tag-breakingnews","11":"tag-featured-news","12":"tag-featurednews","13":"tag-gjovik","14":"tag-headlines","15":"tag-latest-news","16":"tag-latestnews","17":"tag-news","18":"tag-no","19":"tag-norge","20":"tag-norway","21":"tag-nyheter","22":"tag-overskrifter","23":"tag-okonomi-og-naeringsliv","24":"tag-ostre-toten","25":"tag-story","26":"tag-top-stories","27":"tag-topstories","28":"tag-totenidag","29":"tag-totens-sparebank","30":"tag-vestre-toten"},"share_on_mastodon":{"url":"https:\/\/pubeurope.com\/@no\/115780548374464797","error":""},"_links":{"self":[{"href":"https:\/\/www.europesays.com\/no\/wp-json\/wp\/v2\/posts\/121597","targetHints":{"allow":["GET"]}}],"collection":[{"href":"https:\/\/www.europesays.com\/no\/wp-json\/wp\/v2\/posts"}],"about":[{"href":"https:\/\/www.europesays.com\/no\/wp-json\/wp\/v2\/types\/post"}],"author":[{"embeddable":true,"href":"https:\/\/www.europesays.com\/no\/wp-json\/wp\/v2\/users\/2"}],"replies":[{"embeddable":true,"href":"https:\/\/www.europesays.com\/no\/wp-json\/wp\/v2\/comments?post=121597"}],"version-history":[{"count":0,"href":"https:\/\/www.europesays.com\/no\/wp-json\/wp\/v2\/posts\/121597\/revisions"}],"wp:featuredmedia":[{"embeddable":true,"href":"https:\/\/www.europesays.com\/no\/wp-json\/wp\/v2\/media\/121598"}],"wp:attachment":[{"href":"https:\/\/www.europesays.com\/no\/wp-json\/wp\/v2\/media?parent=121597"}],"wp:term":[{"taxonomy":"category","embeddable":true,"href":"https:\/\/www.europesays.com\/no\/wp-json\/wp\/v2\/categories?post=121597"},{"taxonomy":"post_tag","embeddable":true,"href":"https:\/\/www.europesays.com\/no\/wp-json\/wp\/v2\/tags?post=121597"}],"curies":[{"name":"wp","href":"https:\/\/api.w.org\/{rel}","templated":true}]}}