{"id":121599,"date":"2025-12-25T13:56:10","date_gmt":"2025-12-25T13:56:10","guid":{"rendered":"https:\/\/www.europesays.com\/no\/121599\/"},"modified":"2025-12-25T13:56:10","modified_gmt":"2025-12-25T13:56:10","slug":"ski-vm-hoppdresser-gjert-ingebrigtsen-preget-mye-av-det-norske-idrettsaret","status":"publish","type":"post","link":"https:\/\/www.europesays.com\/no\/121599\/","title":{"rendered":"Ski-VM, Hoppdresser | Gjert Ingebrigtsen preget mye av det norske idretts\u00e5ret"},"content":{"rendered":"\n<p>Dette var ikke enkelt for jeg vil p\u00e5st\u00e5 at det har skjedd mye, sv\u00e6rt mye, i norsk idrett i 2025. La meg understreke at min fem p\u00e5 bunn-liste og fem-p\u00e5-topp-liste ikke er basert p\u00e5 prestasjoner, men som for meg de sterkeste \u00f8yeblikkene.<\/p>\n<p>            Ernst A. Lersveen<\/p>\n<p>Jobbet hele livet som journalist\/reporter. Startet i lokalaviser, s\u00e5 ti \u00e5r i NRK, deretter 28 \u00e5r i TV 2. Har de siste \u00e5rene jobbet med skisport; spesielt langrenn. <\/p>\n<p>De fem st\u00f8rste nedturene:<\/p>\n<p>\u00abVi har jukset\u00bb<\/p>\n<p>Stemningen i lokalet var trykket. Alt som var av norsk og utenlandsk presse var samlet. Og da kom innr\u00f8mmelsen fra en tydelig presset og preget hoppsjef, Jan Erik Aalbu.<\/p>\n<p>\u2013 Vi har jukset!<\/p>\n<p>    Vil du se neste video?<\/p>\n<p>    <a href=\"https:\/\/www.nettavisen.no\/nyheter\/stripper-pa-string-showbar-i-oslo-avslorer-slik-far-jeg-mest-tips-i-trusa\/v\/5-95-2772941\" class=\"recommend-poster\" data-adp-clicklabel=\"video-recommend\" data-adp-clickvalue=\"poster\" rel=\"nofollow noopener\" target=\"_blank\"><br \/>\n      <img decoding=\"async\" width=\"200\" height=\"200\" loading=\"lazy\" src=\"https:\/\/www.europesays.com\/no\/wp-content\/uploads\/2025\/12\/Stripper+til+cue.jpg\" alt=\"\" class=\"brick-c-cFOWSL\" style=\"--brick-image-ratio: 200 \/ 200;\"\/><\/p>\n<p>Stripper avsl\u00f8rer: \u2013 Slik f\u00e5r jeg mest tips i trusa1:46<\/p>\n<p>    <\/a><\/p>\n<p>        De norske hopperne ble disket etter at denne videoen ble delt.<\/p>\n<p><a href=\"https:\/\/www.nettavisen.no\/sport\/avslorer-nye-detaljer-om-skandalevideoen-som-felte-norge\/s\/5-95-2326592\" rel=\"Follow nofollow noopener\" target=\"_blank\">Tukling med hoppdresse<\/a>r f\u00f8rte til at norske hoppere ble diskvalifisert fra storbakkerennet, Marius Lindvik fratatt s\u00f8lvmedalje. Hopperne ble senere utestengt. Trenere fikk sparken.<\/p>\n<p>Utvilsomt \u00e5rets st\u00f8rste skandale i norsk idrett. Tatt med buksa nede. Og ingen tvil om f\u00f8rsteplassen p\u00e5 min liste.<\/p>\n<p><b>Les mer her: <a href=\"https:\/\/www.nettavisen.no\/sport\/avslorer-nye-detaljer-om-skandalevideoen-som-felte-norge\/s\/5-95-2326592\" rel=\"Follow nofollow noopener\" target=\"_blank\">Avsl\u00f8rer nye detaljer om skandalevideoen som felte Norge<\/a><\/b><\/p>\n<p><b>Les ogs\u00e5 Ernst A. Lersveen: <\/b><b><a href=\"https:\/\/www.nettavisen.no\/norsk-debatt\/hoppskandalen-ryster-norge-far-vi-hele-sannheten-om-skidress-jukset-spor-ernst-a-lersveen\/o\/5-95-2330361\" rel=\"Follow nofollow noopener\" target=\"_blank\">Hvorfor skulle noen snikfilme Norge som aldri har jukset f\u00f8r?<\/a><\/b><\/p>\n<p>Retten er satt<\/p>\n<p><a href=\"https:\/\/www.nettavisen.no\/nyheter\/gjert-ingebrigtsen-har-fatt-dommen\/s\/5-95-2484921\" rel=\"Follow nofollow noopener\" target=\"_blank\">Rettssaken mot Gjert Ingebrigtsen<\/a> preget mye av det norske idretts\u00e5ret.<\/p>\n<p><b>Les mer her: <a href=\"https:\/\/www.nettavisen.no\/nyheter\/gjert-ingebrigtsen-har-fatt-dommen\/s\/5-95-2484921\" rel=\"Follow nofollow noopener\" target=\"_blank\">Gjert Ingebrigtsen har f\u00e5tt dommen<\/a><\/b><\/p>\n<p><b>En opprivende og trist familiekonflikt. Som best kan beskrives med tre ord: trist, trist, trist.<\/b><\/p>\n<p>Under rettssaken mot Gjert Ingebrigtsen ble s\u00f8nnen, Jakob, spurt om farens betydning for Jakobs eventyrlige karriere.<\/p>\n<p>\u2013 Det er nok litt miskommunisert. Det er ikke tiltaltes treningsopplegg, sa Jakob Ingebrigtsen, i retten.<\/p>\n<p>Og i retten skal man snakke sant. Jeg trodde Gjert Ingebrigtsen hadde v\u00e6rt trener for sine tre s\u00f8nner fram til bruddet mellom Gjert og hans tre s\u00f8nner? Om det kom noe godt ut av rettssaken m\u00e5 det v\u00e6re at det tas selvkritikk for ressursbruken fra politi og rettsvesen. For her m\u00e5 det ha v\u00e6rt forskjellsbehandling fra andre i tilsvarende situasjon.<\/p>\n<p><b>Les ogs\u00e5 Ernst A. Lersveen: <a href=\"https:\/\/www.nettavisen.no\/norsk-debatt\/rettssaken-mot-gjert-ingebrigtsen-et-brutalt-punktum\/o\/5-95-2435071\" rel=\"Follow nofollow noopener\" target=\"_blank\">Hva slags samvittighet hadde de?<\/a><\/b><\/p>\n<p>\u00abHvor er kassereren?\u00bb<\/p>\n<p>\u2013 Ski-VM i Trondheim ble tidenes beste og et historisk mesterskap p\u00e5 mange m\u00e5ter, sa VM-sjef \u00c5ge Skinstad, if\u00f8lge NTB da mesterskapet ble avsluttet.<\/p>\n<p><b>Det ble historisk, ja!<a href=\"https:\/\/www.nettavisen.no\/sport\/okonomisk-krise-for-ski-vm-en-alvorlig-situasjon\/s\/5-95-2457369\" rel=\"Follow nofollow noopener\" target=\"_blank\"> Et underskudd p\u00e5 n\u00e6r 40 millioner kroner.<\/a> Jeg sier bare: Hvor er kassereren?<\/b><\/p>\n<p><b>Les mer her: <a href=\"https:\/\/www.nettavisen.no\/sport\/okonomisk-krise-for-ski-vm-en-alvorlig-situasjon\/s\/5-95-2457369\" rel=\"Follow nofollow noopener\" target=\"_blank\">\u00d8konomisk krise for ski-VM: \u2013 En alvorlig situasjon<\/a><\/b><\/p>\n<p>Ski-VMs andre skandale.<\/p>\n<p>Pinlig<\/p>\n<p><a href=\"https:\/\/www.nettavisen.no\/norsk-debatt\/vm-festen-pa-ullevaal-ofrer-barna-for-penger\/o\/5-95-2780270\" rel=\"Follow nofollow noopener\" target=\"_blank\">Barn hadde ikke ha adgang til Ullevaal stadion<\/a> hvor Norges kamper i fotball-VM skulle vises p\u00e5 storskjerm. \u00c5rsak: Det er mer penger \u00e5 tjene p\u00e5 \u00e5 selge \u00f8l og vin eller popkorn!<\/p>\n<p>Heldigvis ordnet Fotballforbundet opp.<\/p>\n<p><b>Les mer av Ernst A. Lersveen<\/b> <b>her: <a href=\"https:\/\/www.nettavisen.no\/norsk-debatt\/vm-festen-pa-ullevaal-ofrer-barna-for-penger\/o\/5-95-2780270\" rel=\"Follow nofollow noopener\" target=\"_blank\">Unnskyld uttrykket, fotballpresident, men dette er uhyrlig<\/a><\/b><\/p>\n<p>   <img decoding=\"async\" width=\"5660\" height=\"3773\" fetchpriority=\"low\"  loading=\"lazy\"  src=\"https:\/\/www.europesays.com\/no\/wp-content\/uploads\/2025\/12\/Stafett_Kvinner_Norge_Trondheim_2025_VM.jpg\" alt=\"Norway athletes congratulate teammate Kristin Austgulen Fosnaes, center, after she crossed the finish line to win the silver medal in the cross-country women's relay 4X7.5 Km at the Nordic World Ski Championships in Trondheim, Norway, Friday, March 7, 2025. (AP Photo\/Matthias Schrader)\" class=\"brick-c-cFOWSL\" style=\"--brick-image-ratio: 5660 \/ 3773;\"\/><\/p>\n<p>      MENTAL KOLLAPS: Dette var som fem bom p\u00e5 liggende i skiskytingsstafett.<br \/>\n      Foto: Matthias Schrader\n    <\/p>\n<p>  Nervebunt<\/p>\n<p>I stafetter i mesterskap har det opp gjennom \u00e5rene v\u00e6rt mye dramatikk. <a href=\"https:\/\/www.nettavisen.no\/sport\/kristin-austgulen-fosnas-fikk-meldinger-fra-nordmenn-sa-jeg-ikke-burde-fa-beholde-norsk-statsborgerskap\/s\/5-95-2610905\" rel=\"Follow nofollow noopener\" target=\"_blank\">Kvinnestafetten i VM i Trondheim var intet unntak.<\/a><\/p>\n<p><b>Les mer her: <a href=\"https:\/\/www.nettavisen.no\/sport\/kristin-austgulen-fosnas-fikk-meldinger-fra-nordmenn-sa-jeg-ikke-burde-fa-beholde-norsk-statsborgerskap\/s\/5-95-2610905\" rel=\"Follow nofollow noopener\" target=\"_blank\">Kristin Austgulen Fosn\u00e6s avsl\u00f8rer skremmende beskjed: \u2013 Gr\u00e5t meg i s\u00f8vn<\/a><\/b><\/p>\n<p>Sverige var storfavoritt til gullet. Men, f\u00f8r sisteetappe ledet Norge med et halvminutt. Urutinert i stafettsammenheng, Kristin Austgulen Fosn\u00e6s, hadde f\u00e5tt ankeretappen. Det gikk ikke bra. Hun var ikke spent. Hun var s\u00e5 nerv\u00f8s at hun var paralysert. Det var en lidelse \u00e5 se henne g\u00e5. For meg var det opplagt at Heidi Weng skulle hatt sisteetappe.<\/p>\n<p>Hun ville ikke. Men, laget har vel en trener? Som skal bestemme.<\/p>\n<p><b>Les mer av Ernst A Lersveen her: <\/b><b><a href=\"https:\/\/www.nettavisen.no\/norsk-debatt\/vm-gull-til-sverige-etter-norsk-kollaps-var-kristin-austgulen-fosnas-feil-ankerkvinne\/o\/5-95-2325449\" rel=\"Follow nofollow noopener\" target=\"_blank\">Hva var det jeg sa?<\/a><\/b><\/p>\n","protected":false},"excerpt":{"rendered":"Dette var ikke enkelt for jeg vil p\u00e5st\u00e5 at det har skjedd mye, sv\u00e6rt mye, i norsk idrett&hellip;\n","protected":false},"author":2,"featured_media":121600,"comment_status":"","ping_status":"","sticky":false,"template":"","format":"standard","meta":{"footnotes":""},"categories":[59],"tags":[30,28,29,83,82],"class_list":{"0":"post-121599","1":"post","2":"type-post","3":"status-publish","4":"format-standard","5":"has-post-thumbnail","7":"category-sport","8":"tag-no","9":"tag-norge","10":"tag-norway","11":"tag-sport","12":"tag-sports"},"share_on_mastodon":{"url":"https:\/\/pubeurope.com\/@no\/115780556563915843","error":""},"_links":{"self":[{"href":"https:\/\/www.europesays.com\/no\/wp-json\/wp\/v2\/posts\/121599","targetHints":{"allow":["GET"]}}],"collection":[{"href":"https:\/\/www.europesays.com\/no\/wp-json\/wp\/v2\/posts"}],"about":[{"href":"https:\/\/www.europesays.com\/no\/wp-json\/wp\/v2\/types\/post"}],"author":[{"embeddable":true,"href":"https:\/\/www.europesays.com\/no\/wp-json\/wp\/v2\/users\/2"}],"replies":[{"embeddable":true,"href":"https:\/\/www.europesays.com\/no\/wp-json\/wp\/v2\/comments?post=121599"}],"version-history":[{"count":0,"href":"https:\/\/www.europesays.com\/no\/wp-json\/wp\/v2\/posts\/121599\/revisions"}],"wp:featuredmedia":[{"embeddable":true,"href":"https:\/\/www.europesays.com\/no\/wp-json\/wp\/v2\/media\/121600"}],"wp:attachment":[{"href":"https:\/\/www.europesays.com\/no\/wp-json\/wp\/v2\/media?parent=121599"}],"wp:term":[{"taxonomy":"category","embeddable":true,"href":"https:\/\/www.europesays.com\/no\/wp-json\/wp\/v2\/categories?post=121599"},{"taxonomy":"post_tag","embeddable":true,"href":"https:\/\/www.europesays.com\/no\/wp-json\/wp\/v2\/tags?post=121599"}],"curies":[{"name":"wp","href":"https:\/\/api.w.org\/{rel}","templated":true}]}}