{"id":121603,"date":"2025-12-25T14:02:45","date_gmt":"2025-12-25T14:02:45","guid":{"rendered":"https:\/\/www.europesays.com\/no\/121603\/"},"modified":"2025-12-25T14:02:45","modified_gmt":"2025-12-25T14:02:45","slug":"ber-om-hjelp-gi-vaskeroboten-et-navn","status":"publish","type":"post","link":"https:\/\/www.europesays.com\/no\/121603\/","title":{"rendered":"Ber om hjelp: Gi vaskeroboten et navn"},"content":{"rendered":"<p>Thon Senter Kanebogen har nylig tatt et teknologisk l\u00f8ft i renholdet. Med en ny vaskerobot til rundt \u00e9n million kroner skal gulvene holdes renere enn noen gang, uten at det g\u00e5r p\u00e5 bekostning av de ansatte.<\/p>\n<p>\u2013 Dette er et verkt\u00f8y som skal hjelpe renholderne v\u00e5re i det daglige arbeidet, ikke erstatte dem. Robotl\u00f8sningen bidrar til bedre kvalitet og mer effektiv bruk av tiden, sier driftssjef Andreas Nicolaysen.<\/p>\n<p><strong>Senterledelsen \u00f8nsker n\u00e5 \u00e5 gi roboten en identitet, og inviterer HTs lesere og publikum til \u00e5 bidra.<\/strong><\/p>\n<p>\u2013 Vi vet at det finnes mange kreative harstadfolk der ute. Sist gang vi ba om navnehjelp, endte det med at elgen fikk navnet \u00abElgantus\u00bb, og det var en enorm respons. Derfor har vi stor tro p\u00e5 at ogs\u00e5 vaskeroboten kan f\u00e5 et bra og treffende navn, sier Nicolaysen.<\/p>\n<p>Alle forslag vil bli vurdert f\u00f8r en jury velger vinnernavnet.<\/p>\n<p>\u2013 Her er det bare \u00e5 v\u00e6re kreativ. Vi tar imot alle forslag, og s\u00e5 velger vi det navnet som passer best, sier han.<\/p>\n<p>Navneforslag kan legges inn i kommentarfeltet under saken eller p\u00e5 Harstad Tidende eller Thon Senter Kanebogens Facebook-innlegg. Fristen for \u00e5 delta er <strong>mandag 5. januar<\/strong>.<\/p>\n<p>\u2013 Vi gleder oss til \u00e5 se hva folk kommer opp med, sier Nicolaysen med et smil.<\/p>\n<p><img decoding=\"async\" src=\"data:image\/gif;base64,R0lGODlhEAAJAIAAAP\/\/\/wAAACH5BAEAAAAALAAAAAAQAAkAAAIKhI+py+0Po5yUFQA7\" alt=\"\"\/><br \/>\n  Vaskerobot p\u00e5 Thon Kanebogen Senter,  her ved driftssjef Andreas Nicolaysen<br \/>\n  <strong>Foto:<\/strong> Morten Hagen<\/p>\n","protected":false},"excerpt":{"rendered":"Thon Senter Kanebogen har nylig tatt et teknologisk l\u00f8ft i renholdet. Med en ny vaskerobot til rundt \u00e9n&hellip;\n","protected":false},"author":2,"featured_media":121604,"comment_status":"","ping_status":"","sticky":false,"template":"","format":"standard","meta":{"footnotes":""},"categories":[10],"tags":[20,21,24,25,15,22,23,13,30,28,29,14,16,10641,26,27],"class_list":{"0":"post-121603","1":"post","2":"type-post","3":"status-publish","4":"format-standard","5":"has-post-thumbnail","7":"category-norge","8":"tag-breaking-news","9":"tag-breakingnews","10":"tag-featured-news","11":"tag-featurednews","12":"tag-headlines","13":"tag-latest-news","14":"tag-latestnews","15":"tag-news","16":"tag-no","17":"tag-norge","18":"tag-norway","19":"tag-nyheter","20":"tag-overskrifter","21":"tag-robot","22":"tag-top-stories","23":"tag-topstories"},"share_on_mastodon":{"url":"https:\/\/pubeurope.com\/@no\/115780579994910066","error":""},"_links":{"self":[{"href":"https:\/\/www.europesays.com\/no\/wp-json\/wp\/v2\/posts\/121603","targetHints":{"allow":["GET"]}}],"collection":[{"href":"https:\/\/www.europesays.com\/no\/wp-json\/wp\/v2\/posts"}],"about":[{"href":"https:\/\/www.europesays.com\/no\/wp-json\/wp\/v2\/types\/post"}],"author":[{"embeddable":true,"href":"https:\/\/www.europesays.com\/no\/wp-json\/wp\/v2\/users\/2"}],"replies":[{"embeddable":true,"href":"https:\/\/www.europesays.com\/no\/wp-json\/wp\/v2\/comments?post=121603"}],"version-history":[{"count":0,"href":"https:\/\/www.europesays.com\/no\/wp-json\/wp\/v2\/posts\/121603\/revisions"}],"wp:featuredmedia":[{"embeddable":true,"href":"https:\/\/www.europesays.com\/no\/wp-json\/wp\/v2\/media\/121604"}],"wp:attachment":[{"href":"https:\/\/www.europesays.com\/no\/wp-json\/wp\/v2\/media?parent=121603"}],"wp:term":[{"taxonomy":"category","embeddable":true,"href":"https:\/\/www.europesays.com\/no\/wp-json\/wp\/v2\/categories?post=121603"},{"taxonomy":"post_tag","embeddable":true,"href":"https:\/\/www.europesays.com\/no\/wp-json\/wp\/v2\/tags?post=121603"}],"curies":[{"name":"wp","href":"https:\/\/api.w.org\/{rel}","templated":true}]}}