{"id":121605,"date":"2025-12-25T14:03:13","date_gmt":"2025-12-25T14:03:13","guid":{"rendered":"https:\/\/www.europesays.com\/no\/121605\/"},"modified":"2025-12-25T14:03:13","modified_gmt":"2025-12-25T14:03:13","slug":"her-reagerte-kontrollorene-pa-flere-ting","status":"publish","type":"post","link":"https:\/\/www.europesays.com\/no\/121605\/","title":{"rendered":"Her reagerte kontroll\u00f8rene p\u00e5 flere ting"},"content":{"rendered":"<p>        Saken oppsummert<\/p>\n<ul lang=\"nb-NO\">\n<li>En varebilsj\u00e5f\u00f8r p\u00e5 J\u00e6ren ble stoppet med en kajakk stikkende ut av \u00e5pen bakd\u00f8r.<\/li>\n<li>Dette resulterte i et gebyr p\u00e5 3000 kroner grunnet manglende merking og synlighet av bilskiltet.<\/li>\n<li>Statens vegvesen kontrollerte totalt 450 kj\u00f8ret\u00f8y, hvor 350 f\u00f8rere ble testet for promille uten utslag.<\/li>\n<li>Flere f\u00f8rere fikk gebyrer for tekniske mangler og sikthindrende gjenstander.<\/li>\n<\/ul>\n<p class=\"italic ai-disclaimer\" data-lab-italic=\"italic\">Oppsummeringen er laget med kunstig intelligens (KI) fra OpenAI. Innholdet er kvalitetssikret av TV 2s journalister. <a target=\"_blank\" href=\"https:\/\/hjelp.tv2.no\/info\/artikkel\/slik-jobber-vi-med-ki-i-tv-2\" title=\"Les om hvordan vi jobber med KI\" rel=\"nofollow noopener\">Les om hvordan vi jobber med KI<\/a><\/p>\n<p>Det er ikke alltid like enkelt \u00e5 transportere lange gjenstander, i alle fall hvis du velger \u00e5 ikke bruke en tilhenger.<\/p>\n<p>Da Statens vegvesen denne uken hadde kontroll p\u00e5 Skj\u00e6veland p\u00e5 J\u00e6ren, kom de over en varebilsj\u00e5f\u00f8r som hadde v\u00e6rt i overkant kreativ.<\/p>\n<p>Vedkommende kj\u00f8rte nemlig med en av bakd\u00f8rene \u00e5pen. Og ut av den stakk det en kajakk! Det st\u00e5r ingen ting i rapporten om f\u00f8reren fors\u00f8kte \u00e5 ro (eller padle) seg unna problemene, men det endte i alle fall med et gebyr p\u00e5 3000 kroner.\u00a0<\/p>\n<p>Ingen hadde promille<\/p>\n<p>Kontroll\u00f8rene reagerte p\u00e5 flere ting. Den \u00e5pne d\u00f8ren gjorde at skiltet bak p\u00e5 bilen ikke var synlig. I tillegg var ikke den utstikkende delen av kajakken merket. Det gir \u00f8kt fare for p\u00e5kj\u00f8rsel bakfra.\u00a0 Den m\u00e5tte merkes, f\u00f8r vedkommende fikk kj\u00f8re videre.\u00a0<\/p>\n<p>Totalt ble hele 450 kj\u00f8ret\u00f8y sjekket i denne kontrollen. 350 f\u00f8rere ble testet for promille av politiet. gledelig nok uten et eneste utslag.\u00a0<\/p>\n<p> <a href=\"https:\/\/www.tv2.no\/a\/13722207\/\" rel=\"nofollow noopener\" target=\"_blank\">Du kan miste f\u00f8rerkortet \u2013 uten \u00e5 vite at du kj\u00f8rer for fort<\/a> <\/p>\n<p>        <img class=\"image__img lazyload\" itemprop=\"image\" title=\"Foto: Statens vegvesen.\" alt=\"STORKONTROLL: Slik s\u00e5 det ut p\u00e5 kontrollplassen p\u00e5 Skj\u00e6veland. Foto: Statens vegvesen.\" width=\"675\" height=\"257\" bad-src=\"https:\/\/www.europesays.com\/no\/wp-content\/uploads\/2025\/12\/18370759.webp\" fetchpriority=\"auto\" \/><\/p>\n<p>      STORKONTROLL: Slik s\u00e5 det ut p\u00e5 kontrollplassen p\u00e5 Skj\u00e6veland.<br \/>\n         Foto: Statens vegvesen.<\/p>\n<p>Hadde for d\u00e5rlig sikt<\/p>\n<p>14 f\u00f8rere fikk dekkgebyr, s\u00e5 mye som ni f\u00f8rere m\u00e5tte fjerne sikthindrende gjenstander og det ble skrevet ut 19 tekniske mangler.\u00a0<\/p>\n<p>En bil kom ogs\u00e5 kj\u00f8rende med sv\u00e6rt mye dugg p\u00e5 frontruten. Den fikk ikke kj\u00f8re videre f\u00f8r sikten var tilstrekkelig god.\u00a0<\/p>\n<p><a href=\"https:\/\/www.tv2.no\/broom\/denne-feilen-gjor-mange-na\/15740981\/\" rel=\"nofollow noopener\" target=\"_blank\">LES MER: Denne feilen gj\u00f8r mange<\/a><\/p>\n<p class=\"bold m-bold\" data-lab-font_weight=\"bold\">Dette var ikke s\u00e5 smart&#8230; Les mer i artikkelen under:<\/p>\n<p>    <a class=\"article__link\" data-ga-active-label=\"\" data-ga-active-label-animation=\"\" href=\"https:\/\/www.tv2.no\/broom\/var-avskiltet-sa-fikk-eieren-en-ide\/17796408\/\" rel=\"nofollow noopener\" target=\"_blank\"><\/p>\n<p>    <img class=\"image__img lazyload\" itemprop=\"image\" title=\"\" alt=\"\" width=\"978\" height=\"411\" bad-src=\"https:\/\/www.europesays.com\/no\/wp-content\/uploads\/2025\/12\/17796939.webp\" fetchpriority=\"auto\" \/><\/p>\n<p>            Var avskiltet \u2013 s\u00e5 fikk eieren en id\u00e9<\/p>\n<p>    <\/a><\/p>\n","protected":false},"excerpt":{"rendered":"Saken oppsummert En varebilsj\u00e5f\u00f8r p\u00e5 J\u00e6ren ble stoppet med en kajakk stikkende ut av \u00e5pen bakd\u00f8r. Dette resulterte&hellip;\n","protected":false},"author":2,"featured_media":121606,"comment_status":"","ping_status":"","sticky":false,"template":"","format":"standard","meta":{"footnotes":""},"categories":[5],"tags":[20,21,24,25,15,19,22,23,17,18,13,30,28,29,14,16,26,27],"class_list":{"0":"post-121605","1":"post","2":"type-post","3":"status-publish","4":"format-standard","5":"has-post-thumbnail","7":"category-overskrifter","8":"tag-breaking-news","9":"tag-breakingnews","10":"tag-featured-news","11":"tag-featurednews","12":"tag-headlines","13":"tag-hovedoppslag","14":"tag-latest-news","15":"tag-latestnews","16":"tag-main-news","17":"tag-mainnews","18":"tag-news","19":"tag-no","20":"tag-norge","21":"tag-norway","22":"tag-nyheter","23":"tag-overskrifter","24":"tag-top-stories","25":"tag-topstories"},"share_on_mastodon":{"url":"https:\/\/pubeurope.com\/@no\/115780583754985345","error":""},"_links":{"self":[{"href":"https:\/\/www.europesays.com\/no\/wp-json\/wp\/v2\/posts\/121605","targetHints":{"allow":["GET"]}}],"collection":[{"href":"https:\/\/www.europesays.com\/no\/wp-json\/wp\/v2\/posts"}],"about":[{"href":"https:\/\/www.europesays.com\/no\/wp-json\/wp\/v2\/types\/post"}],"author":[{"embeddable":true,"href":"https:\/\/www.europesays.com\/no\/wp-json\/wp\/v2\/users\/2"}],"replies":[{"embeddable":true,"href":"https:\/\/www.europesays.com\/no\/wp-json\/wp\/v2\/comments?post=121605"}],"version-history":[{"count":0,"href":"https:\/\/www.europesays.com\/no\/wp-json\/wp\/v2\/posts\/121605\/revisions"}],"wp:featuredmedia":[{"embeddable":true,"href":"https:\/\/www.europesays.com\/no\/wp-json\/wp\/v2\/media\/121606"}],"wp:attachment":[{"href":"https:\/\/www.europesays.com\/no\/wp-json\/wp\/v2\/media?parent=121605"}],"wp:term":[{"taxonomy":"category","embeddable":true,"href":"https:\/\/www.europesays.com\/no\/wp-json\/wp\/v2\/categories?post=121605"},{"taxonomy":"post_tag","embeddable":true,"href":"https:\/\/www.europesays.com\/no\/wp-json\/wp\/v2\/tags?post=121605"}],"curies":[{"name":"wp","href":"https:\/\/api.w.org\/{rel}","templated":true}]}}