{"id":121611,"date":"2025-12-25T14:10:56","date_gmt":"2025-12-25T14:10:56","guid":{"rendered":"https:\/\/www.europesays.com\/no\/121611\/"},"modified":"2025-12-25T14:10:56","modified_gmt":"2025-12-25T14:10:56","slug":"levanger-torsbustaden-skisenter-i-gang-med-produksjonen-veldig-godt","status":"publish","type":"post","link":"https:\/\/www.europesays.com\/no\/121611\/","title":{"rendered":"Levanger, Torsbustaden skisenter | I gang med produksjonen: \u2013 Veldig godt"},"content":{"rendered":"<p> (<a href=\"https:\/\/www.ilevanger.no\" rel=\"nofollow noopener\" target=\"_blank\">iLevanger<\/a>) <\/p>\n<p><b>LEVANGER: <\/b>\u2013 Det er veldig godt \u00e5 f\u00e5 komme i gang med sn\u00f8produksjon, sier daglig leder Vegar Hynne i Torsbustaden Skisenter p\u00e5 selveste julaften.<\/p>\n<p>Endelig kom kuldegradene, jubler han og kan meddele at skisenteret har f\u00e5tt produsert sn\u00f8 i ett d\u00f8gn.<\/p>\n<p>\u2013 Vi har klart \u00e5 lage mange sm\u00e5 dunger over hele anlegget og er i gang for sesongen. Den sn\u00f8en vi har produsert n\u00e5 t\u00e5ler plussgradene som kommer resten av jula.<\/p>\n<p>   <img decoding=\"async\" width=\"4785\" height=\"3185\" fetchpriority=\"low\"  loading=\"lazy\"  src=\"https:\/\/www.europesays.com\/no\/wp-content\/uploads\/2025\/12\/5_116_2085697+RGM_6744.jpg\" alt=\"\" class=\"brick-c-cFOWSL\" style=\"--brick-image-ratio: 4785 \/ 3185;\"\/><\/p>\n<p>      KAN SMILE: Daglig leder i Torsbustaden skisenter, Vegar Hynne, er sv\u00e6rt glad for at sn\u00f8produksjonen er i gang. Bildet er tatt ved en tidligere anledning.<br \/>\n      Foto: Runa Green\n    <\/p>\n<p>N\u00e5 krysser Hynne og resten av de frivillige i Torsbustaden fingrene for tosifrede minusgrader tidlig p\u00e5 januar.<\/p>\n<p>\u2013 Da kj\u00f8rer vi p\u00e5 med mer produksjon.<\/p>\n<p><b>\u2013 Er det h\u00e5p om \u00e5pning av skianlegget p\u00e5 denne sida av \u00e5ret? <\/b><\/p>\n<p>\u2013 Det er liten sjanse for \u00e5 f\u00e5 \u00e5pnet f\u00f8r nytt\u00e5r. Men vi har stor tro p\u00e5 tidlig januar. Men det bestemmer v\u00e6rgudene, svarer Hynne.<\/p>\n<p>Flyttet sn\u00f8kanon<\/p>\n<p>Hynne forteller at skisenteret fikk god hjelp i h\u00f8st av et helikopter fra Airlift AS avdeling Frosta til \u00e5 flytte en sn\u00f8kanon.<\/p>\n<p>\u2013 Vi har to t\u00e5rnkanoner, og n\u00e5 har den ene blitt flyttet over til den bratte l\u00f8ypa. Flyttinga av kanonen gj\u00f8r at vi sparer opp til tre dager med sn\u00f8produksjon for \u00e5 bli ferdig med sn\u00f8leggingen, avslutter Hynne, og skryter samtidig av effektiv og god hjelp. <\/p>\n<p>Fra mandag 29. desember lover v\u00e6rtjenesten Yr kuldegrader og sn\u00f8 i skianlegget, som ligger rundt 226 moh. Med et solid underlag av kunstsn\u00f8 kan natursn\u00f8en forh\u00e5pentligvis gi fortgang p\u00e5 \u00e5pningen.<\/p>\n","protected":false},"excerpt":{"rendered":"(iLevanger) LEVANGER: \u2013 Det er veldig godt \u00e5 f\u00e5 komme i gang med sn\u00f8produksjon, sier daglig leder Vegar&hellip;\n","protected":false},"author":2,"featured_media":121612,"comment_status":"","ping_status":"","sticky":false,"template":"","format":"standard","meta":{"footnotes":""},"categories":[5],"tags":[36,20,21,24,25,15,19,22,23,492,17,18,13,30,28,29,14,16,83,1510,26,27,14443],"class_list":{"0":"post-121611","1":"post","2":"type-post","3":"status-publish","4":"format-standard","5":"has-post-thumbnail","7":"category-overskrifter","8":"tag-art","9":"tag-breaking-news","10":"tag-breakingnews","11":"tag-featured-news","12":"tag-featurednews","13":"tag-headlines","14":"tag-hovedoppslag","15":"tag-latest-news","16":"tag-latestnews","17":"tag-levanger","18":"tag-main-news","19":"tag-mainnews","20":"tag-news","21":"tag-no","22":"tag-norge","23":"tag-norway","24":"tag-nyheter","25":"tag-overskrifter","26":"tag-sport","27":"tag-story","28":"tag-top-stories","29":"tag-topstories","30":"tag-torsbustaden-skisenter"},"share_on_mastodon":{"url":"https:\/\/pubeurope.com\/@no\/115780615191098173","error":""},"_links":{"self":[{"href":"https:\/\/www.europesays.com\/no\/wp-json\/wp\/v2\/posts\/121611","targetHints":{"allow":["GET"]}}],"collection":[{"href":"https:\/\/www.europesays.com\/no\/wp-json\/wp\/v2\/posts"}],"about":[{"href":"https:\/\/www.europesays.com\/no\/wp-json\/wp\/v2\/types\/post"}],"author":[{"embeddable":true,"href":"https:\/\/www.europesays.com\/no\/wp-json\/wp\/v2\/users\/2"}],"replies":[{"embeddable":true,"href":"https:\/\/www.europesays.com\/no\/wp-json\/wp\/v2\/comments?post=121611"}],"version-history":[{"count":0,"href":"https:\/\/www.europesays.com\/no\/wp-json\/wp\/v2\/posts\/121611\/revisions"}],"wp:featuredmedia":[{"embeddable":true,"href":"https:\/\/www.europesays.com\/no\/wp-json\/wp\/v2\/media\/121612"}],"wp:attachment":[{"href":"https:\/\/www.europesays.com\/no\/wp-json\/wp\/v2\/media?parent=121611"}],"wp:term":[{"taxonomy":"category","embeddable":true,"href":"https:\/\/www.europesays.com\/no\/wp-json\/wp\/v2\/categories?post=121611"},{"taxonomy":"post_tag","embeddable":true,"href":"https:\/\/www.europesays.com\/no\/wp-json\/wp\/v2\/tags?post=121611"}],"curies":[{"name":"wp","href":"https:\/\/api.w.org\/{rel}","templated":true}]}}