{"id":121615,"date":"2025-12-25T14:17:51","date_gmt":"2025-12-25T14:17:51","guid":{"rendered":"https:\/\/www.europesays.com\/no\/121615\/"},"modified":"2025-12-25T14:17:51","modified_gmt":"2025-12-25T14:17:51","slug":"nyheter-post-na-er-all-juleposten-sendt","status":"publish","type":"post","link":"https:\/\/www.europesays.com\/no\/121615\/","title":{"rendered":"Nyheter, Post | N\u00e5 er all juleposten sendt"},"content":{"rendered":"\n<p>De siste to ukene opp mot jul har konsernet h\u00e5ndtert over tre millioner pakker, opplyser Posten i en pressemelding.<\/p>\n<p>Ved \u00d8stlandsterminalen har det hittil i desember blitt sendt ut 20 millioner brevsendinger.<\/p>\n<p>\u2013 Aldri f\u00f8r har vi h\u00e5ndtert og levert ut s\u00e5 mange pakker f\u00f8r jul som i \u00e5r. Det har v\u00e6rt en hektisk periode med h\u00f8y aktivitet, men ogs\u00e5 en utrolig morsom og fin tid. N\u00e5 er alle terminalene tomme og Posten Bring har gjort alt i sin makt for \u00e5 sikre at alle pakker og brev har kommet trygt fram i hver en krik og krok av v\u00e5rt langstrakte land, sier konsernsjef Petter-B\u00f8rre Furberg i Posten Bring.<\/p>\n<p>I \u00e5r startet juletrafikken tidligere enn foreg\u00e5ende \u00e5r, og toppen kom uken etter Black Week. Denne uken ga en \u00f8kning p\u00e5 11 prosent flere pakker sammenlignet med fjor\u00e5rets rekord\u00e5r.<\/p>\n<p>\u2013 Den innsatsen som v\u00e5re sj\u00e5f\u00f8rer, ansatte ved terminaler, postbud og Post i Butikk har lagt ned de siste m\u00e5nedene har v\u00e6rt helt enorm og gj\u00f8r meg utrolig stolt over \u00e5 lede dette konsernet, sier Furberg.<\/p>\n","protected":false},"excerpt":{"rendered":"De siste to ukene opp mot jul har konsernet h\u00e5ndtert over tre millioner pakker, opplyser Posten i en&hellip;\n","protected":false},"author":2,"featured_media":1615,"comment_status":"","ping_status":"","sticky":false,"template":"","format":"standard","meta":{"footnotes":""},"categories":[10],"tags":[36,20,21,24,25,15,5593,22,23,13,30,28,29,14,16,2632,1510,26,27],"class_list":{"0":"post-121615","1":"post","2":"type-post","3":"status-publish","4":"format-standard","5":"has-post-thumbnail","7":"category-norge","8":"tag-art","9":"tag-breaking-news","10":"tag-breakingnews","11":"tag-featured-news","12":"tag-featurednews","13":"tag-headlines","14":"tag-jul","15":"tag-latest-news","16":"tag-latestnews","17":"tag-news","18":"tag-no","19":"tag-norge","20":"tag-norway","21":"tag-nyheter","22":"tag-overskrifter","23":"tag-post","24":"tag-story","25":"tag-top-stories","26":"tag-topstories"},"share_on_mastodon":{"url":"https:\/\/pubeurope.com\/@no\/115780642647126964","error":""},"_links":{"self":[{"href":"https:\/\/www.europesays.com\/no\/wp-json\/wp\/v2\/posts\/121615","targetHints":{"allow":["GET"]}}],"collection":[{"href":"https:\/\/www.europesays.com\/no\/wp-json\/wp\/v2\/posts"}],"about":[{"href":"https:\/\/www.europesays.com\/no\/wp-json\/wp\/v2\/types\/post"}],"author":[{"embeddable":true,"href":"https:\/\/www.europesays.com\/no\/wp-json\/wp\/v2\/users\/2"}],"replies":[{"embeddable":true,"href":"https:\/\/www.europesays.com\/no\/wp-json\/wp\/v2\/comments?post=121615"}],"version-history":[{"count":0,"href":"https:\/\/www.europesays.com\/no\/wp-json\/wp\/v2\/posts\/121615\/revisions"}],"wp:featuredmedia":[{"embeddable":true,"href":"https:\/\/www.europesays.com\/no\/wp-json\/wp\/v2\/media\/1615"}],"wp:attachment":[{"href":"https:\/\/www.europesays.com\/no\/wp-json\/wp\/v2\/media?parent=121615"}],"wp:term":[{"taxonomy":"category","embeddable":true,"href":"https:\/\/www.europesays.com\/no\/wp-json\/wp\/v2\/categories?post=121615"},{"taxonomy":"post_tag","embeddable":true,"href":"https:\/\/www.europesays.com\/no\/wp-json\/wp\/v2\/tags?post=121615"}],"curies":[{"name":"wp","href":"https:\/\/api.w.org\/{rel}","templated":true}]}}