{"id":121631,"date":"2025-12-25T14:33:49","date_gmt":"2025-12-25T14:33:49","guid":{"rendered":"https:\/\/www.europesays.com\/no\/121631\/"},"modified":"2025-12-25T14:33:49","modified_gmt":"2025-12-25T14:33:49","slug":"brot-seg-inn-i-hytte-i-saltstraumen-nrk-nordland","status":"publish","type":"post","link":"https:\/\/www.europesays.com\/no\/121631\/","title":{"rendered":"Br\u00f8t seg inn i hytte i Saltstraumen \u2013 NRK Nordland"},"content":{"rendered":"<p>Klokka 02.00 i natt rykka politiet og brannvesenet ut til ei hytte i Saltstraumen utenfor Bod\u00f8 etter melding om brann.<\/p>\n<p>Da politiet kom til stedet viste det seg at en person hadde tatt tilhold i en hytte vedkommende ikke eide, if\u00f8lge politiet.<\/p>\n<p>\u2013 Det var gjort skadeverk inne i hytta og hytta var r\u00f8ykfylt, men ingen \u00e5pne flammer, skriver operasjonsleder i Nordland politidistrikt, Ina Kristin Selfors i en melding.<\/p>\n<p>Politiet tok kontroll p\u00e5 personen, og if\u00f8lge Selfors kom vedkommende med trusler og spyttet p\u00e5 politiet.<\/p>\n<p>\u2013 Personen ble innsatt i arrest og det ble funnet narkotika under visitering, skriver Selfors videre.<\/p>\n<p>Personen anmeldes for vold-, trusler og forulemping av offentlig tjenesteperson, besittelse av narkotika, branntill\u00f8p og skadeverk.<\/p>\n<p>Vedkommende vil bli fors\u00f8kt avh\u00f8rt i dag, avslutter Selfors.<\/p>\n","protected":false},"excerpt":{"rendered":"Klokka 02.00 i natt rykka politiet og brannvesenet ut til ei hytte i Saltstraumen utenfor Bod\u00f8 etter melding&hellip;\n","protected":false},"author":2,"featured_media":62464,"comment_status":"","ping_status":"","sticky":false,"template":"","format":"standard","meta":{"footnotes":""},"categories":[10],"tags":[20,21,24,25,15,22,23,13,30,28,29,14,16,26,27],"class_list":{"0":"post-121631","1":"post","2":"type-post","3":"status-publish","4":"format-standard","5":"has-post-thumbnail","7":"category-norge","8":"tag-breaking-news","9":"tag-breakingnews","10":"tag-featured-news","11":"tag-featurednews","12":"tag-headlines","13":"tag-latest-news","14":"tag-latestnews","15":"tag-news","16":"tag-no","17":"tag-norge","18":"tag-norway","19":"tag-nyheter","20":"tag-overskrifter","21":"tag-top-stories","22":"tag-topstories"},"share_on_mastodon":{"url":"https:\/\/pubeurope.com\/@no\/115780705633500873","error":""},"_links":{"self":[{"href":"https:\/\/www.europesays.com\/no\/wp-json\/wp\/v2\/posts\/121631","targetHints":{"allow":["GET"]}}],"collection":[{"href":"https:\/\/www.europesays.com\/no\/wp-json\/wp\/v2\/posts"}],"about":[{"href":"https:\/\/www.europesays.com\/no\/wp-json\/wp\/v2\/types\/post"}],"author":[{"embeddable":true,"href":"https:\/\/www.europesays.com\/no\/wp-json\/wp\/v2\/users\/2"}],"replies":[{"embeddable":true,"href":"https:\/\/www.europesays.com\/no\/wp-json\/wp\/v2\/comments?post=121631"}],"version-history":[{"count":0,"href":"https:\/\/www.europesays.com\/no\/wp-json\/wp\/v2\/posts\/121631\/revisions"}],"wp:featuredmedia":[{"embeddable":true,"href":"https:\/\/www.europesays.com\/no\/wp-json\/wp\/v2\/media\/62464"}],"wp:attachment":[{"href":"https:\/\/www.europesays.com\/no\/wp-json\/wp\/v2\/media?parent=121631"}],"wp:term":[{"taxonomy":"category","embeddable":true,"href":"https:\/\/www.europesays.com\/no\/wp-json\/wp\/v2\/categories?post=121631"},{"taxonomy":"post_tag","embeddable":true,"href":"https:\/\/www.europesays.com\/no\/wp-json\/wp\/v2\/tags?post=121631"}],"curies":[{"name":"wp","href":"https:\/\/api.w.org\/{rel}","templated":true}]}}