{"id":121632,"date":"2025-12-25T14:34:37","date_gmt":"2025-12-25T14:34:37","guid":{"rendered":"https:\/\/www.europesays.com\/no\/121632\/"},"modified":"2025-12-25T14:34:37","modified_gmt":"2025-12-25T14:34:37","slug":"sebastian-solberg-om-en-annerledes-jul","status":"publish","type":"post","link":"https:\/\/www.europesays.com\/no\/121632\/","title":{"rendered":"Sebastian Solberg om en annerledes jul:"},"content":{"rendered":"<p class=\"kicker \" style=\"\">Sebastian Solberg:\u00a0<\/p>\n<p>  Influenseren erkjenner at \u00e5rets julefeiring ikke blir helt slik som han hadde \u00f8nsket seg.<\/p>\n<p>\n    \u00c6RLIG: Sebastian Solberg ser fram til h\u00f8ytida sammen med familien, men understreker at ikke alt er som f\u00f8r. Foto: Andreas Fadum\/Se og H\u00f8r\n  <\/p>\n<p>I starten av \u00e5ret kom nyheten om at TV-profil og influenser Sebastian Solberg (34) og kj\u00e6resten gjennom ni \u00e5r, Nikoline Anundsen (30), hadde g\u00e5tt hver til sitt. Sammen har de fire barn.\u00a0<\/p>\n<p>    <a itemprop=\"url\" href=\"https:\/\/www.dagbladet.no\/kjendis\/roper-gjort-et-unntak\/83969237\" rel=\"nofollow noopener\" target=\"_blank\"><\/p>\n<p>        <img loading=\"lazy\" decoding=\"async\" src=\"https:\/\/www.europesays.com\/no\/wp-content\/uploads\/2025\/12\/1766673276_697_83970029.webp\" width=\"980\" height=\"441\" title=\"R\u00f8per: - Gjort et unntak\" alt=\"\" class=\"lazyload\" style=\"--aspect-ratio-image: 2.22; \"\/><\/p>\n<p>        R\u00f8per: &#8211; Gjort et unntak<\/p>\n<p>    <\/a><\/p>\n<p> \u00abJeg er knust. Jeg trodde ikke 2025 skulle starte p\u00e5 denne m\u00e5ten. Men det starter for meg med et sjokk\u00bb, skrev han blant annet p\u00e5 Instagram da nyheten ble kjent.\u00a0<\/p>\n<p>Solberg har\u00a0<a href=\"https:\/\/www.dagbladet.no\/kjendis\/alt-raknet-rundt-meg\/83833894\" rel=\"nofollow noopener\" target=\"_blank\">ved flere anledninger delt om tida etter bruddet<\/a>, og har ikke lagt skjul p\u00e5 at det har v\u00e6rt et sv\u00e6rt t\u00f8ft \u00e5r for ham.\u00a0<\/p>\n<p>        T\u00d8FT: Sebastian Solberg \u00e5pner seg om at det siste \u00e5ret har v\u00e6rt vanskelig. Reporter: Nora Skavhaug \/ R\u00f8d L\u00f8per. Video: Danny Son Ngoc To. <\/p>\n<p>&#8211; T\u00f8ft og kjedelig\t<\/p>\n<p>N\u00e5 n\u00e6rmer jula seg, og Solberg erkjenner at feiringen blir annerledes i \u00e5r.<\/p>\n<p>&#8211; Jeg skal v\u00e6re sammen med barna mine, mamma, pappa, lilles\u00f8steren min og hennes familie. Det gleder jeg meg veldig til, sier han til Dagbladet under <a href=\"https:\/\/www.dagbladet.no\/kjendis\/tilbake-pa-skjermen\/83956266\" rel=\"nofollow noopener\" target=\"_blank\">TV 2s v\u00e5rslipp<\/a>, og fortsetter:\u00a0<\/p>\n<p class=\"font-weight-bold m-font-weight-bold\" data-lab-font_weight=\"font-weight-bold\">&#8211; Det blir en litt annerledes jul enn jeg har hatt f\u00f8r, som jeg naturligvis synes er t\u00f8ft og kjedelig og ikke s\u00e5nn jeg ville ha det. Men det blir drithyggelig \u00e5 v\u00e6re sammen med familien.\u00a0<\/p>\n<p>Firebarnsfaren forteller videre at feiringen skal skje p\u00e5 Frogner i Oslo, f\u00f8r han og barna reiser p\u00e5 hytta p\u00e5 fjellet.\u00a0<\/p>\n<p class=\"font-weight-bold m-font-weight-bold\" data-lab-font_weight=\"font-weight-bold\">&#8211; Vi kj\u00f8rer opp p\u00e5 julaften, s\u00e5 f\u00e5r vi f\u00f8rste juledag der oppe med fyr i peisen og julestr\u00f8mper.\u00a0<\/p>\n<p>    <a itemprop=\"url\" href=\"https:\/\/www.dagbladet.no\/kjendis\/na-skilles-de\/83961215\" rel=\"nofollow noopener\" target=\"_blank\"><\/p>\n<p>        <img loading=\"lazy\" decoding=\"async\" src=\"https:\/\/www.europesays.com\/no\/wp-content\/uploads\/2025\/12\/1766673277_781_83961396.webp\" width=\"980\" height=\"441\" title=\"Bekrefter skilsmisse: - Det skjer\" alt=\"\" class=\"lazyload\" style=\"--aspect-ratio-image: 2.22; \"\/><\/p>\n<p>        Bekrefter skilsmisse: &#8211; Det skjer<\/p>\n<p>    <\/a><\/p>\n<p>Selv om feiringen ikke blir slik som den har v\u00e6rt tidligere, legger han ikke skjul p\u00e5 at han har en tradisjon som er viktig for ham hvert \u00e5r.\u00a0<\/p>\n<p class=\"font-weight-bold m-font-weight-bold\" data-lab-font_weight=\"font-weight-bold\">&#8211; Jeg pr\u00f8ver \u00e5 sende\u00a0melding til folk som jeg ikke har snakket med p\u00e5 en stund og fortelle de at jeg er glad i dem. Det gj\u00f8r man litt for sjeldent, sier han og legger til at han ogs\u00e5 tar kontakt med personer som har betydd ekstra mye for ham gjennom \u00e5ret &#8211; b\u00e5de personlig og karrieremessig.\u00a0<\/p>\n<p>        IKKE VENNER: Sebastian Solberg g\u00e5r hardt ut mot sine meddeltakere i den kommende sesongen av \u00abSpillet\u00bb. Influenseren r\u00f8per ogs\u00e5 hvorfor, like f\u00f8r \u00e9n av dem avbryter intervjuet med en uhyggelig beskjed. Reporter: Thea Hope. Video: Nora Skavhaug. \u00abSpillet\u00bb \/ TV2.<\/p>\n<p>&#8211; Gruer meg\t<\/p>\n<p>P\u00e5 ny\u00e5ret blir Solberg \u00e5 se som deltaker i suksessprogrammet \u00abSpillet\u00bb p\u00e5 TV 2. Under v\u00e5rslippet forteller han at innspillingsperioden var \u00abinteressant\u00bb, p\u00e5 grunn av livssituasjonen han var i.\u00a0<\/p>\n<p>&#8211; Jeg var p\u00e5 et litt rart sted i livet mitt da dette ble spilt inn, s\u00e5 jeg gruer meg faktisk litt til \u00e5 se den tida om igjen. For jeg vet hvordan jeg egentlig hadde det p\u00e5 innsida.\u00a0<\/p>\n","protected":false},"excerpt":{"rendered":"Sebastian Solberg:\u00a0 Influenseren erkjenner at \u00e5rets julefeiring ikke blir helt slik som han hadde \u00f8nsket seg. \u00c6RLIG: Sebastian&hellip;\n","protected":false},"author":2,"featured_media":121633,"comment_status":"","ping_status":"","sticky":false,"template":"","format":"standard","meta":{"footnotes":""},"categories":[5],"tags":[20,21,24,25,15,19,5593,479,22,23,17,18,13,30,28,29,14,16,774,26,27],"class_list":{"0":"post-121632","1":"post","2":"type-post","3":"status-publish","4":"format-standard","5":"has-post-thumbnail","7":"category-overskrifter","8":"tag-breaking-news","9":"tag-breakingnews","10":"tag-featured-news","11":"tag-featurednews","12":"tag-headlines","13":"tag-hovedoppslag","14":"tag-jul","15":"tag-kjendis","16":"tag-latest-news","17":"tag-latestnews","18":"tag-main-news","19":"tag-mainnews","20":"tag-news","21":"tag-no","22":"tag-norge","23":"tag-norway","24":"tag-nyheter","25":"tag-overskrifter","26":"tag-sebastian-solberg","27":"tag-top-stories","28":"tag-topstories"},"share_on_mastodon":{"url":"https:\/\/pubeurope.com\/@no\/115780706025329193","error":""},"_links":{"self":[{"href":"https:\/\/www.europesays.com\/no\/wp-json\/wp\/v2\/posts\/121632","targetHints":{"allow":["GET"]}}],"collection":[{"href":"https:\/\/www.europesays.com\/no\/wp-json\/wp\/v2\/posts"}],"about":[{"href":"https:\/\/www.europesays.com\/no\/wp-json\/wp\/v2\/types\/post"}],"author":[{"embeddable":true,"href":"https:\/\/www.europesays.com\/no\/wp-json\/wp\/v2\/users\/2"}],"replies":[{"embeddable":true,"href":"https:\/\/www.europesays.com\/no\/wp-json\/wp\/v2\/comments?post=121632"}],"version-history":[{"count":0,"href":"https:\/\/www.europesays.com\/no\/wp-json\/wp\/v2\/posts\/121632\/revisions"}],"wp:featuredmedia":[{"embeddable":true,"href":"https:\/\/www.europesays.com\/no\/wp-json\/wp\/v2\/media\/121633"}],"wp:attachment":[{"href":"https:\/\/www.europesays.com\/no\/wp-json\/wp\/v2\/media?parent=121632"}],"wp:term":[{"taxonomy":"category","embeddable":true,"href":"https:\/\/www.europesays.com\/no\/wp-json\/wp\/v2\/categories?post=121632"},{"taxonomy":"post_tag","embeddable":true,"href":"https:\/\/www.europesays.com\/no\/wp-json\/wp\/v2\/tags?post=121632"}],"curies":[{"name":"wp","href":"https:\/\/api.w.org\/{rel}","templated":true}]}}