{"id":121640,"date":"2025-12-25T14:43:17","date_gmt":"2025-12-25T14:43:17","guid":{"rendered":"https:\/\/www.europesays.com\/no\/121640\/"},"modified":"2025-12-25T14:43:17","modified_gmt":"2025-12-25T14:43:17","slug":"therese-johaug-langrenn-roper-ektemannens-reaksjon-jeg-tror-kanskje-han-synes-det-er-litt-spesielt","status":"publish","type":"post","link":"https:\/\/www.europesays.com\/no\/121640\/","title":{"rendered":"Therese johaug, Langrenn | R\u00f8per ektemannens reaksjon: \u2013 Jeg tror kanskje han synes det er litt spesielt"},"content":{"rendered":"\n<p>Den pensjonerte langrennsdronningen forteller om egne juletradisjoner <a href=\"https:\/\/open.spotify.com\/show\/59jhtT6iMR2IsFXl3cq2cO\" rel=\"nofollow noopener\" target=\"_blank\">i en fersk episode av podkasten \u00abJohaug og Gukild\u00bb <\/a>som ble lagt ut 1. juledag.<\/p>\n<p>Etter \u00e5 ha feiret jul med familien til ektemannen Nils Jakob Hoff for ett \u00e5r siden, er h\u00f8ygravide Johaug og familien denne gangen i Dalsbygda sammen med langrennsprofilens far Thorvall og mor Gro.<\/p>\n<p>  <a href=\"https:\/\/www.ostlendingen.no\/80-69-163406\" class=\"related-teaser has-image default-story-teaser article--c-eRUmMG article--c-eRUmMG-jKCPdD-design-default\" rel=\"nofollow noopener\" target=\"_blank\"><\/p>\n<p>    <img decoding=\"async\" loading=\"lazy\"  src=\"https:\/\/www.europesays.com\/no\/wp-content\/uploads\/2025\/12\/1766673794_374_NTB_vlFq57EKrR0.jpg\" alt=\"\" class=\"brick-c-cFOWSL\" style=\"\"\/><\/p>\n<p>\n            Les ogs\u00e5<\/p>\n<p>              Johaug p\u00e5 lista \u2013 forberedt p\u00e5 diskusjon\n        <\/p>\n<p>  <\/a><\/p>\n<p>Der bor Johaug p\u00e5 rommet hun hadde som liten, r\u00f8per 37-\u00e5ringen.<\/p>\n<p>\u2013 Vet du hva? Jeg har et ganske kunstnerisk rom. Vi har f\u00e5tt en kunstner til \u00e5 male rommet mitt. Han har malt meg p\u00e5 veggen. Det er ikke k\u00f8dd en gang, ler Johaug i podkasten.<\/p>\n<p>\u2013 Har du et maleri av deg selv p\u00e5 barnerommet? Er ikke det litt sykt? Sp\u00f8r makker Gukild.<\/p>\n<p>\u2013 Det er et landskap, men i det landskapet er det et bilde av meg. I himmelen (i landskapet) er det en liten engel, og den er ogs\u00e5 malt for \u00e5 v\u00e6re meg, r\u00f8per Johaug.<\/p>\n<p>  <a href=\"https:\/\/www.ostlendingen.no\/80-69-162113\" class=\"related-teaser has-image default-story-teaser article--c-eRUmMG article--c-eRUmMG-jKCPdD-design-default\" rel=\"nofollow noopener\" target=\"_blank\"><\/p>\n<p>    <img decoding=\"async\" loading=\"lazy\"  src=\"https:\/\/www.europesays.com\/no\/wp-content\/uploads\/2025\/12\/johaug1.jpg\" alt=\"\" class=\"brick-c-cFOWSL\" style=\"\"\/><\/p>\n<p>\n            Les ogs\u00e5<\/p>\n<p>              Raser over nordmenns reaksjoner: \u2013 Det er ikke lov\n        <\/p>\n<p>  <\/a><\/p>\n<p>Hun f\u00e5r ogs\u00e5 sp\u00f8rsm\u00e5l om hva ektemannen tenkte da han fikk se verket.<\/p>\n<p>\u2013 Han sa \u00abja \u2026 du har deg selv p\u00e5 veggen\u00bb. Jeg tror kanskje han synes det er litt spesielt, men det er veldig fint, sier Johaug.<\/p>\n<p>37-\u00e5ringen er videre \u00e5pen om at juletradisjoner er sv\u00e6rt viktig for henne.\u00a0<\/p>\n<p>Mindre viktig ble ikke julaften da ektemannen for noen \u00e5r siden fridde nettopp den dagen.<\/p>\n<p>  <a href=\"https:\/\/www.ostlendingen.no\/80-69-159140\" class=\"related-teaser has-image default-story-teaser article--c-eRUmMG article--c-eRUmMG-jKCPdD-design-default\" rel=\"nofollow noopener\" target=\"_blank\"><\/p>\n<p>    <img decoding=\"async\" loading=\"lazy\"  src=\"https:\/\/www.europesays.com\/no\/wp-content\/uploads\/2025\/12\/80+%C3%A5r+johaug.jpg\" alt=\"\" class=\"brick-c-cFOWSL\" style=\"\"\/><\/p>\n<p>\n            Les ogs\u00e5<\/p>\n<p>              Gravid Johaug var p\u00e5 kj\u00f8pesenter under skytedrama: \u2013 Jeg var s\u00e5 redd<\/p>\n<p>  <\/a><\/p>\n<p>I disse dager venter de to sitt andre barn.\u00a0<\/p>\n<p>Johaug har termin 17. januar, men datteren Kristin kom tre uker f\u00f8r tiden.\u00a0<\/p>\n<p>Dermed kan ikke langrennsdronningen utelukke at det blir f\u00f8dsel en av juledagene.<\/p>\n<p>  <a href=\"https:\/\/www.ostlendingen.no\/80-69-140486\" class=\"related-teaser has-image default-story-teaser article--c-eRUmMG article--c-eRUmMG-jKCPdD-design-default\" rel=\"nofollow noopener\" target=\"_blank\"><\/p>\n<p>    <img decoding=\"async\" loading=\"lazy\"  src=\"https:\/\/www.europesays.com\/no\/wp-content\/uploads\/2025\/12\/NTB_JqmjggdzW-U.jpg\" alt=\"\" class=\"brick-c-cFOWSL\" style=\"\"\/><\/p>\n<p>\n            Les ogs\u00e5<\/p>\n<p>              Venter en gutt. Navnet har hun allerede avsl\u00f8rt: \u2013 Der har jeg tapt\n        <\/p>\n<p>  <\/a><\/p>\n","protected":false},"excerpt":{"rendered":"Den pensjonerte langrennsdronningen forteller om egne juletradisjoner i en fersk episode av podkasten \u00abJohaug og Gukild\u00bb som ble&hellip;\n","protected":false},"author":2,"featured_media":117253,"comment_status":"","ping_status":"","sticky":false,"template":"","format":"standard","meta":{"footnotes":""},"categories":[59],"tags":[36,410,398,30,28,29,14,2932,83,82,1510,6328],"class_list":{"0":"post-121640","1":"post","2":"type-post","3":"status-publish","4":"format-standard","5":"has-post-thumbnail","7":"category-sport","8":"tag-art","9":"tag-kultur","10":"tag-langrenn","11":"tag-no","12":"tag-norge","13":"tag-norway","14":"tag-nyheter","15":"tag-os","16":"tag-sport","17":"tag-sports","18":"tag-story","19":"tag-therese-johaug"},"share_on_mastodon":{"url":"https:\/\/pubeurope.com\/@no\/115780741453783400","error":""},"_links":{"self":[{"href":"https:\/\/www.europesays.com\/no\/wp-json\/wp\/v2\/posts\/121640","targetHints":{"allow":["GET"]}}],"collection":[{"href":"https:\/\/www.europesays.com\/no\/wp-json\/wp\/v2\/posts"}],"about":[{"href":"https:\/\/www.europesays.com\/no\/wp-json\/wp\/v2\/types\/post"}],"author":[{"embeddable":true,"href":"https:\/\/www.europesays.com\/no\/wp-json\/wp\/v2\/users\/2"}],"replies":[{"embeddable":true,"href":"https:\/\/www.europesays.com\/no\/wp-json\/wp\/v2\/comments?post=121640"}],"version-history":[{"count":0,"href":"https:\/\/www.europesays.com\/no\/wp-json\/wp\/v2\/posts\/121640\/revisions"}],"wp:featuredmedia":[{"embeddable":true,"href":"https:\/\/www.europesays.com\/no\/wp-json\/wp\/v2\/media\/117253"}],"wp:attachment":[{"href":"https:\/\/www.europesays.com\/no\/wp-json\/wp\/v2\/media?parent=121640"}],"wp:term":[{"taxonomy":"category","embeddable":true,"href":"https:\/\/www.europesays.com\/no\/wp-json\/wp\/v2\/categories?post=121640"},{"taxonomy":"post_tag","embeddable":true,"href":"https:\/\/www.europesays.com\/no\/wp-json\/wp\/v2\/tags?post=121640"}],"curies":[{"name":"wp","href":"https:\/\/api.w.org\/{rel}","templated":true}]}}