{"id":121646,"date":"2025-12-25T15:11:14","date_gmt":"2025-12-25T15:11:14","guid":{"rendered":"https:\/\/www.europesays.com\/no\/121646\/"},"modified":"2025-12-25T15:11:14","modified_gmt":"2025-12-25T15:11:14","slug":"varmeste-forjulstid-noensinne","status":"publish","type":"post","link":"https:\/\/www.europesays.com\/no\/121646\/","title":{"rendered":"Varmeste f\u00f8rjulstid noensinne"},"content":{"rendered":"<p>  Aldri har desember v\u00e6rt varmere i Oslo og Bergen &#8211; n\u00e5 varsles uv\u00e6r og skredfare i nord.<\/p>\n<p>\n    MILDT: Desembersola skinte over Frognerkilen mot Bygd\u00f8y i Oslo tidligere i desember. Foto: John Terje Pedersen \/ Dagbladet\n  <\/p>\n<p>\u00c5rets desember har s\u00e5 langt v\u00e6rt unormalt varm, med et landsgjennomsnitt p\u00e5 3,1 grader over normalen. Nedtellingen til jul har v\u00e6rt den varmeste noensinne i Oslo og Bergen.<\/p>\n<p>Det er klimaforsker Jostein Mamen ved Meteorologisk institutt som har holdt \u00f8ye med utviklingen.<\/p>\n<p class=\"font-weight-bold m-font-weight-bold\" data-lab-font_weight=\"font-weight-bold\">&#8211; Dette har v\u00e6rt den varmeste starten p\u00e5 desember m\u00e5lt noensinne i Bergen og Oslo, bekrefter vakthavende meteorolog Geir Otta Fagerlid til NTB morgenen p\u00e5 julaften.<\/p>\n<p>Det viser m\u00e5linger fra Blindern v\u00e6rstasjon i Oslo og Florida v\u00e6rstasjon i Bergen.<\/p>\n<p>        KJ\u00c6RLIGHET: P\u00e5 Vladimir Putins \u00e5rlige pressekonferanse fikk han blant annet sp\u00f8rsm\u00e5l om kj\u00e6rligheten. Video: AP. Reporter: Anabelle Bruun\/Dagbladet TV<\/p>\n<p>&#8211; Uv\u00e6rsjul\t<\/p>\n<p>Ogs\u00e5 i Nord-Norge ligger det an til varmerekorder mange steder p\u00e5 selveste julaften, som kanskje er litt uventet for mange, tror meteorologen.<\/p>\n<p>    <a itemprop=\"url\" href=\"https:\/\/www.dagbladet.no\/nyheter\/full-forvirring-er-det-sno\/84023411\" rel=\"nofollow noopener\" target=\"_blank\"><\/p>\n<p>        <img loading=\"lazy\" decoding=\"async\" src=\"https:\/\/www.europesays.com\/no\/wp-content\/uploads\/2025\/12\/84023556.webp\" width=\"980\" height=\"441\" title=\"Full forvirring: Er det sn\u00f8?\" alt=\"\" class=\"lazyload\" style=\"--aspect-ratio-image: 2.22; \"\/><\/p>\n<p>        Full forvirring: Er det sn\u00f8?<\/p>\n<p>    <\/a><\/p>\n<p>&#8211; Mange drar kanskje lenger nord i landet for \u00e5 sikre seg en hvit og kald jul, sier Fagerlid.<\/p>\n<p>Da kan man risikere \u00e5 bli skuffet.<\/p>\n<p>&#8211; I nord ser det ut som det blir uv\u00e6rsjul, bemerker meteorologen.<\/p>\n<p>Unormalt for Nord-Norge\t<\/p>\n<p>Flere steder i Nord-Norge er sn\u00f8skredfaren helt oppe p\u00e5 r\u00f8dt niv\u00e5 som f\u00f8lge av milde temperaturer og det kraftige regnv\u00e6ret.<\/p>\n<p>Samtidig ventes <a href=\"https:\/\/www.yr.no\/nb\/farevarsler\" target=\"_blank\" rel=\"nofollow noopener\">en hel rekke med farevarsler<\/a> som advarer om is-, jord-, s\u00f8rpe- og flomskredfare, i tillegg til farevarsel om flom og fare for sv\u00e6rt mye regn.\u00a0<\/p>\n<p>I Nord-Norge har det kommet inn en atmosf\u00e6risk elv, som skal vare helt til kvelden f\u00f8rste juledag.<\/p>\n<p>&#8211; Det er ganske spesielt, og noe vi som oftest ser lenger s\u00f8r i landet, sier meteorologen.<\/p>\n<p>If\u00f8lge Store norske leksikon er atmosf\u00e6riske elver lange transport\u00e5rer for vanndamp i luften over oss. Noen ganger stopper de opp og medf\u00f8rer store mengder nedb\u00f8r over lengre tid.<\/p>\n<p>Sist det samme fenomenet oppsto i nord, var i mars 2022.<\/p>\n<p>    <a itemprop=\"url\" href=\"https:\/\/www.dagbladet.no\/nyheter\/her-blir-det-trokk\/84022660\" rel=\"nofollow noopener\" target=\"_blank\"><\/p>\n<p>        <img loading=\"lazy\" decoding=\"async\" src=\"https:\/\/www.europesays.com\/no\/wp-content\/uploads\/2025\/12\/1766675473_44_84022732.webp\" width=\"980\" height=\"441\" title=\"- Her blir det tr\u00f8kk\" alt=\"\" class=\"lazyload\" style=\"--aspect-ratio-image: 2.22; \"\/><\/p>\n<p>        &#8211; Her blir det tr\u00f8kk<\/p>\n<p>    <\/a><\/p>\n<p>Kan bli desemberrekord i Oslo\t<\/p>\n<p>Da man n\u00e5dde halvveis i desember, ble det varslet at det kunne ligge an til varmerekord for hele m\u00e5neden i hovedstaden. Det kan det fortsatt bli, bekrefter meteorologen.<\/p>\n<p>Den forrige rekorden ble satt i 2006, hvor gjennomsnittstemperaturen var p\u00e5 2,4. S\u00e5 langt i \u00e5r ligger gjennomsnittstemperaturen p\u00e5 4 grader.<\/p>\n<p>        <img loading=\"lazy\" decoding=\"async\" src=\"https:\/\/www.europesays.com\/no\/wp-content\/uploads\/2025\/12\/84025217.webp\" width=\"667\" height=\"381\" title=\"INGEN HVIT JUL: Det er lite sn\u00f8 i Oslo p\u00e5 julaften. Foto: Thomas Fure \/ NTB\" alt=\"\" class=\"\" style=\"--aspect-ratio-image: 1.75; \"\/><\/p>\n<p>\n        INGEN HVIT JUL: Det er lite sn\u00f8 i Oslo p\u00e5 julaften. Foto: Thomas Fure \/ NTB\n    <\/p>\n<p>Selv om det aldri har v\u00e6rt s\u00e5 varmt i Bergen i starten av desember f\u00f8r, s\u00e5 kan det ta seg opp igjen.<\/p>\n<p>&#8211; Det er meldt lite mildv\u00e6r framover, s\u00e5 det kan v\u00e6re rekorden i Bergen ryker, sier Fagerlid.<\/p>\n<p>Om det blir tidenes varmeste desember, gjenst\u00e5r alts\u00e5 \u00e5 se.<\/p>\n","protected":false},"excerpt":{"rendered":"Aldri har desember v\u00e6rt varmere i Oslo og Bergen &#8211; n\u00e5 varsles uv\u00e6r og skredfare i nord. MILDT:&hellip;\n","protected":false},"author":2,"featured_media":121647,"comment_status":"","ping_status":"","sticky":false,"template":"","format":"standard","meta":{"footnotes":""},"categories":[10],"tags":[20,21,24,25,15,2539,22,23,13,30,28,29,14,16,26,27],"class_list":{"0":"post-121646","1":"post","2":"type-post","3":"status-publish","4":"format-standard","5":"has-post-thumbnail","7":"category-norge","8":"tag-breaking-news","9":"tag-breakingnews","10":"tag-featured-news","11":"tag-featurednews","12":"tag-headlines","13":"tag-innenriks","14":"tag-latest-news","15":"tag-latestnews","16":"tag-news","17":"tag-no","18":"tag-norge","19":"tag-norway","20":"tag-nyheter","21":"tag-overskrifter","22":"tag-top-stories","23":"tag-topstories"},"share_on_mastodon":{"url":"https:\/\/pubeurope.com\/@no\/115780851315684962","error":""},"_links":{"self":[{"href":"https:\/\/www.europesays.com\/no\/wp-json\/wp\/v2\/posts\/121646","targetHints":{"allow":["GET"]}}],"collection":[{"href":"https:\/\/www.europesays.com\/no\/wp-json\/wp\/v2\/posts"}],"about":[{"href":"https:\/\/www.europesays.com\/no\/wp-json\/wp\/v2\/types\/post"}],"author":[{"embeddable":true,"href":"https:\/\/www.europesays.com\/no\/wp-json\/wp\/v2\/users\/2"}],"replies":[{"embeddable":true,"href":"https:\/\/www.europesays.com\/no\/wp-json\/wp\/v2\/comments?post=121646"}],"version-history":[{"count":0,"href":"https:\/\/www.europesays.com\/no\/wp-json\/wp\/v2\/posts\/121646\/revisions"}],"wp:featuredmedia":[{"embeddable":true,"href":"https:\/\/www.europesays.com\/no\/wp-json\/wp\/v2\/media\/121647"}],"wp:attachment":[{"href":"https:\/\/www.europesays.com\/no\/wp-json\/wp\/v2\/media?parent=121646"}],"wp:term":[{"taxonomy":"category","embeddable":true,"href":"https:\/\/www.europesays.com\/no\/wp-json\/wp\/v2\/categories?post=121646"},{"taxonomy":"post_tag","embeddable":true,"href":"https:\/\/www.europesays.com\/no\/wp-json\/wp\/v2\/tags?post=121646"}],"curies":[{"name":"wp","href":"https:\/\/api.w.org\/{rel}","templated":true}]}}