{"id":121654,"date":"2025-12-25T15:33:47","date_gmt":"2025-12-25T15:33:47","guid":{"rendered":"https:\/\/www.europesays.com\/no\/121654\/"},"modified":"2025-12-25T15:33:47","modified_gmt":"2025-12-25T15:33:47","slug":"kommentar-jul-de-bla-englenes-julaften","status":"publish","type":"post","link":"https:\/\/www.europesays.com\/no\/121654\/","title":{"rendered":"Kommentar, Jul | De bl\u00e5 englenes julaften"},"content":{"rendered":"\n<p><b>Det betyr ogs\u00e5 at mange <\/b>ikke f\u00e5r feiret jul sammen med sine kj\u00e6re. For sykehusene kan ikke stenge, hjemmesykepleierne m\u00e5 ta runden sin, politi og brannmannskap m\u00e5 ha sine vakter for \u00e5 sikre oss at de er der hvis vi trenger dem.<\/p>\n<p>S\u00e5 hvem er disse juledagsheltene v\u00e5re, som jobber og holder hjulene i gang mens vi stresser rundt i ribbeos, r\u00f8dvinssl\u00f8r og holder svigermor p\u00e5 en armlengdes avstand?<\/p>\n<p><b>170.000 arbeidstakere jobber p\u00e5 julaften.<\/b> Det er sykepleiere, helsearbeidere, politi, brannmannskap og redningsarbeidere. S\u00e5 har vi de som jobber med transport for blant annet \u00e5 kj\u00f8re oss til og fra juleselskapene, matbutikkene som holder lenger \u00e5pent og tar nesten ikke fri for \u00e5 s\u00f8rge for at vi f\u00e5r tak i den fl\u00f8ten vi glemte \u00e5 kj\u00f8pe like f\u00f8r jula ringes inn. Og noe navlebeskuende \u2013 oss i media som s\u00f8rger for at du blir oppdatert hvis det skjer noe viktig utenfor din stued\u00f8r. N\u00f8kkelpersonell som gj\u00f8r sitt til at samfunnet fungerer selv om de fleste av oss unner oss noen dager fri og nyter h\u00f8ytiden.<\/p>\n<p>For meg er de aller st\u00f8rste heltene de som gir omsorg og pleie til de syke og gamle. Turnusarbeiderne som jobber lange \u00f8kter for \u00e5 holde oss friske, steller oss, gir omsorg og pleie, og kanskje et vennlig klapp p\u00e5 kinnet.<\/p>\n<p><b>I sommer mistet jeg min far.<\/b> Han bodde sine siste leve\u00e5r p\u00e5 Breidablikktunet i Levanger. Han hadde alzheimers og var sv\u00e6rt pleietrengende. Men han visste hvem vi n\u00e6rmeste var og uttrykte glede n\u00e5r han fikk bes\u00f8k. Juleh\u00f8ytiden var alltid de verste. B\u00e5de for oss som satt hjemme og for han som n\u00e5 bodde p\u00e5 institusjon. \u00c5 ikke kunne feire jul sammen, var s\u00e5rt og vanskelig. Hans helsetilstand gjorde det umulig for oss \u00e5 ta han hjem. Vi gjorde stundene sammen s\u00e5 hyggelig som mulig, men det f\u00f8ltes vondt \u00e5 forlate han n\u00e5r kirkeklokkene ringte inn.<\/p>\n<p><b>Her kommer englene<\/b> i sine bl\u00e5 drakter seilende inn. De som jobber n\u00e5r vi andre har fri. Kanskje ikke like frivillig, men med en arbeidsmoral som gj\u00f8r sitt til at vi som p\u00e5r\u00f8rende vet at dette blir en fin julaften, selv om vi ikke er sammen. Med smil og omsorg steller de rundt beboerne. Pynter dem opp i sin fineste stas, triller dem inn til juledekket bord, levende lys og fjernsynets julemusikk som bakgrunnsst\u00f8y. Skjenker en akevitt eller \u00f8l til de som vil ha, hjelper dem med \u00e5 f\u00e5 i seg juleribba og medisterkakene p\u00e5 anstendig vis og h\u00f8rer p\u00e5 alle brokete og forvirrede historiene som dukker opp i disse gamle menneskenes minnebok. Stryker, klapper, avleder n\u00e5r lengselen blir for stor. Alt dette mens deres egen familie feirer jul uten dem. Turnusarbeiderne. Helsearbeiderne p\u00e5 sykehus og p\u00e5 utallige sykehjem, hjemmesykepleien som har altfor mange p\u00e5 lista si, men som gj\u00f8r s\u00e5 godt de kan. For \u00e5 gi omsorg og pleie for de som trenger det mest.<\/p>\n<p><b>Det er mange av oss<\/b> som er dem evig takknemlig for at de er der. Vi vet at ressursene er knappe, og at det dessverre finnes eksempler p\u00e5 at det blir liten tid til hygge og omsorg. Men helsesystemet v\u00e5rt gj\u00f8r sitt til at de som trenger det mest f\u00e5r den hjelpen de skal ha, og i v\u00e5rt tilfelle veldig mye mer. Og jeg er glad at vi har et storsamfunn som legger til rette for disse tjenestene.<\/p>\n<p><b>I disse dager <\/b>blir jeg p\u00e5minnet at det blir f\u00f8rste julen uten familiens bauta. Men midt oppe i dette savnet dukker det opp et minne som har brent seg fast i meg. Fra nettopp forrige juleh\u00f8ytid. Pappa i hvit skjorte og slips, godt plantet i rullestolen sin, p\u00e5 sin vante plass i stua p\u00e5 Breidablikk, og ved siden av sitter en trygg og kjent pleier i bl\u00e5 drakt. Han holder pappas h\u00e5nd og nikker mot meg: \u00abBare g\u00e5 du \u2013 dette skal g\u00e5 bra\u00bb, og pappa som smiler, l\u00f8fter h\u00e5nden til et lite vink mens han hvisker \u00abGod jul\u00bb.<\/p>\n<p><b>Med dette \u00f8nsker jeg alle ei riktig god jul.<\/b> Og en spesiell hilsen til alle de som jobber. Med h\u00e5p om at det blir noen timer fri til kos og hygge med n\u00e6re og kj\u00e6re.<\/p>\n","protected":false},"excerpt":{"rendered":"Det betyr ogs\u00e5 at mange ikke f\u00e5r feiret jul sammen med sine kj\u00e6re. For sykehusene kan ikke stenge,&hellip;\n","protected":false},"author":2,"featured_media":121655,"comment_status":"","ping_status":"","sticky":false,"template":"","format":"standard","meta":{"footnotes":""},"categories":[10],"tags":[36,20,21,24,25,15,736,5593,266,22,23,13,30,28,29,14,1533,16,26,27],"class_list":{"0":"post-121654","1":"post","2":"type-post","3":"status-publish","4":"format-standard","5":"has-post-thumbnail","7":"category-norge","8":"tag-art","9":"tag-breaking-news","10":"tag-breakingnews","11":"tag-featured-news","12":"tag-featurednews","13":"tag-headlines","14":"tag-helse","15":"tag-jul","16":"tag-kommentar","17":"tag-latest-news","18":"tag-latestnews","19":"tag-news","20":"tag-no","21":"tag-norge","22":"tag-norway","23":"tag-nyheter","24":"tag-opinion","25":"tag-overskrifter","26":"tag-top-stories","27":"tag-topstories"},"share_on_mastodon":{"url":"https:\/\/pubeurope.com\/@no\/115780941434031050","error":""},"_links":{"self":[{"href":"https:\/\/www.europesays.com\/no\/wp-json\/wp\/v2\/posts\/121654","targetHints":{"allow":["GET"]}}],"collection":[{"href":"https:\/\/www.europesays.com\/no\/wp-json\/wp\/v2\/posts"}],"about":[{"href":"https:\/\/www.europesays.com\/no\/wp-json\/wp\/v2\/types\/post"}],"author":[{"embeddable":true,"href":"https:\/\/www.europesays.com\/no\/wp-json\/wp\/v2\/users\/2"}],"replies":[{"embeddable":true,"href":"https:\/\/www.europesays.com\/no\/wp-json\/wp\/v2\/comments?post=121654"}],"version-history":[{"count":0,"href":"https:\/\/www.europesays.com\/no\/wp-json\/wp\/v2\/posts\/121654\/revisions"}],"wp:featuredmedia":[{"embeddable":true,"href":"https:\/\/www.europesays.com\/no\/wp-json\/wp\/v2\/media\/121655"}],"wp:attachment":[{"href":"https:\/\/www.europesays.com\/no\/wp-json\/wp\/v2\/media?parent=121654"}],"wp:term":[{"taxonomy":"category","embeddable":true,"href":"https:\/\/www.europesays.com\/no\/wp-json\/wp\/v2\/categories?post=121654"},{"taxonomy":"post_tag","embeddable":true,"href":"https:\/\/www.europesays.com\/no\/wp-json\/wp\/v2\/tags?post=121654"}],"curies":[{"name":"wp","href":"https:\/\/api.w.org\/{rel}","templated":true}]}}