{"id":121669,"date":"2025-12-25T15:54:15","date_gmt":"2025-12-25T15:54:15","guid":{"rendered":"https:\/\/www.europesays.com\/no\/121669\/"},"modified":"2025-12-25T15:54:15","modified_gmt":"2025-12-25T15:54:15","slug":"vi-foler-med-alle-de-som-er-berort","status":"publish","type":"post","link":"https:\/\/www.europesays.com\/no\/121669\/","title":{"rendered":"\u2013 Vi f\u00f8ler med alle de som er ber\u00f8rt"},"content":{"rendered":"\n<p class=\"_lead_o9xde_2 _lead_xtcu6_50 layout-component text-serif-m layout-normal text-serif-l layout-component layout-wide layout-padded _wide_17hqh_1 layout-padded\">En dr\u00f8y m\u00e5ned f\u00f8r rettssaken mot Marius Borg H\u00f8iby sier kong Harald at han f\u00f8ler med alle involverte i saken.<\/p>\n<p> <img class=\"_image_qp4xg_65 layout-component layout-wide\" data-fullscreen- data-track-element-type=\"Article image fullscreen\" data-track-name=\"ImageFullscreen\" fetchpriority=\"high\" decoding=\"sync\" loading=\"eager\" height=\"181\" itemprop=\"image\"  src=\"https:\/\/www.europesays.com\/no\/wp-content\/uploads\/2025\/12\/e737e333e52d5cafb49316cda80a37c6.jpg\"  style=\"object-position:50% 50%;aspect-ratio:1.75;height:auto;object-fit:cover;width:100%\" width=\"102\"\/>  <\/p>\n<ul aria-hidden=\"true\" class=\"_images_ntbth_112\">\n<li><a class=\"_link_ntbth_117\" href=\"https:\/\/www.vg.no\/forfatter\/eiliv-frich-flydal\" style=\"z-index:1\" title=\"Eiliv Frich Flydal\" rel=\"nofollow noopener\" target=\"_blank\"><img alt=\"Bilde av Eiliv Frich Flydal\" class=\"_image_ntbth_93\" fetchpriority=\"low\" loading=\"lazy\" decoding=\"async\" itemprop=\"image\"  src=\"https:\/\/www.europesays.com\/no\/wp-content\/uploads\/2025\/12\/1766678055_790_e2127855-a240-4b39-8e43-3ff05ec1f30a\"  width=\"480\"\/><\/a><\/li>\n<\/ul>\n<p> Oppdatert torsdag 25. desember kl. 15:11     <\/p>\n<p class=\"_paragraph_o9xde_4 _paragraph_xtcu6_10 layout-component text-serif-m layout-normal text-serif-m layout-padded\">\u2013 Samtidig vil jeg si at vi f\u00f8ler med alle de som er ber\u00f8rt. Ikke bare i v\u00e5r egen familie, men ogs\u00e5 alle andre som er ber\u00f8rt. Vi f\u00f8ler med dem og h\u00e5per de har det bra og f\u00e5r det bedre etter rettssaken, sier <a href=\"https:\/\/www.vg.no\/tag\/kong-harald?utm_source=vg-article&amp;utm_medium=auto-tagger&amp;utm_campaign=RjRo4d\" class=\"_link_o9xde_39\" rel=\"nofollow noopener\" target=\"_blank\">kong Harald<\/a> i et ferskt <a href=\"https:\/\/www.nrk.no\/norge\/xl\/kong-harald_-_-haper-de-berorte-far-det-bedre-etter-rettssaken-1.17696238#authors--expand\" class=\"_link_o9xde_39\" rel=\"nofollow noopener\" target=\"_blank\">intervju<\/a> med NRK.<\/p>\n<p class=\"_paragraph_o9xde_4 _paragraph_xtcu6_10 layout-component text-serif-m layout-normal text-serif-m layout-padded\">Intervjuet er gitt i forbindelse med TV-kanalens program \u00ab\u00c5ret med kongefamilien\u00bb, der de kongelige stiller opp og forteller om sine profesjonelle og private liv. <\/p>\n<p class=\"_paragraph_o9xde_4 _paragraph_xtcu6_10 layout-component text-serif-m layout-normal text-serif-m layout-padded\">Et av temaene i programmet er rettssaken mot kronprinsesse Mette-Marits s\u00f8nn, Marius Borg H\u00f8iby, i februar.<\/p>\n<p>\u2013 I domstolens hender<\/p>\n<p class=\"_paragraph_o9xde_4 _paragraph_xtcu6_10 layout-component text-serif-m layout-normal text-serif-m layout-padded\">Han er blant annet tiltalt for <a href=\"https:\/\/www.vg.no\/rampelys\/i\/wgWo1o\/hoeiby-saken-innkalling-til-presseorientering-om-avgjoerelse-av-tiltalespoersmaal\" data-track-element-type=\"Link\" data-track-id=\"link:wgWo1o\" class=\"_link_o9xde_39\" rel=\"nofollow noopener\" target=\"_blank\">fire voldtekter<\/a>, mishandling i n\u00e6re relasjoner, skadeverk og \u00e5 filme underlivet til kvinner uten deres samtykke.<\/p>\n<p class=\"_paragraph_o9xde_4 _paragraph_xtcu6_10 layout-component text-serif-m layout-normal text-serif-m layout-padded\">\u2013 Det er noe det ikke er mulig \u00e5 forberede seg p\u00e5, tror jeg, sier kong Harald til NRK om rettssaken.<\/p>\n<p class=\"_paragraph_o9xde_4 _paragraph_xtcu6_10 layout-component text-serif-m layout-normal text-serif-m layout-padded\">\u2013 Men n\u00e5 er dette i domstolens hender, og rettssaken er berammet. Den kommer til \u00e5 g\u00e5 sin gang. S\u00e5 f\u00e5r vi ta det som kommer, sier han videre.<\/p>\n<p>Ut mot kritikk<\/p>\n<p class=\"_paragraph_o9xde_4 _paragraph_xtcu6_10 layout-component text-serif-m layout-normal text-serif-m layout-padded\">I opptaket til TV-programmet g\u00e5r kronprinsesse Mette-Marit ut mot kritikk \u00abfor hvordan vi har h\u00e5ndtert det som foreldre\u00bb.<\/p>\n<p class=\"_paragraph_o9xde_4 _paragraph_xtcu6_10 layout-component text-serif-m layout-normal text-serif-m layout-padded\">\u2013 Jeg synes det har v\u00e6rt ganske krevende \u00e5 bli beskyldt for s\u00e5pass alvorlige ting, som jeg selvf\u00f8lgelig ikke har gjort, sier kronprinsesse Mette-Marit.<\/p>\n<p class=\"_paragraph_o9xde_4 _paragraph_xtcu6_10 layout-component text-serif-m layout-normal text-serif-m layout-padded\">\u2013 Det jeg kanskje blir mest lei meg for, er jo \u00e5 bli kritisert for hvordan vi har h\u00e5ndtert det som foreldre. At vi ikke har tatt det p\u00e5 alvor. Det synes jeg er vanskelig.<\/p>\n<p class=\"_paragraph_o9xde_4 _paragraph_xtcu6_10 layout-component text-serif-m layout-normal text-serif-m layout-padded\">Hun vil ikke g\u00e5 n\u00e6rmere inn p\u00e5 n\u00f8yaktig hvilken kritikk hun avviser.<\/p>\n<p class=\"_paragraph_o9xde_4 _paragraph_xtcu6_10 layout-component text-serif-m layout-normal text-serif-m layout-padded\">I den ferske boken \u00abUte av kontroll\u00bb, fremmes <a href=\"https:\/\/www.vg.no\/nyheter\/i\/4BnlyV\/kommentar-se-og-hoers-marius-bok-er-skandaloes\" data-track-element-type=\"Link\" data-track-id=\"link:4BnlyV\" class=\"_link_o9xde_39\" rel=\"nofollow noopener\" target=\"_blank\">kritikk<\/a> mot Mette-Marit og hvordan hun har oppdratt s\u00f8nnen og fulgt ham opp f\u00f8r han ble siktet for overgrepene.<\/p>\n","protected":false},"excerpt":{"rendered":"En dr\u00f8y m\u00e5ned f\u00f8r rettssaken mot Marius Borg H\u00f8iby sier kong Harald at han f\u00f8ler med alle involverte&hellip;\n","protected":false},"author":2,"featured_media":121670,"comment_status":"","ping_status":"","sticky":false,"template":"","format":"standard","meta":{"footnotes":""},"categories":[10],"tags":[20,21,24,25,15,2590,22,23,13,30,28,29,14,16,26,27],"class_list":{"0":"post-121669","1":"post","2":"type-post","3":"status-publish","4":"format-standard","5":"has-post-thumbnail","7":"category-norge","8":"tag-breaking-news","9":"tag-breakingnews","10":"tag-featured-news","11":"tag-featurednews","12":"tag-headlines","13":"tag-kong-harald","14":"tag-latest-news","15":"tag-latestnews","16":"tag-news","17":"tag-no","18":"tag-norge","19":"tag-norway","20":"tag-nyheter","21":"tag-overskrifter","22":"tag-top-stories","23":"tag-topstories"},"share_on_mastodon":{"url":"https:\/\/pubeurope.com\/@no\/115781020595917004","error":""},"_links":{"self":[{"href":"https:\/\/www.europesays.com\/no\/wp-json\/wp\/v2\/posts\/121669","targetHints":{"allow":["GET"]}}],"collection":[{"href":"https:\/\/www.europesays.com\/no\/wp-json\/wp\/v2\/posts"}],"about":[{"href":"https:\/\/www.europesays.com\/no\/wp-json\/wp\/v2\/types\/post"}],"author":[{"embeddable":true,"href":"https:\/\/www.europesays.com\/no\/wp-json\/wp\/v2\/users\/2"}],"replies":[{"embeddable":true,"href":"https:\/\/www.europesays.com\/no\/wp-json\/wp\/v2\/comments?post=121669"}],"version-history":[{"count":0,"href":"https:\/\/www.europesays.com\/no\/wp-json\/wp\/v2\/posts\/121669\/revisions"}],"wp:featuredmedia":[{"embeddable":true,"href":"https:\/\/www.europesays.com\/no\/wp-json\/wp\/v2\/media\/121670"}],"wp:attachment":[{"href":"https:\/\/www.europesays.com\/no\/wp-json\/wp\/v2\/media?parent=121669"}],"wp:term":[{"taxonomy":"category","embeddable":true,"href":"https:\/\/www.europesays.com\/no\/wp-json\/wp\/v2\/categories?post=121669"},{"taxonomy":"post_tag","embeddable":true,"href":"https:\/\/www.europesays.com\/no\/wp-json\/wp\/v2\/tags?post=121669"}],"curies":[{"name":"wp","href":"https:\/\/api.w.org\/{rel}","templated":true}]}}