{"id":12167,"date":"2025-08-19T11:32:09","date_gmt":"2025-08-19T11:32:09","guid":{"rendered":"https:\/\/www.europesays.com\/no\/12167\/"},"modified":"2025-08-19T11:32:09","modified_gmt":"2025-08-19T11:32:09","slug":"godtar-knockout-forbud-i-showkampen-mellom-klemetsen-og-loke","status":"publish","type":"post","link":"https:\/\/www.europesays.com\/no\/12167\/","title":{"rendered":"Godtar knockout-forbud i showkampen mellom Klemetsen og L\u00f8ke"},"content":{"rendered":"\n<p class=\"_lead_1bvmi_2 _lead_xtcu6_50 layout-component text-serif-m layout-normal text-serif-l layout-component layout-wide layout-padded _wide_17hqh_1 layout-padded\">Arrang\u00f8ren garanterer at boksekampen mellom de to idrettsprofilene skjer uten at det blir avgjort med knockout mot hodet.<\/p>\n<p><img alt=\"\" class=\"_image_qp4xg_65 layout-component layout-wide\" data-fullscreen- data-track-element-type=\"Article image fullscreen\" data-track-name=\"ImageFullscreen\" fetchpriority=\"high\" decoding=\"sync\" loading=\"eager\" height=\"1668\" itemprop=\"image\"  src=\"https:\/\/www.europesays.com\/no\/wp-content\/uploads\/2025\/08\/1de13415-968a-4da2-ae72-1646270b5a2a\"  style=\"object-position:0% 0%\" width=\"2500\"\/><\/p>\n<ul aria-hidden=\"true\" class=\"_images_1y6fe_106\">\n<li><a class=\"_link_1y6fe_111\" href=\"https:\/\/www.vg.no\/forfatter\/per-opsahl\" style=\"z-index:2\" title=\"Per Opsahl\" rel=\"nofollow noopener\" target=\"_blank\"><img alt=\"Bilde av Per Opsahl\" class=\"_image_1y6fe_88\" fetchpriority=\"low\" loading=\"lazy\" decoding=\"async\" itemprop=\"image\"  src=\"https:\/\/www.europesays.com\/no\/wp-content\/uploads\/2025\/08\/1755603128_882_66d2bf0a-e0a8-491f-ade2-e848104671c4\"  width=\"480\"\/><\/a><\/li>\n<li><a class=\"_link_1y6fe_111\" href=\"https:\/\/www.vg.no\/forfatter\/oeyvind-herrebroeden\" style=\"z-index:1\" title=\"\u00d8yvind Herrebr\u00f8den\" rel=\"nofollow noopener\" target=\"_blank\"><img alt=\"Bilde av \u00d8yvind Herrebr\u00f8den\" class=\"_image_1y6fe_88\" fetchpriority=\"low\" loading=\"lazy\" decoding=\"async\" itemprop=\"image\"  src=\"https:\/\/www.europesays.com\/no\/wp-content\/uploads\/2025\/08\/8bb7c2c0-7083-4b77-a732-7b476449021f\"  width=\"480\"\/><\/a><\/li>\n<\/ul>\n<p> Oppdatert tirsdag 19. august kl. 13:08     <\/p>\n<p class=\"_paragraph_1bvmi_4 _paragraph_xtcu6_10 layout-component text-serif-m layout-normal text-serif-m layout-padded\">I en pressemelding tirsdag skriver arrang\u00f8r Rune Bjerga at de im\u00f8tekommer og aksepterer kravet om at en kamp m\u00e5 ha godkjenning for \u00e5 kunne avgj\u00f8res p\u00e5 knockout. <\/p>\n<p class=\"_paragraph_1bvmi_4 _paragraph_xtcu6_10 layout-component text-serif-m layout-normal text-serif-m layout-padded\">Denne godkjenningen er ikke blitt s\u00f8kt om. F\u00f8lgelig har <a href=\"https:\/\/www.vg.no\/sport\/i\/Gyd8VV\/mangler-tillatelse-boksekampen-mellom-loeke-og-klemetsen-kan-bli-stoppet\" data-track-element-type=\"Link\" data-track-id=\"link:Gyd8VV\" class=\"_link_1bvmi_39\" rel=\"nofollow noopener\" target=\"_blank\">ikke kampen f\u00e5tt denne<\/a>.<\/p>\n<p class=\"_paragraph_1bvmi_4 _paragraph_xtcu6_10 layout-component text-serif-m layout-normal text-serif-m layout-padded\">\u2013 Vi er selvsagt opptatt av \u00e5 f\u00f8lge norsk lov, skriver arrang\u00f8ren.<\/p>\n<p class=\"_paragraph_1bvmi_4 _paragraph_xtcu6_10 layout-component text-serif-m layout-normal text-serif-m layout-padded\"><a href=\"https:\/\/www.regjeringen.no\/no\/dokumenter\/Knockoutloven-\/id600679\/\" class=\"_link_1bvmi_39\" rel=\"nofollow noopener\" target=\"_blank\">Knockoutloven<\/a> g\u00e5r ut p\u00e5 at \u00aben deltager m\u00e5 avbryte kampen p\u00e5 grunn av st\u00f8t mot hodet.\u00bb<\/p>\n<p class=\"_paragraph_1bvmi_4 _paragraph_xtcu6_10 layout-component text-serif-m layout-normal text-serif-m layout-padded\">\u2013 Kampleder og ut\u00f8verne vil forholde seg til dette. Det finnes lite <a href=\"https:\/\/www.vg.no\/tag\/ole-klemetsen?utm_source=vg-article&amp;utm_medium=auto-tagger&amp;utm_campaign=alA67a\" class=\"_link_1bvmi_39\" rel=\"nofollow noopener\" target=\"_blank\">Ole Klemetsen<\/a> og Frank L\u00f8ke er enige om, men begge mener de selv skal vinne uten \u00e5 sl\u00e5 knockout mot hodet, heter det i pressemeldingen.<\/p>\n<p class=\"_paragraph_1bvmi_4 _paragraph_xtcu6_10 layout-component text-serif-m layout-normal text-serif-m layout-padded\">Godkjenningsnemdas leder Morten Justad Johnsen bekreftet tidligere denne m\u00e5neden at arrang\u00f8ren ikke hadde sendt inn s\u00f8knad om \u00e5 f\u00e5 godkjenning til \u00e5 avgj\u00f8re kampen p\u00e5 knockout. <\/p>\n<p class=\"_paragraph_1bvmi_4 _paragraph_xtcu6_10 layout-component text-serif-m layout-normal text-serif-m layout-padded\">Dermed var kampen i strid med norsk lov, if\u00f8lge Justad Johnsen.<\/p>\n<p class=\"_paragraph_1bvmi_4 _paragraph_xtcu6_10 layout-component text-serif-m layout-normal text-serif-m layout-padded\">Kampen sendes p\u00e5 VG+ Sport og g\u00e5r i Stavanger 20. september.<\/p>\n<p class=\"_paragraph_1bvmi_4 _paragraph_xtcu6_10 layout-component text-serif-m layout-normal layout-padded\"><strong class=\"_strong_1bvmi_25\">Les ogs\u00e5:<\/strong> <a href=\"https:\/\/www.vg.no\/i\/Gyd8VV\" data-track-element-type=\"Link\" data-track-id=\"link:Gyd8VV\" class=\"_link_1bvmi_39\" rel=\"nofollow noopener\" target=\"_blank\">Risikerer fengsel og b\u00f8ter: Boksekampen mellom L\u00f8ke og Klemetsen mangler knockout-godkjenning<\/a><\/p>\n","protected":false},"excerpt":{"rendered":"Arrang\u00f8ren garanterer at boksekampen mellom de to idrettsprofilene skjer uten at det blir avgjort med knockout mot hodet.&hellip;\n","protected":false},"author":2,"featured_media":12168,"comment_status":"","ping_status":"","sticky":false,"template":"","format":"standard","meta":{"footnotes":""},"categories":[59],"tags":[1561,30,28,29,1562,83,82],"class_list":{"0":"post-12167","1":"post","2":"type-post","3":"status-publish","4":"format-standard","5":"has-post-thumbnail","7":"category-sport","8":"tag-frank-loke","9":"tag-no","10":"tag-norge","11":"tag-norway","12":"tag-ole-klemetsen","13":"tag-sport","14":"tag-sports"},"share_on_mastodon":{"url":"","error":""},"_links":{"self":[{"href":"https:\/\/www.europesays.com\/no\/wp-json\/wp\/v2\/posts\/12167","targetHints":{"allow":["GET"]}}],"collection":[{"href":"https:\/\/www.europesays.com\/no\/wp-json\/wp\/v2\/posts"}],"about":[{"href":"https:\/\/www.europesays.com\/no\/wp-json\/wp\/v2\/types\/post"}],"author":[{"embeddable":true,"href":"https:\/\/www.europesays.com\/no\/wp-json\/wp\/v2\/users\/2"}],"replies":[{"embeddable":true,"href":"https:\/\/www.europesays.com\/no\/wp-json\/wp\/v2\/comments?post=12167"}],"version-history":[{"count":0,"href":"https:\/\/www.europesays.com\/no\/wp-json\/wp\/v2\/posts\/12167\/revisions"}],"wp:featuredmedia":[{"embeddable":true,"href":"https:\/\/www.europesays.com\/no\/wp-json\/wp\/v2\/media\/12168"}],"wp:attachment":[{"href":"https:\/\/www.europesays.com\/no\/wp-json\/wp\/v2\/media?parent=12167"}],"wp:term":[{"taxonomy":"category","embeddable":true,"href":"https:\/\/www.europesays.com\/no\/wp-json\/wp\/v2\/categories?post=12167"},{"taxonomy":"post_tag","embeddable":true,"href":"https:\/\/www.europesays.com\/no\/wp-json\/wp\/v2\/tags?post=12167"}],"curies":[{"name":"wp","href":"https:\/\/api.w.org\/{rel}","templated":true}]}}