{"id":121673,"date":"2025-12-25T15:56:14","date_gmt":"2025-12-25T15:56:14","guid":{"rendered":"https:\/\/www.europesays.com\/no\/121673\/"},"modified":"2025-12-25T15:56:14","modified_gmt":"2025-12-25T15:56:14","slug":"johaug-jul-johaug-har-veggmaleri-av-seg-selv-pa-jenterommet-roper-ektemannens-reaksjon","status":"publish","type":"post","link":"https:\/\/www.europesays.com\/no\/121673\/","title":{"rendered":"Johaug, Jul | Johaug har veggmaleri av seg selv p\u00e5 jenterommet \u2013 r\u00f8per ektemannens reaksjon"},"content":{"rendered":"\n<p>Den pensjonerte langrennsdronningen forteller om egne juletradisjoner <a href=\"https:\/\/open.spotify.com\/show\/59jhtT6iMR2IsFXl3cq2cO\" rel=\"nofollow noopener\" target=\"_blank\">i en fersk episode av podkasten \u00abJohaug og Gukild\u00bb <\/a> som ble lagt ut 1. juledag.<\/p>\n<p>Etter \u00e5 ha feiret jul med familien til ektemannen Nils Jakob Hoff for ett \u00e5r siden, er h\u00f8ygravide Johaug og familien denne gangen i Dalsbygda sammen med langrennsprofilens far Thorvall og mor Gro.<\/p>\n<p>Der bor Johaug p\u00e5 rommet hun hadde som liten, r\u00f8per 37-\u00e5ringen.<\/p>\n<p>\u2013 Vet du hva? Jeg har et ganske kunstnerisk rom. Vi har f\u00e5tt en kunstner til \u00e5 male rommet mitt. Han har malt meg p\u00e5 veggen. Det er ikke k\u00f8dd en gang, ler Johaug i podkasten.<\/p>\n<p>\u2013 Har du et maleri av deg selv p\u00e5 barnerommet? Er ikke det litt sykt? Sp\u00f8r makker Gukild. <\/p>\n<p>\u2013 Det er et landskap, men i det landskapet er det et bilde av meg. I himmelen (i landskapet) er det en liten engel, og den er ogs\u00e5 malt for \u00e5 v\u00e6re meg, r\u00f8per Johaug.<\/p>\n<p>Hun f\u00e5r ogs\u00e5 sp\u00f8rsm\u00e5l om hva ektemannen tenkte da han fikk se verket.<\/p>\n<p>\u2013 Han sa \u00abja \u2026 du har deg selv p\u00e5 veggen\u00bb. Jeg tror kanskje han synes det er litt spesielt, men det er veldig fint, sier Johaug.<\/p>\n<p>37-\u00e5ringen er videre \u00e5pen om at juletradisjoner er sv\u00e6rt viktig for henne. Mindre viktig ble ikke julaften da ektemannen for noen \u00e5r siden fridde nettopp den dagen.<\/p>\n<p>I disse dager venter de to sitt andre barn. Johaug har termin 17. januar, men datteren Kristin kom tre uker f\u00f8r tiden. Dermed kan ikke langrennsdronningen utelukke at det blir f\u00f8dsel en av juledagene.<\/p>\n","protected":false},"excerpt":{"rendered":"Den pensjonerte langrennsdronningen forteller om egne juletradisjoner i en fersk episode av podkasten \u00abJohaug og Gukild\u00bb som ble&hellip;\n","protected":false},"author":2,"featured_media":77422,"comment_status":"","ping_status":"","sticky":false,"template":"","format":"standard","meta":{"footnotes":""},"categories":[59],"tags":[36,10671,10763,5593,30,28,29,2932,83,82,1510],"class_list":{"0":"post-121673","1":"post","2":"type-post","3":"status-publish","4":"format-standard","5":"has-post-thumbnail","7":"category-sport","8":"tag-art","9":"tag-dalsbygda","10":"tag-johaug","11":"tag-jul","12":"tag-no","13":"tag-norge","14":"tag-norway","15":"tag-os","16":"tag-sport","17":"tag-sports","18":"tag-story"},"share_on_mastodon":{"url":"https:\/\/pubeurope.com\/@no\/115781027964134800","error":""},"_links":{"self":[{"href":"https:\/\/www.europesays.com\/no\/wp-json\/wp\/v2\/posts\/121673","targetHints":{"allow":["GET"]}}],"collection":[{"href":"https:\/\/www.europesays.com\/no\/wp-json\/wp\/v2\/posts"}],"about":[{"href":"https:\/\/www.europesays.com\/no\/wp-json\/wp\/v2\/types\/post"}],"author":[{"embeddable":true,"href":"https:\/\/www.europesays.com\/no\/wp-json\/wp\/v2\/users\/2"}],"replies":[{"embeddable":true,"href":"https:\/\/www.europesays.com\/no\/wp-json\/wp\/v2\/comments?post=121673"}],"version-history":[{"count":0,"href":"https:\/\/www.europesays.com\/no\/wp-json\/wp\/v2\/posts\/121673\/revisions"}],"wp:featuredmedia":[{"embeddable":true,"href":"https:\/\/www.europesays.com\/no\/wp-json\/wp\/v2\/media\/77422"}],"wp:attachment":[{"href":"https:\/\/www.europesays.com\/no\/wp-json\/wp\/v2\/media?parent=121673"}],"wp:term":[{"taxonomy":"category","embeddable":true,"href":"https:\/\/www.europesays.com\/no\/wp-json\/wp\/v2\/categories?post=121673"},{"taxonomy":"post_tag","embeddable":true,"href":"https:\/\/www.europesays.com\/no\/wp-json\/wp\/v2\/tags?post=121673"}],"curies":[{"name":"wp","href":"https:\/\/api.w.org\/{rel}","templated":true}]}}