{"id":121684,"date":"2025-12-25T16:17:59","date_gmt":"2025-12-25T16:17:59","guid":{"rendered":"https:\/\/www.europesays.com\/no\/121684\/"},"modified":"2025-12-25T16:17:59","modified_gmt":"2025-12-25T16:17:59","slug":"jul-kongsvinger-kjendisenes-juleplaner-en-klassisk-kongsvinger-jul","status":"publish","type":"post","link":"https:\/\/www.europesays.com\/no\/121684\/","title":{"rendered":"Jul, Kongsvinger | Kjendisenes juleplaner: \u2013 En klassisk Kongsvinger-jul"},"content":{"rendered":"\n<p>Jula n\u00e6rmer seg og for mange betyr det en h\u00f8ytid fylt med tradisjoner, god mat og tid sammen med n\u00e6re og kj\u00e6re. Ogs\u00e5 for Gl\u00e5mdalsregionens kjente fjes.<\/p>\n<p><b>Slik blir \u00e5rets julefeiring!<\/b><\/p>\n<p>For landslagssjef St\u00e5le Solbakken blir det jul p\u00e5 Hamar, der han skal tilbringe mesteparten av h\u00f8ytiden sammen med b\u00e5de foreldre, s\u00f8sken, barn, barnebarn og venner. Men det blir ogs\u00e5 en tur til \u00abfattern\u00bb p\u00e5 Kirken\u00e6r i l\u00f8pet av jula.<\/p>\n<p>P\u00e5 menyen st\u00e5r tradisjonell ribbe med tilbeh\u00f8r p\u00e5 julaften, ogs\u00e5 for Solbakken. Ellers blir det en rolig julefeiring, med unntak av et selskap eller to.<\/p>\n<p>\u2013 Og kanskje litt engelsk fotball p\u00e5 TV-en.<\/p>\n<p>   <img decoding=\"async\" width=\"5199\" height=\"3466\" fetchpriority=\"low\"  loading=\"lazy\"  src=\"https:\/\/www.europesays.com\/no\/wp-content\/uploads\/2025\/12\/cueres_scp-mangler_navn_pRAp1wTKx5Y.jpg\" alt=\"Oslo, Norge  20241117. &#10;Landslagssjef St\u00e5le Solbakken under pressekonferansen etter fotballkampen i nasjonsligaen mellom Norge og Kasakhstan p\u00e5 Ullevaal Stadion.&#10;Foto: Terje Pedersen \/ NTB\" class=\"brick-c-cFOWSL\" style=\"--brick-image-ratio: 5199 \/ 3466;\"\/><\/p>\n<p>      Landslagssjef St\u00e5le Solbakken skal roe ned i jula, men legger ikke vekk fotballen helt av den grunn.<br \/>\n      Foto: Terje Pedersen\n    <\/p>\n<p>Artist og forfatter Levi Henriksen skal feire jul hjemme p\u00e5 Kongsvinger sammen med storfamilien. Han kan fortelle at familien holder fast ved en tradisjonell Kongsvinger-jul med ribbe, p\u00f8lser og medisterkaker. Maten er det Henriksen selv som st\u00e5r for.<\/p>\n<p><b>\u2013 I gamledager var det mor som lagde maten, mens jeg fikk se Kalle Anka p\u00e5 svensk TV, det er en tradisjon jeg savner, forteller han. <\/b><\/p>\n<p>Han har ikke vokst opp med \u00e5 g\u00e5 i kirken p\u00e5 julaften, men som voksen har bes\u00f8ket i Vinger kirke blitt en fast og kj\u00e6r del av julekvelden.<\/p>\n<p>\u2013 Det har blitt en fin tradisjon som jeg setter pris p\u00e5.<\/p>\n<p>   <img decoding=\"async\" width=\"3253\" height=\"2445\" fetchpriority=\"low\"  loading=\"lazy\"  src=\"https:\/\/www.europesays.com\/no\/wp-content\/uploads\/2025\/12\/levi4.jpg\" alt=\"\" class=\"brick-c-cFOWSL\" style=\"--brick-image-ratio: 3253 \/ 2445;\"\/><\/p>\n<p>      Levi Henriksen setter pris p\u00e5 de klassiske juletradisjonene som h\u00f8rer med feiringen.<br \/>\n      Foto: Kari Gjerstadberget (Arkiv)\n    <\/p>\n<p>Julen for pianist H\u00e5vard Gimse handler om tradisjoner, familie og musikk. Hvert \u00e5r hugger familien et juletre p\u00e5 Hok\u00e5sen, som blir pyntet lille julaften.<\/p>\n<p>\u2013 Selv om ungene synes det er altfor sent, s\u00e5 blir det ofte til det.<\/p>\n<p>P\u00e5 selve julaften starter dagen med jule-rebus rundt i huset p\u00e5 Kongsvinger, f\u00f8r turen g\u00e5r videre til svigerfamilien p\u00e5 Str\u00f8mmen.<\/p>\n<p>\u2013 Da h\u00f8rer sang og gang rundt juletreet med, og julenissen pleier \u00e5 dukke opp &#8211; selv om en av oss tilfeldigvis bruker mistenkelig lang tid p\u00e5 et bitte lite rom, forteller han.<\/p>\n<p><b>I romjulen blir det b\u00e5de selskaper og musikk. De siste 20 \u00e5rene har Gimse spilt romjulskonsert rundt p\u00e5 sykehjemmene i distriktet. <\/b><\/p>\n<p>\u2013 Og i \u00e5r tror jeg noen yngre slektninger blir med som \u00abguest stars\u00bb.<\/p>\n<p>   <img decoding=\"async\" width=\"4032\" height=\"3024\" fetchpriority=\"low\"  loading=\"lazy\"  src=\"https:\/\/www.europesays.com\/no\/wp-content\/uploads\/2025\/12\/baa86d1f-d78f-4a64-81ff-339ea2d30586.jpeg\" alt=\"\" class=\"brick-c-cFOWSL\" style=\"--brick-image-ratio: 4032 \/ 3024;\"\/><\/p>\n<p>      H\u00e5vard Gimse og Levi Henriksen har begge sine faste tradisjoner i julen.<br \/>\n      Foto: Gl\u00e5mdalen (Arkiv)\n    <\/p>\n<p>Influencer Camilla Lorentzen fra \u00c5snes bor i dag i T\u00f8nsberg sammen med sin kone, Julie Visnes Lorentzen, og parets felles barn. Hun kan fortelle at \u00e5rets julefeiring blir i nettopp T\u00f8nsberg sammen med familien.<\/p>\n<p>\u2013 Det blir ribbe, p\u00f8lser og risgr\u00f8t, ogs\u00e5 h\u00e5per vi nissen kommer p\u00e5 bes\u00f8k.<\/p>\n<p>For Lorentzen er det tiden med de n\u00e6rmeste som betyr aller mest i julen.<\/p>\n<p>\u2013 Og at ribba blir litt bedre for hvert \u00e5r, legger hun til.<\/p>\n<p>   <img decoding=\"async\" width=\"1600\" height=\"900\" fetchpriority=\"low\"  loading=\"lazy\"  src=\"https:\/\/www.europesays.com\/no\/wp-content\/uploads\/2025\/12\/Camilla+og+Julie+Lorentzen.bin\" alt=\"\" class=\"brick-c-cFOWSL\" style=\"--brick-image-ratio: 1600 \/ 900;\"\/><\/p>\n<p>      Camilla Lorentzen(t.h) fra \u00c5snes og kona Julie skal feire jul i T\u00f8nsberg i \u00e5r.<br \/>\n      Foto: Skjermbilde: @camillalor (Instagram)\n    <\/p>\n<p>Julen betyr familie, selskap, spillkvelder, litt trening og mye r\u00f8dvin for Lars Henriksen fra Grue.<\/p>\n<p>\u2013 Vi bruker julen til \u00e5 samles fra \u00f8st og vest, og i \u00e5r er intet unntak. Ser ut til at det blir d\u00e5rlig med sn\u00f8ballkrig og bygging av sn\u00f8menn i \u00e5r, men vi f\u00e5r bruke fantasien og komme oss litt ut i frisk luft likevel!<\/p>\n<p>   <img decoding=\"async\" width=\"4800\" height=\"3202\" fetchpriority=\"low\"  loading=\"lazy\"  src=\"https:\/\/www.europesays.com\/no\/wp-content\/uploads\/2025\/12\/5_95_1854376+f8200388+ec61+4d8e+bd5a+bea72cd8d0ae.jpg\" alt=\"\" class=\"brick-c-cFOWSL\" style=\"--brick-image-ratio: 4800 \/ 3202;\"\/><\/p>\n<p>      Det blir ikke ordentlig jul for influencer Lars Henriksen f\u00f8r han er hjemme p\u00e5 \u00abbygda\u00bb.<br \/>\n      Foto: Espen Solli\n    <\/p>\n<p>Tradisjonene st\u00e5r sterkt lille julaften med \u00abKvelden f\u00f8r kvelden\u00bb p\u00e5 TV, pynting av juetreet og \u00abGrevinnen og hovmesteren\u00bb. P\u00e5 julaften drar han til morens grav p\u00e5 Kirken\u00e6r, dersom julen feires p\u00e5 \u00d8stlandet.<\/p>\n<p>Jula til Henriksen skal tilbringes hjemme p\u00e5 \u00abbygda\u00bb i \u00e5r.<\/p>\n<p><b>\u2013 Ordentlig ferief\u00f8lelse f\u00e5r jeg ikke f\u00f8r vi kj\u00f8rer ned Jansvegen p\u00e5 V\u00e6ssia p\u00e5 Kirken\u00e6r og ser jordene og berget i skj\u00f8nn harmoni &#8211; akkurat slik jeg har vokst opp med.<\/b><\/p>\n","protected":false},"excerpt":{"rendered":"Jula n\u00e6rmer seg og for mange betyr det en h\u00f8ytid fylt med tradisjoner, god mat og tid sammen&hellip;\n","protected":false},"author":2,"featured_media":121685,"comment_status":"","ping_status":"","sticky":false,"template":"","format":"standard","meta":{"footnotes":""},"categories":[10],"tags":[36,575,20,21,24,25,8138,15,5593,551,22,23,13,30,28,29,14,16,1510,26,27,13675],"class_list":{"0":"post-121684","1":"post","2":"type-post","3":"status-publish","4":"format-standard","5":"has-post-thumbnail","7":"category-norge","8":"tag-art","9":"tag-asnes","10":"tag-breaking-news","11":"tag-breakingnews","12":"tag-featured-news","13":"tag-featurednews","14":"tag-grue","15":"tag-headlines","16":"tag-jul","17":"tag-kongsvinger","18":"tag-latest-news","19":"tag-latestnews","20":"tag-news","21":"tag-no","22":"tag-norge","23":"tag-norway","24":"tag-nyheter","25":"tag-overskrifter","26":"tag-story","27":"tag-top-stories","28":"tag-topstories","29":"tag-tradisjon"},"share_on_mastodon":{"url":"https:\/\/pubeurope.com\/@no\/115781114812565732","error":""},"_links":{"self":[{"href":"https:\/\/www.europesays.com\/no\/wp-json\/wp\/v2\/posts\/121684","targetHints":{"allow":["GET"]}}],"collection":[{"href":"https:\/\/www.europesays.com\/no\/wp-json\/wp\/v2\/posts"}],"about":[{"href":"https:\/\/www.europesays.com\/no\/wp-json\/wp\/v2\/types\/post"}],"author":[{"embeddable":true,"href":"https:\/\/www.europesays.com\/no\/wp-json\/wp\/v2\/users\/2"}],"replies":[{"embeddable":true,"href":"https:\/\/www.europesays.com\/no\/wp-json\/wp\/v2\/comments?post=121684"}],"version-history":[{"count":0,"href":"https:\/\/www.europesays.com\/no\/wp-json\/wp\/v2\/posts\/121684\/revisions"}],"wp:featuredmedia":[{"embeddable":true,"href":"https:\/\/www.europesays.com\/no\/wp-json\/wp\/v2\/media\/121685"}],"wp:attachment":[{"href":"https:\/\/www.europesays.com\/no\/wp-json\/wp\/v2\/media?parent=121684"}],"wp:term":[{"taxonomy":"category","embeddable":true,"href":"https:\/\/www.europesays.com\/no\/wp-json\/wp\/v2\/categories?post=121684"},{"taxonomy":"post_tag","embeddable":true,"href":"https:\/\/www.europesays.com\/no\/wp-json\/wp\/v2\/tags?post=121684"}],"curies":[{"name":"wp","href":"https:\/\/api.w.org\/{rel}","templated":true}]}}