{"id":121686,"date":"2025-12-25T16:25:26","date_gmt":"2025-12-25T16:25:26","guid":{"rendered":"https:\/\/www.europesays.com\/no\/121686\/"},"modified":"2025-12-25T16:25:26","modified_gmt":"2025-12-25T16:25:26","slug":"ble-bare-revet-bort","status":"publish","type":"post","link":"https:\/\/www.europesays.com\/no\/121686\/","title":{"rendered":"&#8211; Ble bare revet bort"},"content":{"rendered":"<p>Det var russed\u00e5p den kvelden. Bj\u00f8rkeknoppene var i ferd med \u00e5 springe ut, et lysegr\u00f8nt varsel om gode tider duvet over Kongsberg og ungdommene. Russekullet hadde samlet seg nede ved elva, rett ved fossen. Det var latter og h\u00f8ye stemmer, stemningen var til \u00e5 ta og f\u00f8le p\u00e5. De var unge og ubekymra, n\u00e5 var skolen ferdig og livet skulle begynne.\u00a0<\/p>\n<p><a href=\"https:\/\/www.dagbladet.no\/pluss\/nyheter\" rel=\"nofollow noopener\" target=\"_blank\">Denne saken er laget av Dagbladet Pluss. Du kan lese flere saker fra Pluss her.<\/a><\/p>\n<p>        FY FY: Dette er de vanligste tabbene nordmenn gj\u00f8r n\u00e5r de er p\u00e5 restaurant &#8211; sm\u00e5 grep gj\u00f8r en stor forskjell. <\/p>\n<p>Viggo kastet russelua h\u00f8yt i v\u00e6ret sammen med de to n\u00e6rmeste vennene sine, Kristopher og Morten. De var blitt en tett trio de siste tre \u00e5rene, smidd sammen av humor og det faktum at de ikke drakk alkohol. Viggo satset p\u00e5 basket, Morten ski og Kristopher dans.\u00a0<\/p>\n<p>Det var fortsatt lyst ute da Kristopher kj\u00f8rte fra festen. Men han kom aldri hjem.\u00a0<\/p>\n<p>    <a itemprop=\"url\" href=\"https:\/\/dinside.dagbladet.no\/okonomi\/vant-i-lotteriet-ingen-vits\/83986255\" rel=\"nofollow noopener\" target=\"_blank\"><\/p>\n<p>        <img loading=\"lazy\" decoding=\"async\" src=\"https:\/\/www.europesays.com\/no\/wp-content\/uploads\/2025\/12\/1766679915_944_83986861.webp\" width=\"980\" height=\"441\" title=\"\u00abVant\u00bb i lotteriet: - Ingen vits\" alt=\"\" class=\"lazyload\" style=\"--aspect-ratio-image: 2.22; \"\/><\/p>\n<p>        \u00abVant\u00bb i lotteriet: &#8211; Ingen vits<\/p>\n<p>    <\/a><\/p>\n<p>Viggo Venn blunker vekk t\u00e5rene som flommer over hver gang han snakker om vennen som mistet livet i en trafikkulykke natt til 1. mai 2008.\u00a0<\/p>\n<p>&#8211; Han ble bare revet bort. Jeg fikk beskjed p\u00e5 natta der, det var forferdelig vondt.\u00a0<\/p>\n<p>For noen uker siden hedret &laquo;Skal vi danse&raquo;-deltakeren vennen som var en av Norges beste sportsdansere da han d\u00f8de, bare atten \u00e5r gammel. Familien til Kristopher er gjort kjent med at han og ulykken omtales i Dagbladet Magasinet. <\/p>\n<p>        <img loading=\"lazy\" decoding=\"async\" src=\"https:\/\/www.europesays.com\/no\/wp-content\/uploads\/2025\/12\/83882685.webp\" width=\"686\" height=\"460\" title=\"DANSEL\u00d8VE: Viggo Venn med dansepartner Rikke Lund i \u00abSkal vi danse\u00bb. Foto: Thomas Andersen\/TV2\" alt=\"\" class=\"\" style=\"--aspect-ratio-image: 1.49; \"\/><\/p>\n<p>\n        DANSEL\u00d8VE: Viggo Venn med dansepartner Rikke Lund i \u00abSkal vi danse\u00bb. Foto: Thomas Andersen\/TV2\n    <\/p>\n<p>&#8211; Jeg f\u00f8ler at jeg danser for Kristopher. Han hadde garantert mobba meg for den d\u00e5rlige holdningen min, men han hadde gjort det med glimt i \u00f8yet. Vi var veldig n\u00e6re.\u00a0<\/p>\n<p>Han smiler gjennom t\u00e5rene der han sitter i dansestudioet p\u00e5 Torshov i Oslo, lang og ulenkelig, ulastelig antrukket i sorte dressbukser og hvit genser. Den strittende bustesveisen er borte, noe som fikk &laquo;Skal vi danse&raquo;-dommer Jan Thomas til \u00e5 utbryte at han ligner p\u00e5 Brad Pitt.\u00a0<\/p>\n<p>&#8211; Det har v\u00e6rt t\u00f8ft \u00e5 hente fram minnene om Kristopher, etter ulykka la jeg alt det vonde i en mental boks.\u00a0<\/p>\n<p>    <a itemprop=\"url\" href=\"https:\/\/dinside.dagbladet.no\/okonomi\/noe-skvip\/83921440\" rel=\"nofollow noopener\" target=\"_blank\"><\/p>\n<p>        <img loading=\"lazy\" decoding=\"async\" src=\"https:\/\/www.europesays.com\/no\/wp-content\/uploads\/2025\/12\/83922409.webp\" width=\"980\" height=\"441\" title=\"- Noe skvip!\" alt=\"\" class=\"lazyload\" style=\"--aspect-ratio-image: 2.22; \"\/><\/p>\n<p>        &#8211; Noe skvip!<\/p>\n<p>    <\/a><\/p>\n<p>F\u00f8rst n\u00e5, som deltaker i &laquo;Skal vi danse&raquo;, har han v\u00e5get \u00e5 \u00e5pne boksen med Kristophers navn p\u00e5.\u00a0<\/p>\n<p>&#8211; Den siste tida har v\u00e6rt en f\u00f8lelsesmessig berg- og dalbane. Det har v\u00e6rt veldig emosjonelt alt sammen, og jeg har m\u00e5ttet \u00f8ve meg p\u00e5 \u00e5 ikke knekke helt sammen.\u00a0<\/p>\n<p>Han legger inn en snus, skifter stilling i stolen.\u00a0<\/p>\n<p>&#8211; Dans var s\u00e5 veldig hans greie, s\u00e5 jeg f\u00f8ler meg veldig n\u00e6r ham igjen n\u00e5. P\u00e5 mange m\u00e5ter er det veldig fint, men det er ogs\u00e5 vondt \u00e5 tenke p\u00e5 at han ble revet bort s\u00e5 br\u00e5tt og brutalt.\u00a0<\/p>\n<p>\u00d8ynene er store og s\u00f8rgmodige.\u00a0<\/p>\n<p>&#8211; Det fineste og mest s\u00e5rbare med det \u00e5 v\u00e6re klovn er \u00e5 uttrykke menneskelige feil gjennom kroppen. Dans handler ogs\u00e5 om \u00e5 uttrykke seg fysisk, men i dans m\u00e5 alt gj\u00f8res riktig. Det har v\u00e6rt den st\u00f8rste utfordringen for en klovn som meg.\u00a0<\/p>\n<p>        <img loading=\"lazy\" decoding=\"async\" src=\"https:\/\/www.europesays.com\/no\/wp-content\/uploads\/2025\/12\/83882444.webp\" width=\"686\" height=\"460\" title=\"HUSK REFLEKS: Etter seieren i \u00abBritain\u2019s Got Talent\u00bb fikk Viggo Venn underholde den engelske kongefamilien. Her overrekker han en refleksvest kronprinsparet William og Kate. Foto: ITV\" alt=\"\" class=\"\" style=\"--aspect-ratio-image: 1.49; \"\/><\/p>\n<p>\n        HUSK REFLEKS: Etter seieren i \u00abBritain\u2019s Got Talent\u00bb fikk Viggo Venn underholde den engelske kongefamilien. Her overrekker han en refleksvest kronprinsparet William og Kate. Foto: ITV\n    <\/p>\n<p>Mange kl\u00f8dde seg i hodet da Viggo Venn vant &laquo;Britain&#8217;s Got Talent&raquo; for to \u00e5r siden. Hvem var denne spretne, refleksvestkledde nordmannen med h\u00e5ret rett til v\u00e6rs?\u00a0<\/p>\n<p>&#8211; Jeg hadde en ganske lang karriere bak meg da jeg vant i England, men det var nok ikke mange som hadde h\u00f8rt om meg i Norge, nei.\u00a0<\/p>\n<p class=\"italic m-italic\" data-lab-italic=\"italic\">&#8211; Hva betydde det for deg \u00e5 vinne?<\/p>\n<p>&#8211; Jeg var allerede veldig happy med \u00e5 f\u00e5 lov til \u00e5 gj\u00f8re show rundt i verden, men jeg levde p\u00e5 ti pund om dagen og hadde ikke kj\u00f8pt kl\u00e6r p\u00e5 ti \u00e5r.\u00a0<\/p>\n<p>    <a itemprop=\"url\" href=\"https:\/\/dinside.dagbladet.no\/okonomi\/disse-stenger-alle-butikkene\/83926689\" rel=\"nofollow noopener\" target=\"_blank\"><\/p>\n<p>        <img loading=\"lazy\" decoding=\"async\" src=\"https:\/\/www.europesays.com\/no\/wp-content\/uploads\/2025\/12\/1766679918_155_83931685.webp\" width=\"980\" height=\"441\" title=\"Stenger alle butikkene\" alt=\"\" class=\"lazyload\" style=\"--aspect-ratio-image: 2.22; \"\/><\/p>\n<p>        Stenger alle butikkene<\/p>\n<p>    <\/a><\/p>\n<p>Da han vant hadde han 78 pund p\u00e5 kontoen. Vinnerpremien i &laquo;Britain&#8217;s Got Talent&raquo; var 250 000 pund, noe som tilsvarer 3, 4 millioner norske kroner.\u00a0<\/p>\n<p>&#8211; Det at jeg vant den konkurransen har betydd alt for det livet jeg lever i dag. Jeg har f\u00e5tt et navn, og jeg har kj\u00f8pt egen leilighet for f\u00f8rste gang i livet.\u00a0<\/p>\n<p>F\u00f8r han vant &laquo;Britain&#8217;s Got Talent&raquo; hadde Viggo Venn skapt en rekke kritikerroste forestillinger som han turnerte med, og vant flere priser for, men i Norge ante f\u00e5 hvem han var.\u00a0<\/p>\n<p>&#8211; Jeg har f\u00f8lt meg som en outsider i norsk humor- og teatermilj\u00f8.\u00a0<\/p>\n<p class=\"italic m-italic\" data-lab-italic=\"italic\">&#8211; Du bodde kanskje for langt unna?\u00a0<\/p>\n<p>&#8211; Jo, men hver gang jeg hadde suksess med en forestilling sendte jeg mail til folk her hjemme, men det f\u00f8rte ikke til noe. Faktisk var det bare \u00e9n som s\u00e5 meg, og det var \u00c5sleik Engmark.\u00a0<\/p>\n<p>        <img loading=\"lazy\" decoding=\"async\" src=\"https:\/\/www.europesays.com\/no\/wp-content\/uploads\/2025\/12\/83882393.webp\" width=\"686\" height=\"494\" title=\"SORG OG SMIL: Bak smilet skjuler det seg minner om tapet av en bestevenn - en sorg som har formet b\u00e5de livet og kunsten til Viggo Venn. Foto: John T. Pedersen \/ Dagbladet\" alt=\"\" class=\"\" style=\"--aspect-ratio-image: 1.39; \"\/><\/p>\n<p>\n        SORG OG SMIL: Bak smilet skjuler det seg minner om tapet av en bestevenn &#8211; en sorg som har formet b\u00e5de livet og kunsten til Viggo Venn. Foto: John T. Pedersen \/ Dagbladet\n    <\/p>\n<p>Viggo Venn smiler vemodig. \u00c5sleik Engmark d\u00f8de br\u00e5tt i 2017, etter et illebefinnende p\u00e5 en utenlandstur.\u00a0<\/p>\n<p>&#8211; Jeg har alltid sett opp til ham b\u00e5de menneskelig og faglig, s\u00e5 det at han kom p\u00e5 et av showene mine betydde mye for meg. Han likte det han s\u00e5, og skulle trekke i noen tr\u00e5der hjemme, men s\u00e5 d\u00f8de han. Det var veldig trist.\u00a0<\/p>\n<p>    <a itemprop=\"url\" href=\"https:\/\/dinside.dagbladet.no\/okonomi\/gjelda-oker-ekstremt-skummelt\/83899239\" rel=\"nofollow noopener\" target=\"_blank\"><\/p>\n<p>        <img loading=\"lazy\" decoding=\"async\" src=\"https:\/\/www.europesays.com\/no\/wp-content\/uploads\/2025\/12\/1766679920_9_81147518.webp\" width=\"980\" height=\"441\" title=\"- Ekstremt skummelt\" alt=\"\" class=\"lazyload\" style=\"--aspect-ratio-image: 2.22; \"\/><\/p>\n<p>        &#8211; Ekstremt skummelt<\/p>\n<p>    <\/a><\/p>\n<p>Da Viggo Venn skulle hylle en tidligere &laquo;Skal vi danse&raquo;-vinner var han ikke i tvil om hvem han skulle velge.\u00a0<\/p>\n<p>&#8211; Chaplin-showet til \u00c5sleik var mitt favorittnummer, s\u00e5 det \u00e5 kunne danse det var stort. Det var nydelig \u00e5 hedre b\u00e5de \u00c5sleik og selveste Charlie Chaplin, den st\u00f8rste legenden av dem alle.\u00a0<\/p>\n<p>Tida etter trafikkulykka ble vanskelig. Skolen var over, sommeren bare gikk. S\u00e5 kom h\u00f8sten.\u00a0<\/p>\n<p>&#8211; Det var ingen som snakka om det som hadde skjedd i noen s\u00e6rlig grad, det var ingen tilbud om krisepsykiatri eller noe s\u00e5nt.\u00a0<\/p>\n<p>I august det \u00e5ret flyttet Viggo Venn inn p\u00e5 hybel Kristiansand for \u00e5 studere \u00f8konomi, uten \u00e5 ha bearbeidet tapet av bestevennen.\u00a0<\/p>\n<p>&#8211; Det var ikke den feteste perioden i livet mitt, for \u00e5 si det s\u00e5nn.\u00a0<\/p>\n<p>    <a itemprop=\"url\" href=\"https:\/\/dinside.dagbladet.no\/okonomi\/tordner-veldig-kynisk\/83884102\" rel=\"nofollow noopener\" target=\"_blank\"><\/p>\n<p>        <img loading=\"lazy\" decoding=\"async\" src=\"https:\/\/www.europesays.com\/no\/wp-content\/uploads\/2025\/12\/1766679921_438_83885068.webp\" width=\"980\" height=\"441\" title=\"Tordner: - Veldig kynisk\" alt=\"\" class=\"lazyload\" style=\"--aspect-ratio-image: 2.22; \"\/><\/p>\n<p>        Tordner: &#8211; Veldig kynisk<\/p>\n<p>    <\/a><\/p>\n<p>Alt kjentes vanskelig, forteller han.\u00a0<\/p>\n<p>&#8211; Jeg var ensom. Jeg mestret ikke studiet, og skammet meg over \u00e5 ikke strekke til.\u00a0<\/p>\n<p>Han holdt ut i to \u00e5r, og kanskje hadde han fortsatt om han ikke hadde funnet det som manglet i livet.\u00a0<\/p>\n<p>&#8211; Jeg tenkte over hva som gjorde meg glad tidligere, og det var de morsomme \u00e5rene p\u00e5 videreg\u00e5ende da Kristopher, Morten og meg surra og lekte oss med humor og sketsjer.\u00a0<\/p>\n<p>        <img loading=\"lazy\" decoding=\"async\" src=\"https:\/\/www.europesays.com\/no\/wp-content\/uploads\/2025\/12\/83882404.webp\" width=\"686\" height=\"460\" title=\"GLEDESSPREDER: - Jeg var en trist klovn, men etter at jeg fant min retning f\u00f8ler jeg meg munter og ser lyst p\u00e5 livet, sier Viggo Venn. Foto: John T. Pedersen \/ Dagbladet\" alt=\"\" class=\"\" style=\"--aspect-ratio-image: 1.49; \"\/><\/p>\n<p>\n        GLEDESSPREDER: &#8211; Jeg var en trist klovn, men etter at jeg fant min retning f\u00f8ler jeg meg munter og ser lyst p\u00e5 livet, sier Viggo Venn. Foto: John T. Pedersen \/ Dagbladet\n    <\/p>\n<p>Viggo Venn begynte \u00e5 engasjere seg i stand-up milj\u00f8et i Kristiansand, og bestemte seg for \u00e5 dra til Edinburgh for \u00e5 se de virkelig flinke folka.\u00a0<\/p>\n<p>Det skulle endre alt.\u00a0<\/p>\n<p>&#8211; Jeg gikk for \u00e5 se et klovneshow, og hadde som de aller fleste en tanke om at klovner l\u00f8p rundt i for store sko og sprutet vann med blomster. Men alt det jeg trodde ble gjort til skamme.\u00a0<\/p>\n<p>Han skifter stilling i lenestolen.\u00a0<\/p>\n<p>&#8211; Det var et utrolig vakkert teatershow, jeg ble helt satt ut. Stykket handlet om noe dypt menneskelig, om det \u00e5 gj\u00f8re feil. Det traff meg voldsomt.\u00a0<\/p>\n<p>Etter showet tok han kontakt med klovnen, og fikk vite at han hadde g\u00e5tt p\u00e5 klovneskole i Frankrike.\u00a0<\/p>\n<p>&#8211; Jeg kjente i hele meg at jeg bare m\u00e5tte dit, og s\u00e5nn ble det.\u00a0<\/p>\n<p>Venn pakket sammen hybellivet i Kristiansand, og stakk til Paris for \u00e5 bli klovn. \u00c9cole Philippe Gaulier har tidligere fostret talenter som Sacha Baron Cohen, Emma Thompson og Helena Bonham Carter.\u00a0<\/p>\n<p>&#8211; Det er ikke en tradisjonell skole, du f\u00e5r ingen bachelor- eller mastergrad, men Philippe Gaulier er rett og slett verdens beste klovnel\u00e6rer. Veldig streng, men fantastisk dyktig.\u00a0<\/p>\n<p>    <a itemprop=\"url\" href=\"https:\/\/dinside.dagbladet.no\/okonomi\/kraftige-prisokninger\/83986029\" rel=\"nofollow noopener\" target=\"_blank\"><\/p>\n<p>        <img loading=\"lazy\" decoding=\"async\" src=\"https:\/\/www.europesays.com\/no\/wp-content\/uploads\/2025\/12\/1766679924_611_83986762.webp\" width=\"980\" height=\"441\" title=\"- Dessverre\" alt=\"\" class=\"lazyload\" style=\"--aspect-ratio-image: 2.22; \"\/><\/p>\n<p>        &#8211; Dessverre<\/p>\n<p>    <\/a><\/p>\n<p>Hjemme i Kongsberg skj\u00f8nte foreldrene ingenting.\u00a0<\/p>\n<p>&#8211; De er begge ingeni\u00f8rer, s\u00e5 det \u00e5 fortelle dem at jeg droppa ut til fordel for en klovneskole i Paris var ikke lett. Men de st\u00f8ttet meg fullt ut, de s\u00e5 at jeg jeg verken trivdes eller fikk det til i Kristiansand.\u00a0<\/p>\n<p>Han lyser opp.\u00a0<\/p>\n<p>&#8211; Har du h\u00f8rt vitsen om han fyren som g\u00e5r til legen fordi han f\u00f8ler seg deprimert? Legen sier at han m\u00e5 g\u00e5 p\u00e5 sirkus og se klovnen Bobo! Da ser han opp p\u00e5 legen og sier: Jeg er Bobo.\u00a0<\/p>\n<p class=\"italic m-italic\" data-lab-italic=\"italic\">&#8211; Var det s\u00e5nn du f\u00f8lte det?\u00a0<\/p>\n<p>&#8211; Jeg var en trist klovn, men ikke n\u00e5 lenger. Jeg f\u00f8ler meg munter, og ser lyst p\u00e5 livet etter at jeg fant min retning. G\u00e5 etter hjertet, det er mitt r\u00e5d til de som ikke finner plassen sin.\u00a0<\/p>\n<p>        <img loading=\"lazy\" decoding=\"async\" src=\"https:\/\/www.europesays.com\/no\/wp-content\/uploads\/2025\/12\/83882394.webp\" width=\"686\" height=\"392\" title=\"FESTKLAR: - Jeg har v\u00e6rt edru siden august for \u00e5 fokusere p\u00e5 dansen, men p\u00e5 Drekkedagsnatta i Kongsberg 22. desember blir det fest, sier Viggo Venn. Foto: John T. Pedersen \/ Dagbladet\" alt=\"\" class=\"\" style=\"--aspect-ratio-image: 1.75; \"\/><\/p>\n<p>\n        FESTKLAR: &#8211; Jeg har v\u00e6rt edru siden august for \u00e5 fokusere p\u00e5 dansen, men p\u00e5 Drekkedagsnatta i Kongsberg 22. desember blir det fest, sier Viggo Venn. Foto: John T. Pedersen \/ Dagbladet\n    <\/p>\n<p>Viggo Venn har rocka opp det engelske teatermilj\u00f8et, og f\u00e5tt publikummere til \u00e5 slenge refleksvester over tradisjonelle tweedjakker. Og foreldre i v\u00e5rt m\u00f8rke, langstrakte land er sjeleglade over at han har gjort refleksvest kult.\u00a0<\/p>\n<p>Dagen etter seieren i &laquo;Britain&#8217;s Got Talent&raquo; vaklet han ut i gata i London etter en heidundrendes fest og ble stoppet av en bil med fire jenter som spilte Daft Punks &laquo;One more time&raquo; s\u00e5 det dundret i anlegget.\u00a0<\/p>\n<p>&#8211; Det har ikke stoppa siden. Til og med da jeg dro p\u00e5 ferie til Bali ble jeg gjenkjent av b\u00e5tf\u00f8reren i en liten havneby som skr\u00e5lte &laquo;One more time&raquo;.\u00a0<\/p>\n<p class=\"italic m-italic\" data-lab-italic=\"italic\">&#8211; Er det slitsomt?\u00a0<\/p>\n<p>&#8211; Nei, det er helt fantastisk. Men det kan v\u00e6re litt flaut, som da jeg skled p\u00e5 trikkeskinnene og falt i Bogstadveien, og en fyr i en bil gaulet den sangen igjen.\u00a0<\/p>\n<p>    <a itemprop=\"url\" href=\"https:\/\/dinside.dagbladet.no\/okonomi\/langer-ut-foler-meg-lurt\/83874522\" rel=\"nofollow noopener\" target=\"_blank\"><\/p>\n<p>        <img loading=\"lazy\" decoding=\"async\" src=\"https:\/\/www.europesays.com\/no\/wp-content\/uploads\/2025\/12\/83875501.webp\" width=\"980\" height=\"441\" title=\"- Helt grusomt\" alt=\"\" class=\"lazyload\" style=\"--aspect-ratio-image: 2.22; \"\/><\/p>\n<p>        &#8211; Helt grusomt<\/p>\n<p>    <\/a><\/p>\n<p>At det ble refleksvest var helt tilfeldig.\u00a0<\/p>\n<p>&#8211; Min amerikanske kollega og jeg var p\u00e5 turn\u00e9 i Australia, og ville inn p\u00e5 en fest. Problemet var bare at navnet v\u00e5rt ikke sto p\u00e5 lista, s\u00e5 vi tok p\u00e5 oss refleksvester og sneik oss inn. S\u00e5 ballet det bare p\u00e5 seg.\u00a0<\/p>\n<p>Og neste h\u00f8st st\u00e5r han p\u00e5 norske scener med soloshowet Viggo Vennel\u00f8s.\u00a0<\/p>\n<p>&#8211; Endelig blir det show i Norge. Og selv om det er helt konge \u00e5 underholde barn, blir dette et show for voksne.\u00a0<\/p>\n<p>&#8211; Hva legger du i navnet Viggo Vennel\u00f8s?\u00a0<\/p>\n<p>&#8211; Det handler om ensomhet, om \u00e5 ikke finne seg til rette. Og om \u00e5 finne gleden igjen.\u00a0<\/p>\n<p>Viggo Venn har funnet seg selv. Det eneste som gjenst\u00e5r n\u00e5 er \u00e5 finne noen \u00e5 le med.\u00a0<\/p>\n<p>        <img loading=\"lazy\" decoding=\"async\" src=\"https:\/\/www.europesays.com\/no\/wp-content\/uploads\/2025\/12\/83882397.webp\" width=\"686\" height=\"474\" title=\"S\u00d8KENDE: Viggo Venn har funnet gleden i klovneriet og i kunsten, men jakten p\u00e5 noen \u00e5 le med fortsetter. Foto: John T. Pedersen \/ Dagbladet\" alt=\"\" class=\"\" style=\"--aspect-ratio-image: 1.45; \"\/><\/p>\n<p>\n        S\u00d8KENDE: Viggo Venn har funnet gleden i klovneriet og i kunsten, men jakten p\u00e5 noen \u00e5 le med fortsetter. Foto: John T. Pedersen \/ Dagbladet\n    <\/p>\n<p>&#8211; Jeg h\u00e5per jeg finner henne etterhvert. P\u00e5 Tinder-profilen min st\u00e5r det at jeg er tilbake i 2026, &laquo;Skal vi danse&raquo; er altoppslukende.\u00a0<\/p>\n<p>S\u00e5 langt er han fortsatt med i dansekonkurransen. Etter \u00e5 ha v\u00e6rt n\u00e6r ved \u00e5 ryke ut, kom han sterkt tilbake med valsen til \u00e6re for Kristopher.\u00a0<\/p>\n<p>&#8211; Jeg skal gj\u00f8re mitt aller beste, s\u00e5 f\u00e5r vi bare se hvordan det g\u00e5r fram til finalen 20. desember.\u00a0<\/p>\n<p>Han humrer.\u00a0<\/p>\n<p>&#8211; Jeg er ferdig til Drekkedagsnatta 22. desember hjemme i Kongsberg.\u00a0<\/p>\n<p class=\"italic m-italic\" data-lab-italic=\"italic\">&#8211; Drekkedagsnatta?!\u00a0<\/p>\n<p>&#8211; Ja, det er en helt spesiell tradisjon i Kongsberg, som g\u00e5r helt tilbake til 1624, \u00e5ret etter at det ble funnet s\u00f8lv i fjellet. Den dagen er det fest i byen, s\u00e5 det er mange som er litt slitne p\u00e5 lillejulaften.\u00a0<\/p>\n<p>Han ler. <\/p>\n<p>&#8211; Jeg har v\u00e6rt edru siden august for \u00e5 fokusere hundre prosent p\u00e5 dansen, men p\u00e5 Drekkedagsnatta 22. desember er det slutt. Da blir det fest, uansett utfall i &laquo;Skal vi danse&raquo;.<\/p>\n<p>    VIGGO VENN<\/p>\n<p class=\"bg-red color_mobile_bg-red\" data-lab-text_background_color=\"bg-red\">F\u00f8dt: Ja! F\u00f8dt p\u00e5 bursdagen min til og med! <\/p>\n<p>Familie: Ja, har familie og venner. Eller, det er jo to sider av samme sak for meg, min familie er jo Venner.<\/p>\n<p>Beste egenskap: Entusiasme!\u00a0<\/p>\n<p>Verste egenskap: Lett-distrahert. S\u00e5 en hund p\u00e5 vei til trening i dag, og ble forsinka.\u00a0<\/p>\n<p>Redd for: Dommerpoengene til Nadya Khamitskaya! <\/p>\n<p>Ser p\u00e5: Klassiske teaterstykker og Love Island 2024.\u00a0<\/p>\n<p>N\u00e5r gr\u00e5t du sist? Jeg er jo veldig glad, men det kommer noen t\u00e5rer n\u00e5r jeg snakker om Kristopher.\u00a0<\/p>\n<p>Det klokeste r\u00e5det du har f\u00e5tt? Sacha Baron Cohen sa han gav seg selv 5 \u00e5r for \u00e5 lykkes. Det tok meg 8 \u00e5r, men jeg gav meg heldigvis ikke!\u00a0<\/p>\n<p>Din mest dramatiske opplevelse? Da Simon Cowell introduserte meg feil foran den britiske kongefamilien i Royal Albert Hall. Nervene var i h\u00f8yspenn, men jeg l\u00f8p ut p\u00e5 scenen og ropte: Simon, you have to do the introduction One More Time! Det fikk de kongelige til \u00e5 knekke sammen i latter.\u00a0<\/p>\n<p>\u00a0Hva gj\u00f8r deg forbanna? Jeg blir forbanna n\u00e5r jeg detter ut av de fine koreografiene til Rikke.\u00a0<\/p>\n<p>Hva gj\u00f8r deg glad? Tango!\u00a0<\/p>\n<p>Oppsummer helsa di i en setning: Etter at jeg r\u00f8yk menisken i uke 2 av &laquo;Skal vi danse&raquo; sa fysioterapeuten: Du har dessverre veldig svake muskler i ankler og kn\u00e6r, men det er \u00e9n muskel som er veldig sterk og som kan redde deg: Hjertet ditt.\u00a0<\/p>\n<p>Hva gj\u00f8r du hvis du er statsminister for en dag? Gj\u00f8r Refleksdagen til fridag for alle barn! S\u00e5 ringer jeg Emilie Enger Mehl umiddelbart og sp\u00f8r om hjelp, hun er b\u00e5de veldig hyggelig og veldig flink.\u00a0<\/p>\n<p>Hva vet ikke folk (flest) om deg? At jeg har undervist klovn for masterstudenter i teater p\u00e5 flere universiteter i England, men glemte stort sett \u00e5 sende faktura.\u00a0<\/p>\n<p>Hva gj\u00f8r du om ti \u00e5r? Lufter hunden og henter barna i barnehagen f\u00f8r jeg rusler ned p\u00e5 operaen for \u00e5 gj\u00f8re en forestilling med nasjonalballetten. Det er vel lov \u00e5 dr\u00f8mme?\u00a0<\/p>\n<p>      Vis mer<br \/>\n      Vis mindre<\/p>\n","protected":false},"excerpt":{"rendered":"Det var russed\u00e5p den kvelden. Bj\u00f8rkeknoppene var i ferd med \u00e5 springe ut, et lysegr\u00f8nt varsel om gode&hellip;\n","protected":false},"author":2,"featured_media":121687,"comment_status":"","ping_status":"","sticky":false,"template":"","format":"standard","meta":{"footnotes":""},"categories":[10],"tags":[20,21,24,25,15,22,23,14445,13,30,28,29,14,16,2280,26,27,2290],"class_list":{"0":"post-121686","1":"post","2":"type-post","3":"status-publish","4":"format-standard","5":"has-post-thumbnail","7":"category-norge","8":"tag-breaking-news","9":"tag-breakingnews","10":"tag-featured-news","11":"tag-featurednews","12":"tag-headlines","13":"tag-latest-news","14":"tag-latestnews","15":"tag-magasinet","16":"tag-news","17":"tag-no","18":"tag-norge","19":"tag-norway","20":"tag-nyheter","21":"tag-overskrifter","22":"tag-skal-vi-danse","23":"tag-top-stories","24":"tag-topstories","25":"tag-viggo-venn"},"share_on_mastodon":{"url":"https:\/\/pubeurope.com\/@no\/115781142426556726","error":""},"_links":{"self":[{"href":"https:\/\/www.europesays.com\/no\/wp-json\/wp\/v2\/posts\/121686","targetHints":{"allow":["GET"]}}],"collection":[{"href":"https:\/\/www.europesays.com\/no\/wp-json\/wp\/v2\/posts"}],"about":[{"href":"https:\/\/www.europesays.com\/no\/wp-json\/wp\/v2\/types\/post"}],"author":[{"embeddable":true,"href":"https:\/\/www.europesays.com\/no\/wp-json\/wp\/v2\/users\/2"}],"replies":[{"embeddable":true,"href":"https:\/\/www.europesays.com\/no\/wp-json\/wp\/v2\/comments?post=121686"}],"version-history":[{"count":0,"href":"https:\/\/www.europesays.com\/no\/wp-json\/wp\/v2\/posts\/121686\/revisions"}],"wp:featuredmedia":[{"embeddable":true,"href":"https:\/\/www.europesays.com\/no\/wp-json\/wp\/v2\/media\/121687"}],"wp:attachment":[{"href":"https:\/\/www.europesays.com\/no\/wp-json\/wp\/v2\/media?parent=121686"}],"wp:term":[{"taxonomy":"category","embeddable":true,"href":"https:\/\/www.europesays.com\/no\/wp-json\/wp\/v2\/categories?post=121686"},{"taxonomy":"post_tag","embeddable":true,"href":"https:\/\/www.europesays.com\/no\/wp-json\/wp\/v2\/tags?post=121686"}],"curies":[{"name":"wp","href":"https:\/\/api.w.org\/{rel}","templated":true}]}}