{"id":121694,"date":"2025-12-25T16:36:21","date_gmt":"2025-12-25T16:36:21","guid":{"rendered":"https:\/\/www.europesays.com\/no\/121694\/"},"modified":"2025-12-25T16:36:21","modified_gmt":"2025-12-25T16:36:21","slug":"tara-reid-hevder-a-ha-blitt-dopet-ned-politiet-henlegger-saken","status":"publish","type":"post","link":"https:\/\/www.europesays.com\/no\/121694\/","title":{"rendered":"Tara Reid hevder \u00e5 ha blitt dopet ned: Politiet henlegger saken"},"content":{"rendered":"<p class=\"kicker \" style=\"\">Tara Reid:\u00a0<\/p>\n<p>  Skuespilleren f\u00f8ler seg mobbet etter at politiet henla doping-saken.<\/p>\n<p>\n    HARDT UT: Etter at politiet henla saken om den p\u00e5st\u00e5tte ned-dopingen, sier Tara Reid at hun f\u00f8ler seg mobbet. Foto: SplashNews.com\/ NTB\n  <\/p>\n<p>Nylig gikk\u00a0<a href=\"https:\/\/www.seher.no\/kjendis\/sjokkbildene-han-ville-voldta-meg\/83897962\" rel=\"nofollow noopener\" target=\"_blank\">\u00abAmerican Pie\u00bb-stjernen Tara Reid (50)<\/a>\u00a0ut og hevdet at hun ble dopet ned i en hotellbar i Chicago.\u00a0<\/p>\n<p>Tara fortalte til kjendismagasinet\u00a0<a href=\"https:\/\/www.tmz.com\/2025\/11\/24\/tara-reid-drugged\/\" rel=\"nofollow noopener\" target=\"_blank\">TMZ<\/a>\u00a0at hun bestilte seg vin i baren, f\u00f8r hun gikk ut for \u00e5 ta seg en sigarett og lot vinglasset st\u00e5 igjen. Da hun kom tilbake var det angivelig lagt en serviett over glasset, noe hun hevder hun aldri gjorde selv.\u00a0<\/p>\n<p>    <a itemprop=\"url\" href=\"https:\/\/www.seher.no\/kjendis\/tatt-pa-fersken-med-ny-flamme\/84000220\" rel=\"nofollow noopener\" target=\"_blank\"><\/p>\n<p>        <img loading=\"lazy\" decoding=\"async\" src=\"https:\/\/www.europesays.com\/no\/wp-content\/uploads\/2025\/12\/1766680576_482_84000232.webp\" width=\"980\" height=\"441\" title=\"Tatt p\u00e5 fersken med ny flamme\" alt=\"\" class=\"lazyload\" style=\"--aspect-ratio-image: 2.22; \"\/><\/p>\n<p>        Tatt p\u00e5 fersken med ny flamme<\/p>\n<p>    <\/a><\/p>\n<p>Politiet henla saken\t<\/p>\n<p>Onsdag denne uken bekreftet det lokale politiet i Rosemont \u00a0at saken ble henlagt 11. desember fordi de ikke fant bevis som st\u00f8ttet Reids p\u00e5stander. De understrekte samtidig overfor kjendismagasinet\u00a0<a href=\"https:\/\/people.com\/tara-reid-responds-after-police-close-investigation-into-her-drugging-claim-11863175\" target=\"_blank\" rel=\"nofollow noopener\">People<\/a> at det ikke betyr at de ikke tror p\u00e5 Reids forklaring.\u00a0<\/p>\n<p>        <img loading=\"lazy\" decoding=\"async\" src=\"https:\/\/www.europesays.com\/no\/wp-content\/uploads\/2025\/12\/84005479.webp\" width=\"686\" height=\"844\" title=\"I RULLESTOL: I november hevdet Tara Reid at hun ble dopet ned p\u00e5 en hotellbar. Her blir skuespilleren plassert i en rullestol, og ble senere hentet av en ambulanse. Foto: NTB\" alt=\"\" class=\"\" style=\"--aspect-ratio-image: 0.81; \"\/><\/p>\n<p>\n        I RULLESTOL: I november hevdet Tara Reid at hun ble dopet ned p\u00e5 en hotellbar. Her blir skuespilleren plassert i en rullestol, og ble senere hentet av en ambulanse. Foto: NTB\n    <\/p>\n<p>N\u00e5 forteller Reid, via en talsperson, at hun \u00aber knust\u00bb etter at politiet la ned etterforskningen.\u00a0<\/p>\n<p>&#8211; All mobbingen jeg har blitt utsatt for siden, og alle som vrir og vender p\u00e5 sannheten uten \u00e5 ha fakta. Det p\u00e5virker virkelig min mentale helse. Det m\u00e5 stoppe, sier hun til <a href=\"https:\/\/pagesix.com\/2025\/12\/17\/celebrity-news\/tara-reid-reacts-after-police-close-investigation-into-drugging-claim\/\" rel=\"nofollow noopener\" target=\"_blank\">Page Six<\/a>.\u00a0<\/p>\n<p>        FALLER: \u00abRampenissen\u00bb-deltakerne f\u00e5r seg en sjokkerende start i dagens luke. Video: \u00abRampenissen\u00bb\/ TV 2\/ R\u00f8d L\u00f8per<\/p>\n<p class=\"font-weight-bold m-font-weight-bold\" data-lab-font_weight=\"font-weight-bold\">Reid hevder at overv\u00e5kningsvideoer viser noe helt annet enn det som har blitt fremstilt i media.<\/p>\n<p>&#8211; De f\u00e5r det til \u00e5 virke som om jeg drakk masse vin p\u00e5 en gang og endte opp p\u00e5 en b\u00e5re, men etter \u00e5 ha sett opptakene er det ikke det som skjedde i det hele tatt, forklarer hun.<\/p>\n<p>        <img loading=\"lazy\" decoding=\"async\" src=\"https:\/\/www.europesays.com\/no\/wp-content\/uploads\/2025\/12\/84006230.webp\" width=\"686\" height=\"453\" title=\"POPUL\u00c6R: Tara Reid er kanskje er best kjent i rollen som Vicky Lathum i \u00abAmerican Pie\u00bb-filmene. Her er hun med kollega Thomas Ian Nicholas. Foto: Vivian Zink \/ Universal \/ Kobal \/ REX\" alt=\"\" class=\"\" style=\"--aspect-ratio-image: 1.51; \"\/><\/p>\n<p>\n        POPUL\u00c6R: Tara Reid er kanskje er best kjent i rollen som Vicky Lathum i \u00abAmerican Pie\u00bb-filmene. Her er hun med kollega Thomas Ian Nicholas. Foto: Vivian Zink \/ Universal \/ Kobal \/ REX\n    <\/p>\n<p>Skuespilleren forteller ogs\u00e5 at hun bare tok \u00e9n slurk vin i l\u00f8pet av over 30 minutter, og at hun avslo da bartenderen spurte om hun ville ha mer.<\/p>\n<p>Flere minutter mangler\t<\/p>\n<p>Reid hevder overfor<a href=\"https:\/\/www.dailymail.co.uk\/tvshowbiz\/article-15393585\/Tara-Reid-KATIE-HIND-spiked-hotel-footage.html\" rel=\"nofollow noopener\" target=\"_blank\"> Daily Mail<\/a> at 33 minutter av overv\u00e5kningsopptakene fra 23. november mangler.<\/p>\n<p>Skuespilleren har gjengitt til kjendismagasinet hva politiet har sagt til henne, og gjenforteller blant annet at en politibetjent skal ha uttalt:<\/p>\n<p>&#8211; Jeg vil bare nok en gang understreke at vi har unders\u00f8kt alt vi kan p\u00e5 hotellet og alt som skjedde den kvelden, snakket med alle vi kan, og sett gjennom all tilgjengelig video. P\u00e5 dette tidspunktet vil jeg ikke at det skal h\u00f8res ut som om vi ikke tror at noe har skjedd.<\/p>\n<p>    <a itemprop=\"url\" href=\"https:\/\/www.seher.no\/kjendis\/kjorte-fra-alvorlig-ulykke\/84004441\" rel=\"nofollow noopener\" target=\"_blank\"><\/p>\n<p>        <img loading=\"lazy\" decoding=\"async\" src=\"https:\/\/www.europesays.com\/no\/wp-content\/uploads\/2025\/12\/84004508.webp\" width=\"980\" height=\"441\" title=\"Kj\u00f8rte fra alvorlig ulykke\" alt=\"\" class=\"lazyload\" style=\"--aspect-ratio-image: 2.22; \"\/><\/p>\n<p>        Kj\u00f8rte fra alvorlig ulykke<\/p>\n<p>    <\/a><\/p>\n<p>V\u00e5knet p\u00e5 sykehuset\t<\/p>\n<p>Reid har uttalt at hun v\u00e5knet p\u00e5 sykehuset, flere timer etter at hun var i baren.\u00a0<\/p>\n<p>&#8211; Ingen havner p\u00e5 sykehuset i rundt 11 timer bare av \u00e5 drikke vin. Jeg hadde ikke tatt noen medisiner den dagen, og jeg vet at noe ikke stemte, sier hun til Page Six.\u00a0<\/p>\n","protected":false},"excerpt":{"rendered":"Tara Reid:\u00a0 Skuespilleren f\u00f8ler seg mobbet etter at politiet henla doping-saken. HARDT UT: Etter at politiet henla saken&hellip;\n","protected":false},"author":2,"featured_media":121695,"comment_status":"","ping_status":"","sticky":false,"template":"","format":"standard","meta":{"footnotes":""},"categories":[58],"tags":[71,479,2543,30,28,29,12431,72],"class_list":{"0":"post-121694","1":"post","2":"type-post","3":"status-publish","4":"format-standard","5":"has-post-thumbnail","7":"category-underholdning","8":"tag-entertainment","9":"tag-kjendis","10":"tag-kjendisdesken","11":"tag-no","12":"tag-norge","13":"tag-norway","14":"tag-tara-reid","15":"tag-underholdning"},"share_on_mastodon":{"url":"https:\/\/pubeurope.com\/@no\/115781185602920215","error":""},"_links":{"self":[{"href":"https:\/\/www.europesays.com\/no\/wp-json\/wp\/v2\/posts\/121694","targetHints":{"allow":["GET"]}}],"collection":[{"href":"https:\/\/www.europesays.com\/no\/wp-json\/wp\/v2\/posts"}],"about":[{"href":"https:\/\/www.europesays.com\/no\/wp-json\/wp\/v2\/types\/post"}],"author":[{"embeddable":true,"href":"https:\/\/www.europesays.com\/no\/wp-json\/wp\/v2\/users\/2"}],"replies":[{"embeddable":true,"href":"https:\/\/www.europesays.com\/no\/wp-json\/wp\/v2\/comments?post=121694"}],"version-history":[{"count":0,"href":"https:\/\/www.europesays.com\/no\/wp-json\/wp\/v2\/posts\/121694\/revisions"}],"wp:featuredmedia":[{"embeddable":true,"href":"https:\/\/www.europesays.com\/no\/wp-json\/wp\/v2\/media\/121695"}],"wp:attachment":[{"href":"https:\/\/www.europesays.com\/no\/wp-json\/wp\/v2\/media?parent=121694"}],"wp:term":[{"taxonomy":"category","embeddable":true,"href":"https:\/\/www.europesays.com\/no\/wp-json\/wp\/v2\/categories?post=121694"},{"taxonomy":"post_tag","embeddable":true,"href":"https:\/\/www.europesays.com\/no\/wp-json\/wp\/v2\/tags?post=121694"}],"curies":[{"name":"wp","href":"https:\/\/api.w.org\/{rel}","templated":true}]}}