{"id":121699,"date":"2025-12-25T16:54:29","date_gmt":"2025-12-25T16:54:29","guid":{"rendered":"https:\/\/www.europesays.com\/no\/121699\/"},"modified":"2025-12-25T16:54:29","modified_gmt":"2025-12-25T16:54:29","slug":"leah-behn-lommedalen-leah-behn-om-faren-jeg-tror-han-hadde-hatt-det-bedre","status":"publish","type":"post","link":"https:\/\/www.europesays.com\/no\/121699\/","title":{"rendered":"Leah Behn, Lommedalen | Leah Behn om faren: \u2013 Jeg tror han hadde hatt det bedre"},"content":{"rendered":"\n<p>(<a href=\"https:\/\/www.nettavisen.no\/kjendis\/leah-behn-apner-opp-om-julen-uten-faren\/s\/5-95-2795998\" rel=\"Follow nofollow noopener\" target=\"_blank\">Nettavisen:<\/a>) F\u00f8rste juledag 2019 slo nyheten om at Ari Behn hadde tatt sitt eget liv ned som et sjokk over Norge. Han ble bare 47 \u00e5r gammel.<\/p>\n<p>Han etterlot seg tre d\u00f8tre, Leah Isadora (20), Maud Angelica (22) og Emma Tallulah (17), som han fikk sammen med prinsesse M\u00e4rtha Louise (54).<\/p>\n<p>Lille julaften deler Leah Behn en r\u00f8rende TikTok-video om sorgen etter \u00e5 ha mistet faren, med en oppfordring om \u00e5 ta vare p\u00e5 hverandre.<\/p>\n<p>\u00abJeg har alltid et m\u00e5l om \u00e5 utfordre meg selv, og selv om jeg synes det er skummelt \u00e5 v\u00e6re s\u00e5rbar, synes jeg det er viktigere \u00e5 vise at du ikke er alene\u00bb, skriver hun til videoen.<\/p>\n<p>\u2013 Ikke gi opp<\/p>\n<p>Behn forteller innledningsvis at det er vanskelig for henne \u00e5 snakke h\u00f8yt om det som skjedde, s\u00e6rlig uten \u00e5 bryte sammen i t\u00e5rer.<\/p>\n<p>\u2013 For snart seks \u00e5r siden, mistet jeg faren min til selvmord. Jeg pr\u00f8ver \u00e5 komme gjennom denne videoen uten \u00e5 gr\u00e5te. Jeg sier ikke det h\u00f8yt s\u00e5 ofte, s\u00e5 det er rart \u00e5 si det som det er. Jeg liker bedre \u00e5 si at han d\u00f8de eller gikk bort fordi det er hardt \u00e5 si m\u00e5ten han gikk bort p\u00e5, sier hun med t\u00e5rer i \u00f8ynene.<\/p>\n<p>Hun vil samtidig dele at julen kan v\u00e6re en s\u00e5r og krevende tid for mange, og oppfordrer til \u00e5 vise omtanke ved \u00e5 sp\u00f8rre dem rundt seg hvordan de har det i julen.<\/p>\n<p>\u2013 Det er en veldig rar situasjon \u00e5 miste en forelder som 14-\u00e5ring. Han valgte \u00e5 ikke leve mer p\u00e5 julaften eller f\u00f8rste juledag. Hver gang jeg snakker om pappa, s\u00e5 f\u00f8ler jeg det blir sett p\u00e5 som at folk skal synes synd p\u00e5 meg, men det er akkurat det jeg ikke vil og derfor jeg ikke snakker om det.<\/p>\n<p>  <a href=\"https:\/\/www.budstikka.no\/5-55-2128907\" class=\"related-teaser has-image default-story-teaser article--c-eRUmMG article--c-eRUmMG-jKCPdD-design-default\" rel=\"nofollow noopener\" target=\"_blank\"><\/p>\n<p>    <img decoding=\"async\" loading=\"lazy\"  src=\"https:\/\/www.europesays.com\/no\/wp-content\/uploads\/2025\/12\/SORG-333.jpg\" alt=\"\" class=\"brick-c-cFOWSL\" style=\"\"\/><\/p>\n<p>\n            Les ogs\u00e5<\/p>\n<p>              Maud Angelica: \u2013 I desember er jeg alltid trist\n        <\/p>\n<p>  <\/a><\/p>\n<p>Hun sier det ogs\u00e5 gj\u00f8r vondt \u00e5 tenke p\u00e5 at faren kunne hatt det godt i dag.<\/p>\n<p>\u2013 Hvis du har det vanskelig selv, s\u00e5 ikke gi opp. Be om hjelp. Jeg tror virkelig at hvis pappa levde i dag, s\u00e5 hadde han hatt det bedre. Jeg tror virkelig det. Jeg tror han hadde hatt det skikkelig bra, og det er veldig trist.<\/p>\n<p>    Vil du se neste video?<\/p>\n<p>    <a href=\"https:\/\/www.budstikka.no\/sa-mye-tid-sparer-du-pa-nye-e16\/v\/5-55-2164497\" class=\"recommend-poster\" data-adp-clicklabel=\"video-recommend\" data-adp-clickvalue=\"poster\" rel=\"nofollow noopener\" target=\"_blank\"><\/p>\n<p>S\u00e5 mye tid sparer du p\u00e5 nye E161:14<\/p>\n<p>    <\/a><\/p>\n<p>Nettavisen har fors\u00f8kt \u00e5 kontakte Leah Behn gjennom hennes manager, men har forel\u00f8pig ikke f\u00e5tt svar. <\/p>\n<p>Hylles i kommentarfeltet<\/p>\n<p>Behn publiserte videoen p\u00e5 kvelden lille julaften, og p\u00e5 kort tid har den f\u00e5tt over 280.000 visninger og over 50.000 likerklikk.<\/p>\n<p>I kommentarfeltet str\u00f8mmer det inn st\u00f8ttende hilsener fra b\u00e5de venner, offentlige profiler og f\u00f8lgere.<\/p>\n<p>\u00abSorg er som glitter! F\u00f8rst er det overalt, og over tid vil det dukke opp helt ut av det bl\u00e5. Som n\u00e5r du \u00e5pner et fotoalbum du ikke har sett i p\u00e5 lenge, f\u00f8r du en dag snur sofaputene eller ser raketter p\u00e5 nytt\u00e5rsaften\u00bb, skriver influenser Jonas Braaten.<\/p>\n<p>            Trenger du noen \u00e5 snakke med?<\/p>\n<p>Det finnes flere hjelpetelefoner, chat-tjenester og st\u00f8ttegrupper der du kan dele tanker og f\u00f8lelser helt anonymt, og f\u00e5 st\u00f8tte, r\u00e5d og veiledning.<\/p>\n<p>\u00abLeah. Du er s\u00e5 fin\u00bb, skriver \u00abSkal vi danse\u00bb-deltaker Trygve Bennetsen (23).<\/p>\n<p>  <a href=\"https:\/\/www.budstikka.no\/5-55-1756341\" class=\"related-teaser has-image default-story-teaser article--c-eRUmMG article--c-eRUmMG-jKCPdD-design-default\" rel=\"nofollow noopener\" target=\"_blank\"><\/p>\n<p>    <img decoding=\"async\" loading=\"lazy\"  src=\"https:\/\/www.europesays.com\/no\/wp-content\/uploads\/2025\/12\/leah+behn4.jpg\" alt=\"\" class=\"brick-c-cFOWSL\" style=\"\"\/><\/p>\n<p>\n            Les ogs\u00e5<\/p>\n<p>              Leah Behn deler romantisk bilde med mystisk mann\n        <\/p>\n<p>  <\/a><\/p>\n<p>Ogs\u00e5 influenser Sebastian Solberg (34) har lagt igjen en kommentar.<\/p>\n<p>\u00abDu er en t\u00f8ffing. S\u00e5 fint, t\u00f8ft og bra at du klarer \u00e5 snakke om det\u00bb, skriver han. <\/p>\n","protected":false},"excerpt":{"rendered":"(Nettavisen:) F\u00f8rste juledag 2019 slo nyheten om at Ari Behn hadde tatt sitt eget liv ned som et&hellip;\n","protected":false},"author":2,"featured_media":120906,"comment_status":"","ping_status":"","sticky":false,"template":"","format":"standard","meta":{"footnotes":""},"categories":[58],"tags":[36,997,71,4447,1547,30,28,29,1510,72],"class_list":{"0":"post-121699","1":"post","2":"type-post","3":"status-publish","4":"format-standard","5":"has-post-thumbnail","7":"category-underholdning","8":"tag-art","9":"tag-baerum","10":"tag-entertainment","11":"tag-leah-behn","12":"tag-lommedalen","13":"tag-no","14":"tag-norge","15":"tag-norway","16":"tag-story","17":"tag-underholdning"},"share_on_mastodon":{"url":"https:\/\/pubeurope.com\/@no\/115781256378313469","error":""},"_links":{"self":[{"href":"https:\/\/www.europesays.com\/no\/wp-json\/wp\/v2\/posts\/121699","targetHints":{"allow":["GET"]}}],"collection":[{"href":"https:\/\/www.europesays.com\/no\/wp-json\/wp\/v2\/posts"}],"about":[{"href":"https:\/\/www.europesays.com\/no\/wp-json\/wp\/v2\/types\/post"}],"author":[{"embeddable":true,"href":"https:\/\/www.europesays.com\/no\/wp-json\/wp\/v2\/users\/2"}],"replies":[{"embeddable":true,"href":"https:\/\/www.europesays.com\/no\/wp-json\/wp\/v2\/comments?post=121699"}],"version-history":[{"count":0,"href":"https:\/\/www.europesays.com\/no\/wp-json\/wp\/v2\/posts\/121699\/revisions"}],"wp:featuredmedia":[{"embeddable":true,"href":"https:\/\/www.europesays.com\/no\/wp-json\/wp\/v2\/media\/120906"}],"wp:attachment":[{"href":"https:\/\/www.europesays.com\/no\/wp-json\/wp\/v2\/media?parent=121699"}],"wp:term":[{"taxonomy":"category","embeddable":true,"href":"https:\/\/www.europesays.com\/no\/wp-json\/wp\/v2\/categories?post=121699"},{"taxonomy":"post_tag","embeddable":true,"href":"https:\/\/www.europesays.com\/no\/wp-json\/wp\/v2\/tags?post=121699"}],"curies":[{"name":"wp","href":"https:\/\/api.w.org\/{rel}","templated":true}]}}