{"id":121700,"date":"2025-12-25T17:06:10","date_gmt":"2025-12-25T17:06:10","guid":{"rendered":"https:\/\/www.europesays.com\/no\/121700\/"},"modified":"2025-12-25T17:06:10","modified_gmt":"2025-12-25T17:06:10","slug":"nar-det-blir-for-mye-bikker-det-over-fra-a-vaere-sott-til-a-bli-bittert-fvn-no","status":"publish","type":"post","link":"https:\/\/www.europesays.com\/no\/121700\/","title":{"rendered":"(+) \u2013 N\u00e5r det blir for mye bikker det over fra \u00e5 v\u00e6re s\u00f8tt til \u00e5 bli bittert &#8211; fvn.no"},"content":{"rendered":"<ol>\n<li><a href=\"https:\/\/news.google.com\/rss\/articles\/CBMirAFBVV95cUxOS3AxaEhickppTTFBN3J4V3BVVXdoNnJac0dzNTVFUnhRc2ZTektMdU54OXIxSjU2RXlvLUh3X1ZGc0x3V21pR3F4Z2U1ZFIyMEdvVXB6UWVoY0VQY3R5NG9sM1RrbmlDTTlUVXRWV1hQMVZReVdiMWotenpoUFNuRXYzVjNQUDE2cFAtbUtzRkFfNFdGc2ZxeUJXd1FkOVBGMVh0Sk9BWkE4TFN3?oc=5\" target=\"_blank\" rel=\"nofollow noopener\">(+) \u2013 N\u00e5r det blir for mye bikker det over fra \u00e5 v\u00e6re s\u00f8tt til \u00e5 bli bittert<\/a>&nbsp;&nbsp;fvn.no<\/li>\n<li><a href=\"https:\/\/news.google.com\/rss\/articles\/CBMif0FVX3lxTE5tdTd1REdUdTZoSXV5Y1N2VlgzdFd5V2xYQ1NNUXZJNlRBQ3M1OWgwNEEyNTdZc2NCdmFhLWZRVVhhRnZ4bUxTZGh6dDUzYUt4T3JQTUJSWVYzb2stOTdiakdteEs4Z0NhLUxIUGFhTm5XVklJeVprblA0Qlh5TGM?oc=5\" target=\"_blank\" rel=\"nofollow noopener\">\u2013 Dropp vinflaska under juletreet<\/a>&nbsp;&nbsp;fjordingen.no<\/li>\n<li><a href=\"https:\/\/news.google.com\/rss\/articles\/CBMirgFBVV95cUxOZHc0LVEyQ2MtN2NOc2hfTHJBZktmSy1yMzUwRUlqczRrUmRQelNYSUJiaUZLdGhGVGYtOVd4WUhRZnpBWGhoQUFzM0otTE1Mb0V4Tmt6d1dDc3k5WUxUVERISEN5cFZwTGFRYmRRY1VEak9lN0RKdzJDTHJtcFlLN1BNU2tjMVBjS2UzeXJCdFF1VHJUOVF5eVE0QVBKQzBscW45SXF6b1kzTWhXR2c?oc=5\" target=\"_blank\" rel=\"nofollow noopener\">(+) \u2013 Det voksne oppfatter som god stemning, kan kjennes utrygt for barna<\/a>&nbsp;&nbsp;altaposten.no<\/li>\n<li><a href=\"https:\/\/news.google.com\/rss\/articles\/CBMid0FVX3lxTE4tMVBwS0ZGZ0VJbm50VEdSbENhUUtFb2NCSHE4cEJmb3NLOUh4Y1dxQ0tuVk1HczF6eFZRNnBPSlB6WjZ5V2dwWEpUdXdHOTRpLUlNbnNQODdFZXdpb2Q5Tl9MY0hMazBncHdZNVJFeFFwZUJEMDFV?oc=5\" target=\"_blank\" rel=\"nofollow noopener\">Alkoholen tok jula fr\u00e5 \u00abKari\u00bb<\/a>&nbsp;&nbsp;Firdaposten<\/li>\n<li><a href=\"https:\/\/news.google.com\/rss\/articles\/CBMiqwFBVV95cUxOUkt1M2EzZ2VYSDYyU0hrckxxd2lGcUtMMnNjbGNCSW51ZDlZMzZjdklUTzlkS1pzSDBuQW5sM2Q3UnNucE9iT1pLb1YzSkdWRnNESjdWaDY1b1FLdTlyU2FXa0JLV2lKTmRKWFFGdHduaHhRbjRxUXdWVmRxLUtFN0VjOGkyVEhnRnB4aU1jU2ZvWTNDMl9aRW5lclNScEhBWmk4ZmVMMXo4bmc?oc=5\" target=\"_blank\" rel=\"nofollow noopener\">(+) \u2013 En jul med for mye drikking er ikke glemt av barnet f\u00f8rste uka i januar<\/a>&nbsp;&nbsp;ht.no<\/li>\n<\/ol>\n","protected":false},"excerpt":{"rendered":"(+) \u2013 N\u00e5r det blir for mye bikker det over fra \u00e5 v\u00e6re s\u00f8tt til \u00e5 bli bittert&nbsp;&nbsp;fvn.no&hellip;\n","protected":false},"author":2,"featured_media":121701,"comment_status":"","ping_status":"","sticky":false,"template":"","format":"standard","meta":{"footnotes":""},"categories":[10],"tags":[1095,1301,20,21,3524,24,25,15,10512,7522,22,23,13,30,28,29,14,16,26,27,14446],"class_list":{"0":"post-121700","1":"post","2":"type-post","3":"status-publish","4":"format-standard","5":"has-post-thumbnail","7":"category-norge","8":"tag-alkohol","9":"tag-barn","10":"tag-breaking-news","11":"tag-breakingnews","12":"tag-drikke","13":"tag-featured-news","14":"tag-featurednews","15":"tag-headlines","16":"tag-hoytid","17":"tag-jula","18":"tag-latest-news","19":"tag-latestnews","20":"tag-news","21":"tag-no","22":"tag-norge","23":"tag-norway","24":"tag-nyheter","25":"tag-overskrifter","26":"tag-top-stories","27":"tag-topstories","28":"tag-universitetet-i-agder-uia"},"share_on_mastodon":{"url":"https:\/\/pubeurope.com\/@no\/115781303581637511","error":""},"_links":{"self":[{"href":"https:\/\/www.europesays.com\/no\/wp-json\/wp\/v2\/posts\/121700","targetHints":{"allow":["GET"]}}],"collection":[{"href":"https:\/\/www.europesays.com\/no\/wp-json\/wp\/v2\/posts"}],"about":[{"href":"https:\/\/www.europesays.com\/no\/wp-json\/wp\/v2\/types\/post"}],"author":[{"embeddable":true,"href":"https:\/\/www.europesays.com\/no\/wp-json\/wp\/v2\/users\/2"}],"replies":[{"embeddable":true,"href":"https:\/\/www.europesays.com\/no\/wp-json\/wp\/v2\/comments?post=121700"}],"version-history":[{"count":0,"href":"https:\/\/www.europesays.com\/no\/wp-json\/wp\/v2\/posts\/121700\/revisions"}],"wp:featuredmedia":[{"embeddable":true,"href":"https:\/\/www.europesays.com\/no\/wp-json\/wp\/v2\/media\/121701"}],"wp:attachment":[{"href":"https:\/\/www.europesays.com\/no\/wp-json\/wp\/v2\/media?parent=121700"}],"wp:term":[{"taxonomy":"category","embeddable":true,"href":"https:\/\/www.europesays.com\/no\/wp-json\/wp\/v2\/categories?post=121700"},{"taxonomy":"post_tag","embeddable":true,"href":"https:\/\/www.europesays.com\/no\/wp-json\/wp\/v2\/tags?post=121700"}],"curies":[{"name":"wp","href":"https:\/\/api.w.org\/{rel}","templated":true}]}}