{"id":121710,"date":"2025-12-25T17:20:39","date_gmt":"2025-12-25T17:20:39","guid":{"rendered":"https:\/\/www.europesays.com\/no\/121710\/"},"modified":"2025-12-25T17:20:39","modified_gmt":"2025-12-25T17:20:39","slug":"han-sprer-glede-til-alle-rundt-seg","status":"publish","type":"post","link":"https:\/\/www.europesays.com\/no\/121710\/","title":{"rendered":"\u2013 Han sprer glede til alle rundt seg"},"content":{"rendered":"\n<ul class=\"_list_o9xde_3 _list_64s2r_85 _unordered_o9xde_106 text-sans-m\">\n<li class=\"_item_o9xde_30\">Aksel veide bare 500 gram da han ble f\u00f8dt i uke 23.<\/li>\n<li class=\"_item_o9xde_30\">Legene ga d\u00e5rlige prognoser, men i dag er han en frisk og glad ti\u00e5ring.<\/li>\n<li class=\"_item_o9xde_30\">Aksel har f\u00e5tt en autismediagnose, noe som krever spesielle hensyn.<\/li>\n<li class=\"_item_o9xde_30\">Familien har taklet utfordringene sammen og f\u00f8ler i dag en stor takknemlighet.<\/li>\n<\/ul>\n<p>Vis mer <\/p>\n<p class=\"_paragraph_o9xde_4 _paragraph_xtcu6_10 layout-component text-serif-m layout-normal text-serif-m layout-padded\">Aksel veide bare 500 gram da han kom til verden i uke 23. Det er halve tiden av et vanlig svangerskap og i utgangspunktet den laveste grensen for n\u00e5r det kan ytes livreddende f\u00f8rstehjelp til for tidlig f\u00f8dte i Norge.<\/p>\n<p class=\"_paragraph_o9xde_4 _paragraph_xtcu6_10 layout-component text-serif-m layout-normal text-serif-m layout-padded\">Ti \u00e5r har g\u00e5tt siden VG m\u00f8tte foreldrene som \u2013 mot alle odds \u2013 kunne reise hjem fra St. Olavs hospital i Trondheim med en livskraftig og lubben baby, fire m\u00e5neder etter den ekstremt premature f\u00f8dselen.<\/p>\n<p><img alt=\"\" class=\"_image_qp4xg_65 layout-component layout-normal\" data-fullscreen- data-track-element-type=\"Article image fullscreen\" data-track-name=\"ImageFullscreen\" decoding=\"async\" loading=\"lazy\" height=\"5073\" itemprop=\"image\"  src=\"https:\/\/www.europesays.com\/no\/wp-content\/uploads\/2025\/12\/2d9d5afb-7d24-4064-874a-9faa24ded5ed\"  style=\"object-position:42.881431105854524% 47.31914054799921%\" width=\"6764\"\/><\/p>\n<p class=\"_paragraph_o9xde_4 _paragraph_xtcu6_10 layout-component text-serif-m layout-normal text-serif-m layout-padded\">Legene informerte mamma Bridget og pappa Carl om fremtidsutsiktene: Babyen kunne bli b\u00e5de d\u00f8v og blind, f\u00e5 store lungeproblemer og cerebral parese. <\/p>\n<p class=\"_paragraph_o9xde_4 _paragraph_xtcu6_10 layout-component text-serif-m layout-normal text-serif-m layout-padded\"><strong class=\"_strong_o9xde_25\">Hvis han overlevde. <\/strong><\/p>\n<p><img alt=\"Foto: Privat\" class=\"_image_qp4xg_65 layout-component layout-normal\" data-fullscreen- data-track-element-type=\"Article image fullscreen\" data-track-name=\"ImageFullscreen\" decoding=\"async\" loading=\"lazy\" height=\"2434\" itemprop=\"image\"  src=\"https:\/\/www.europesays.com\/no\/wp-content\/uploads\/2025\/12\/36f81afd-fb1b-41db-ba08-86146c98bee2\"  style=\"object-position:0% 0%\" width=\"3245\"\/>Foto: Privat<\/p>\n<p class=\"_paragraph_o9xde_4 _paragraph_xtcu6_10 layout-component text-serif-m layout-normal text-serif-m layout-padded\">Men i dag er Aksel fysisk frisk og b\u00e5de st\u00f8rre og sterkere enn de fleste barn p\u00e5 sin alder. Og han er familiens solstr\u00e5le.<\/p>\n<p class=\"_paragraph_o9xde_4 _paragraph_xtcu6_10 layout-component text-serif-m layout-normal text-serif-m layout-padded\">I hj\u00f8rnesofaen hjemme i generasjonsboligen p\u00e5 Nordstrand i Oslo deler Aksel raust ut kyss og klemmer til Bridget og Carl Thodesen.<\/p>\n<p><img alt=\"\" class=\"_image_qp4xg_65 layout-component layout-left\" data-fullscreen- data-track-element-type=\"Article image fullscreen\" data-track-name=\"ImageFullscreen\" decoding=\"async\" loading=\"lazy\" height=\"4315\" itemprop=\"image\"  src=\"https:\/\/www.europesays.com\/no\/wp-content\/uploads\/2025\/12\/bc80d566-49c9-426b-b8bc-af49f3da7033\"  style=\"object-position:0% 0%\" width=\"5753\"\/><img alt=\"\" class=\"_image_qp4xg_65 layout-component layout-right\" data-fullscreen- data-track-element-type=\"Article image fullscreen\" data-track-name=\"ImageFullscreen\" decoding=\"async\" loading=\"lazy\" height=\"4795\" itemprop=\"image\"  src=\"https:\/\/www.europesays.com\/no\/wp-content\/uploads\/2025\/12\/8481a916-ab81-47c0-8ac4-d500440172e8\"  style=\"object-position:0% 0%\" width=\"6393\"\/><\/p>\n<p class=\"_paragraph_o9xde_4 _paragraph_xtcu6_10 layout-component text-serif-m layout-normal text-serif-m layout-padded\">N\u00e5r s\u00f8sknene Anja (9) og Rowan (6) kryper opp i den samme sofaen, blir det fort noen voldsomme brytekamper som ender i kj\u00e6rlige favntak.<\/p>\n<p class=\"_paragraph_o9xde_4 _paragraph_xtcu6_10 layout-component text-serif-m layout-normal text-serif-m layout-padded\">Lydniv\u00e5et og energiniv\u00e5et er h\u00f8yt. <\/p>\n<p class=\"_paragraph_o9xde_4 _paragraph_xtcu6_10 layout-component text-serif-m layout-normal text-serif-m layout-padded\">Bridget hadde termin 1. november 2015, men babyen meldte sin ankomst allerede 7. juli. Bitte lille Aksel druknet nesten i sykehusets minste bleier. <\/p>\n<p><img alt=\"Foto: Privat\" class=\"_image_qp4xg_65 layout-component layout-normal\" data-fullscreen- data-track-element-type=\"Article image fullscreen\" data-track-name=\"ImageFullscreen\" decoding=\"async\" loading=\"lazy\" height=\"1845\" itemprop=\"image\"  src=\"https:\/\/www.europesays.com\/no\/wp-content\/uploads\/2025\/12\/5b3e5392-2e18-49e1-ab79-b909b8b08411\"  style=\"object-position:0% 0%\" width=\"2460\"\/>Foto: Privat<\/p>\n<p class=\"_paragraph_o9xde_4 _paragraph_xtcu6_10 layout-component text-serif-m layout-normal text-serif-m layout-padded\">Utover h\u00f8sten l\u00e5 Bridget p\u00e5 sykehuset med babyen p\u00e5 brystet og sang \u00abI&#8217;ll be Home for Christmas\u00bb, men torde ikke tro p\u00e5 at det skulle skje.<\/p>\n<p class=\"_paragraph_o9xde_4 _paragraph_xtcu6_10 layout-component text-serif-m layout-normal text-serif-m layout-padded\">\u2013 Jeg tenkte at vi kanskje kunne komme hjem p\u00e5 en dagspermisjon, hvis vi var heldige. Dette er mye mer enn jeg kunne forvente, sa hun til VG da vi m\u00f8tte familien foren juletreet hjemme i desember 2015. <\/p>\n<p><img alt=\"Foto: Kristian Helgesen \/ VG\" class=\"_image_qp4xg_65 layout-component layout-normal\" data-fullscreen- data-track-element-type=\"Article image fullscreen\" data-track-name=\"ImageFullscreen\" decoding=\"async\" loading=\"lazy\" height=\"2607\" itemprop=\"image\"  src=\"https:\/\/www.europesays.com\/no\/wp-content\/uploads\/2025\/12\/11ba2238-6c2b-4083-8937-8bea0585a03d\"  style=\"object-position:0% 0%\" width=\"3475\"\/>Foto: Kristian Helgesen \/ VG<\/p>\n<p class=\"_paragraph_o9xde_4 _paragraph_xtcu6_10 layout-component text-serif-m layout-normal text-serif-m layout-padded\">I 2015 hadde Bridget og Carl v\u00e6rt et par i tolv \u00e5r og strevd lenge med \u00e5 f\u00e5 barn. <\/p>\n<p class=\"_paragraph_o9xde_4 _paragraph_xtcu6_10 layout-component text-serif-m layout-normal text-serif-m layout-padded\">De hadde v\u00e6rt igjennom utallige fors\u00f8k p\u00e5 kunstig befruktning. Og like f\u00f8r de skulle i gang med enda en IVFIVFIVF st\u00e5r for \u00abin vitro fertilisering\u00bb, som er en metode for \u00e5 hjelpe par med \u00e5 bli gravide ved \u00e5 befrukte et egg utenfor kroppen og deretter sette det inn i livmoren. -runde, skjedde det: Bridget ble gravid helt uten hjelp. <\/p>\n<p class=\"_paragraph_o9xde_4 _paragraph_xtcu6_10 layout-component text-serif-m layout-normal text-serif-m layout-padded\">Lykkelig leste hun alt hun kunne komme over om graviditet p\u00e5 nett.<\/p>\n<p class=\"_paragraph_o9xde_4 _paragraph_xtcu6_10 layout-component text-serif-m layout-normal text-serif-m layout-padded\">\u2013 Jeg visste n\u00e5r hjertet hans begynte \u00e5 sl\u00e5, jeg visste n\u00e5r han fikk \u00f8rer og n\u00e5r han fikk negler. Da vi rundet uke 23, leste jeg at babyen kunne overleve dersom han ble f\u00f8dt n\u00e5, sier Bridget.<\/p>\n<p><img alt=\"\" class=\"_image_qp4xg_65 layout-component layout-normal\" data-fullscreen- data-track-element-type=\"Article image fullscreen\" data-track-name=\"ImageFullscreen\" decoding=\"async\" loading=\"lazy\" height=\"1925\" itemprop=\"image\"  src=\"https:\/\/www.europesays.com\/no\/wp-content\/uploads\/2025\/12\/0c66ec28-40a0-4df3-95cf-33314a4f95b6\"  style=\"object-position:0% 0%\" width=\"1444\"\/><\/p>\n<p class=\"_paragraph_o9xde_4 _paragraph_xtcu6_10 layout-component text-serif-m layout-normal text-serif-m layout-padded\">Den gang googlet Bridget \u00abf\u00f8dsel i uke 23\u00bb. <\/p>\n<p class=\"_paragraph_o9xde_4 _paragraph_xtcu6_10 layout-component text-serif-m layout-normal text-serif-m layout-padded\">Det var slik hun kom over artikkelen som hun ikke kunne f\u00e5 ut av tankene de neste m\u00e5nedene: <\/p>\n<p class=\"_paragraph_o9xde_4 _paragraph_xtcu6_10 layout-component text-serif-m layout-normal text-serif-m layout-padded\">Et intervju med en britisk mor som sa at dersom hun ved f\u00f8dselen hadde visst det hun visste n\u00e5, ville hun ikke sagt ja til livreddende f\u00f8rstehjelp for babyen. S\u00f8nnen hennes, Nathan, var b\u00e5de d\u00f8v, blind og lam etter \u00e5 ha blitt f\u00f8dt i uke 23.<\/p>\n<p class=\"_paragraph_o9xde_4 _paragraph_xtcu6_10 layout-component text-serif-m layout-normal text-serif-m layout-padded\">Bridget visste ikke da at hun selv skulle f\u00f8de bare et par dager senere \u2013 i uke 23.<\/p>\n<p class=\"font-weight-semi-bold color-accent label-medium _label_16v91_20\">Faktaboks<\/p>\n<p> For tidlig f\u00f8dte<\/p>\n<p class=\"_paragraph_o9xde_4 _paragraph_xtcu6_10 _paragraph_16v91_10 layout-component text-serif-m layout-normal text-sans-m layout-padded\">Et vanlig svangerskap varer i 40 uker, og babyer f\u00f8dt p\u00e5 termin veier i gjennomsnitt 3600 gram.<\/p>\n<p class=\"_paragraph_o9xde_4 _paragraph_xtcu6_10 _paragraph_16v91_10 layout-component text-serif-m layout-normal text-sans-m layout-padded\">\u25a0 Barn f\u00f8dt f\u00f8r uke 37 regnes som premature. De som er f\u00f8dt f\u00f8r uke 28, regnes som ekstremt premature.<\/p>\n<p class=\"_paragraph_o9xde_4 _paragraph_xtcu6_10 _paragraph_16v91_10 layout-component text-serif-m layout-normal text-sans-m layout-padded\">\u25a0 En del av dem som blir f\u00f8dt s\u00e5 tidlig som i uke 23, overlever ikke f\u00f8dselen eller d\u00f8r kort tid etter. Av dem som kommer s\u00e5 langt som til nyf\u00f8dtintensiven, overlever ca. 35 prosent, viser tall fra Norsk Nyf\u00f8dtmedisinsk Kvalitetsregister. Blant dem som overlever, er det \u00f8kt risiko for skader p\u00e5 h\u00f8rsel, syn og f\u00f8rlighet.<\/p>\n<p class=\"_paragraph_o9xde_4 _paragraph_xtcu6_10 _paragraph_16v91_10 layout-component text-serif-m layout-normal text-sans-m layout-padded\">\u25a0 Uke 23 regnes vanligvis som laveste grense for n\u00e5r det kan ytes livreddende f\u00f8rstehjelp til for tidlig f\u00f8dte i Norge.<\/p>\n<p class=\"_paragraph_o9xde_4 _paragraph_xtcu6_10 _paragraph_16v91_10 layout-component text-serif-m layout-normal text-sans-m layout-padded\">\u25a0 Av dem som blir f\u00f8dt i uke 24, overlever 58 prosent etter at de har kommet til nyf\u00f8dtintensiven. Av dem som blir f\u00f8dt i uke 25, overlever 86 prosent.<\/p>\n<p>Vis mer<\/p>\n<p class=\"_paragraph_o9xde_4 _paragraph_xtcu6_10 layout-component text-serif-m layout-normal text-serif-m layout-padded\">Det ble en dramatisk f\u00f8dsel. Bridget mistet mye blod.<\/p>\n<p class=\"_paragraph_o9xde_4 _paragraph_xtcu6_10 layout-component text-serif-m layout-normal text-serif-m layout-padded\">\u2013 En periode visste jeg ikke om jeg kom til \u00e5 ha hverken kone eller barn neste morgen, <a href=\"https:\/\/www.vg.no\/nyheter\/i\/7lGpkB\/aksel-ble-foedt-i-uke-23-han-er-mirakelet-i-livet-vaart\" data-track-element-type=\"Link\" data-track-id=\"link:7lGpkB\" class=\"_link_o9xde_39\" rel=\"nofollow noopener\" target=\"_blank\">fortalte Carl da vi traff dem sist.<\/a><\/p>\n<p class=\"_paragraph_o9xde_4 _paragraph_xtcu6_10 layout-component text-serif-m layout-normal text-serif-m layout-padded\">B\u00e5de mor og barn overlevde det f\u00f8rste d\u00f8gnet. Og det neste. Og det neste. Men sykehuset forberedte dem p\u00e5 at den n\u00e6rmeste tiden kom til \u00e5 bli t\u00f8ff.<\/p>\n<p class=\"_paragraph_o9xde_4 _paragraph_xtcu6_10 layout-component text-serif-m layout-normal text-serif-m layout-padded\">Prematurf\u00f8dte Aksel vekslet p\u00e5 \u00e5 ligge i kuv\u00f8se og p\u00e5 foreldrenes bryst de f\u00f8rste m\u00e5nedene av livet.<\/p>\n<p><img alt=\"\" class=\"_image_qp4xg_65 layout-component layout-left\" data-fullscreen- data-track-element-type=\"Article image fullscreen\" data-track-name=\"ImageFullscreen\" decoding=\"async\" loading=\"lazy\" height=\"2428\" itemprop=\"image\"  src=\"https:\/\/www.europesays.com\/no\/wp-content\/uploads\/2025\/12\/f6dd6f3c-6d1c-47ec-865f-8333e16c7ebc\"  style=\"object-position:0% 0%\" width=\"3237\"\/><img alt=\"Foto: Kristian Helgesen \/ VG\" class=\"_image_qp4xg_65 layout-component layout-right\" data-fullscreen- data-track-element-type=\"Article image fullscreen\" data-track-name=\"ImageFullscreen\" decoding=\"async\" loading=\"lazy\" height=\"2492\" itemprop=\"image\"  src=\"https:\/\/www.europesays.com\/no\/wp-content\/uploads\/2025\/12\/c28a74de-76cf-49bc-9f1c-20e12ba689c6\"  style=\"object-position:0% 0%\" width=\"2492\"\/>Foto: Kristian Helgesen \/ VG<\/p>\n<p class=\"_paragraph_o9xde_4 _paragraph_xtcu6_10 layout-component text-serif-m layout-normal text-serif-m layout-padded\">En s\u00e5 liten baby har ikke fullt utviklet hud enn\u00e5, derfor blir den lagt direkte i en myk plastpose som skal beskytte huden rett etter f\u00f8dselen. Etter hvert legges barnet i en kuv\u00f8se med h\u00f8y luftfuktighet og h\u00f8y temperatur.<\/p>\n<p class=\"_paragraph_o9xde_4 _paragraph_xtcu6_10 layout-component text-serif-m layout-normal text-serif-m layout-padded\">\u2013 N\u00e5r barnet er f\u00f8dt, modnes huden fortere enn n\u00e5r det ligger i magen.<\/p>\n<p><img decoding=\"async\" alt=\"Bilde av \" class=\"_image_ygndg_42\" height=\"40\" itemprop=\"image\" loading=\"lazy\"  src=\"https:\/\/www.europesays.com\/no\/wp-content\/uploads\/2025\/12\/af469bfb-8fa7-439b-9f3a-f22a081111be\"  width=\"40\"\/><strong class=\"_name_ygndg_51 title-serif-xs\"\/><\/p>\n<p class=\"_paragraph_o9xde_4 text-sans-m _description_ygndg_56\">Forklarer overlege Ragnhild St\u00f8en.<\/p>\n<p class=\"_paragraph_o9xde_4 _paragraph_xtcu6_10 layout-component text-serif-m layout-normal text-serif-m layout-padded\">Hun var avdelingssjef for nyf\u00f8dtintensiv p\u00e5 St. Olavs hospital da Aksel ble f\u00f8dt i 2015.<\/p>\n<p class=\"_paragraph_o9xde_4 _paragraph_xtcu6_10 layout-component text-serif-m layout-normal text-serif-m layout-padded\">\u2013 Etter bare noen dager kan barnet som regel tas ut av kuv\u00f8sen og legges til foreldrenes bryst. Da vil sykehuset legge til rette for at barnet skal kunne veksle mellom kuv\u00f8se og mest mulig hudkontakt med foreldrene,<\/p>\n<p class=\"_paragraph_o9xde_4 _paragraph_xtcu6_10 layout-component text-serif-m layout-normal text-serif-m layout-padded\">\u2013 I m\u00e5nedene p\u00e5 sykehuset tenkte jeg mye p\u00e5 Nathan i den britiske avisen, forteller Bridget i dag, mens hun t\u00f8rker en liten t\u00e5re.<\/p>\n<p><img alt=\"\" class=\"_image_qp4xg_65 layout-component layout-normal\" data-fullscreen- data-track-element-type=\"Article image fullscreen\" data-track-name=\"ImageFullscreen\" decoding=\"async\" loading=\"lazy\" height=\"5210\" itemprop=\"image\"  src=\"https:\/\/www.europesays.com\/no\/wp-content\/uploads\/2025\/12\/7c4b1529-65a6-489a-a525-e812116f65fb\"  style=\"object-position:0% 0%\" width=\"6946\"\/><\/p>\n<p class=\"_paragraph_o9xde_4 _paragraph_xtcu6_10 layout-component text-serif-m layout-normal text-serif-m layout-padded\">\u2013 Han som ble d\u00f8v, blind og lam. Jeg ba til Gud om at vi skulle f\u00e5 styrke til \u00e5 akseptere skjebnen til v\u00e5rt barn, uansett hva som m\u00e5tte komme. Og jeg ba om at han m\u00e5tte f\u00e5 leve med livskvalitet<\/p>\n<p class=\"_paragraph_o9xde_4 _paragraph_xtcu6_10 layout-component text-serif-m layout-normal text-serif-m layout-padded\"><strong class=\"_strong_o9xde_25\">Ingen av de tingene Bridget og Carl hadde v\u00e6rt redde for skulle skje med Aksel i oppveksten, skjedde. <\/strong><\/p>\n<p class=\"_paragraph_o9xde_4 _paragraph_xtcu6_10 layout-component text-serif-m layout-normal text-serif-m layout-padded\">\u2013 Aksel er et lykkelig barn. Han v\u00e5kner med et smil hver morgen og gleder seg til alt som skal skje i l\u00f8pet av dagen. Han sprer glede til alle rundt seg. Vi er fylt av takknemlighet for at vi har ham i livene v\u00e5re, sier Bridget ti \u00e5r senere.<\/p>\n<p><img alt=\"\" class=\"_image_qp4xg_65 layout-component layout-left\" data-fullscreen- data-track-element-type=\"Article image fullscreen\" data-track-name=\"ImageFullscreen\" decoding=\"async\" loading=\"lazy\" height=\"5504\" itemprop=\"image\"  src=\"https:\/\/www.europesays.com\/no\/wp-content\/uploads\/2025\/12\/c65e9b98-7a6c-41ef-95c5-34891411f838\"  style=\"object-position:0% 0%\" width=\"7339\"\/><img alt=\"\" class=\"_image_qp4xg_65 layout-component layout-right\" data-fullscreen- data-track-element-type=\"Article image fullscreen\" data-track-name=\"ImageFullscreen\" decoding=\"async\" loading=\"lazy\" height=\"4548\" itemprop=\"image\"  src=\"https:\/\/www.europesays.com\/no\/wp-content\/uploads\/2025\/12\/70a71af1-478b-4e5f-ba3d-78a7b57d15c9\"  style=\"object-position:0% 0%\" width=\"6064\"\/> Lenge trodde Bridget og Carl at alt var i orden med Aksel.<\/p>\n<p class=\"_paragraph_o9xde_4 _paragraph_xtcu6_10 layout-component text-serif-m layout-normal text-serif-m layout-padded\">Babyen som veide 500 gram da han ble f\u00f8dt, vokste og utviklet seg normalt. <\/p>\n<p class=\"_paragraph_o9xde_4 _paragraph_xtcu6_10 layout-component text-serif-m layout-normal text-serif-m layout-padded\">Han begynte \u00e5 krabbe og tok sine f\u00f8rste skritt p\u00e5 samme tidspunkt som sine jevnaldrende.<\/p>\n<p class=\"_paragraph_o9xde_4 _paragraph_xtcu6_10 layout-component text-serif-m layout-normal text-serif-m layout-padded\">Men han hang litt etter med spr\u00e5ket. Etter hvert la foreldrene ogs\u00e5 merke til at Aksel ikke var interessert i \u00e5 leke med andre barn.<\/p>\n<p class=\"_paragraph_o9xde_4 _paragraph_xtcu6_10 layout-component text-serif-m layout-normal text-serif-m layout-padded\">\u2013 F\u00f8rste gang jeg reflekterte over det, var ved en anledning da vi var sammen med flere jevngamle barn i Trondheim. De andre lekte sammen, men Aksel begynte \u00e5 g\u00e5. Han gikk og gikk, langt vekk fra de andre, og kom ikke tilbake av seg selv, forteller Carl.<\/p>\n<p class=\"_paragraph_o9xde_4 _paragraph_xtcu6_10 layout-component text-serif-m layout-normal text-serif-m layout-padded\">Dette gjentok seg ved flere anledninger.<\/p>\n<p class=\"_paragraph_o9xde_4 _paragraph_xtcu6_10 layout-component text-serif-m layout-normal text-serif-m layout-padded\">\u2013 De ansatte i familiebarnehagen i Trondheim hadde reagert p\u00e5 det samme. Det var de som f\u00f8rst kom p\u00e5 tanken om autisme.<\/p>\n<p class=\"_paragraph_o9xde_4 _paragraph_xtcu6_10 layout-component text-serif-m layout-normal text-serif-m layout-padded\">S\u00e5 Aksel ble utredet. Og fikk etter hvert en omfattende autisme- autisme-Autisme er en utviklingsforstyrrelse som p\u00e5virker hvordan en person kommuniserer og samhandler med andre, og kan ogs\u00e5 p\u00e5virke atferd og interesser.diagnose.<\/p>\n<p class=\"font-weight-semi-bold color-accent label-medium _label_16v91_20\">Faktaboks<\/p>\n<p> Omfattende autisme hos barn<\/p>\n<p class=\"_paragraph_o9xde_4 _paragraph_xtcu6_10 _paragraph_16v91_10 layout-component text-serif-m layout-normal text-sans-m layout-padded\"><strong class=\"_strong_o9xde_25\">Forskjell p\u00e5 lett autisme og omfattende autisme:<\/strong><br \/>Barn med omfattende autisme \u2013 ogs\u00e5 kalt <strong class=\"_strong_o9xde_25\">autisme med stort st\u00f8ttebehov<\/strong> &#8211; har  store utfordringer med spr\u00e5k, forst\u00e5else, sosial kontakt og hverdagskrav og trenger betydelig st\u00f8tte. Dette er noe helt annet enn lett autisme (som tidligere ble kalt Asperger), og som mange fungerer fint med. <\/p>\n<p class=\"_paragraph_o9xde_4 _paragraph_xtcu6_10 _paragraph_16v91_10 layout-component text-serif-m layout-normal text-sans-m layout-padded\"><strong class=\"_strong_o9xde_25\">Begrenset forst\u00e5else: <\/strong><\/p>\n<p class=\"_paragraph_o9xde_4 _paragraph_xtcu6_10 _paragraph_16v91_10 layout-component text-serif-m layout-normal text-sans-m layout-padded\">Mange forst\u00e5r mer enn de gir uttrykk for. Samtidig kan de streve med \u00e5 tolke spr\u00e5k, f\u00f8lelser og situasjoner, men forst\u00e5 enkle ord, rutiner og visuelle beskjeder. <\/p>\n<p class=\"_paragraph_o9xde_4 _paragraph_xtcu6_10 _paragraph_16v91_10 layout-component text-serif-m layout-normal text-sans-m layout-padded\"><strong class=\"_strong_o9xde_25\">Kommunikasjon<\/strong><\/p>\n<p class=\"_paragraph_o9xde_4 _paragraph_xtcu6_10 _paragraph_16v91_10 layout-component text-serif-m layout-normal text-sans-m layout-padded\">Mange kommuniserer uten ord \u2013 for eksempel med kroppsspr\u00e5k, lyder eller mimikk. Noen bruker bilder, tegn eller digitale hjelpemidler for \u00e5 si det de \u00f8nsker. En del barn snakker ikke i det hele tatt, mens andre kan si enkeltord eller korte setninger, men klarer ikke \u00e5 bruke spr\u00e5ket fritt og spontant i samtaler.<\/p>\n<p class=\"_paragraph_o9xde_4 _paragraph_xtcu6_10 _paragraph_16v91_10 layout-component text-serif-m layout-normal text-sans-m layout-padded\"><strong class=\"_strong_o9xde_25\">Ingen hjerneskade<\/strong><br \/>Autisme er en <strong class=\"_strong_o9xde_25\">nevro-utviklingsforstyrrelse<\/strong>. Hjernen er ikke skadet, men utvikler seg og fungerer annerledes fra starten av livet.<\/p>\n<p class=\"_paragraph_o9xde_4 _paragraph_xtcu6_10 _paragraph_16v91_10 layout-component text-serif-m layout-normal text-sans-m layout-padded\"><strong class=\"_strong_o9xde_25\">Prognose for kommunikasjon<\/strong><br \/>Utviklingen varierer mye. Med tidlig og tilpasset hjelp kan mange l\u00e6re mer funksjonell kommunikasjon, men barn med omfattende autisme vil ofte trenge langvarig eller varig st\u00f8tte.<\/p>\n<p>Vis mer<\/p>\n<p class=\"_paragraph_o9xde_4 _paragraph_xtcu6_10 layout-component text-serif-m layout-normal text-serif-m layout-padded\">Da foreldrene fikk vite at Aksel hadde autisme, hadde livet tatt mange vendinger i l\u00f8pet av kort tid.<\/p>\n<p class=\"_paragraph_o9xde_4 _paragraph_xtcu6_10 layout-component text-serif-m layout-normal text-serif-m layout-padded\">F\u00e5 \u00e5r tidligere trodde de at de ikke kunne f\u00e5 barn. Plutselig hadde de to i barnehagealder og \u00e9n nyf\u00f8dt.<\/p>\n<p><img alt=\"\" class=\"_image_qp4xg_65 layout-component layout-normal\" data-fullscreen- data-track-element-type=\"Article image fullscreen\" data-track-name=\"ImageFullscreen\" decoding=\"async\" loading=\"lazy\" height=\"4948\" itemprop=\"image\"  src=\"https:\/\/www.europesays.com\/no\/wp-content\/uploads\/2025\/12\/ccacc79e-1a97-481c-aee5-8c89964a276f\"  style=\"object-position:0% 0%\" width=\"6597\"\/><\/p>\n<p class=\"_paragraph_o9xde_4 _paragraph_xtcu6_10 layout-component text-serif-m layout-normal text-serif-m layout-padded\"><strong class=\"_strong_o9xde_25\">Det skjedde nemlig noe med fertiliteten i den stille perioden etter at Aksel ble f\u00f8dt. <\/strong><\/p>\n<p class=\"_paragraph_o9xde_4 _paragraph_xtcu6_10 layout-component text-serif-m layout-normal text-serif-m layout-padded\">Bridget forteller at hun var livredd for at det skulle bli for tidlig f\u00f8dsel begge gangene hun ble gravid igjen.<\/p>\n<p class=\"_paragraph_o9xde_4 _paragraph_xtcu6_10 layout-component text-serif-m layout-normal text-serif-m layout-padded\">\u2013 S\u00e5 jeg l\u00e5 til sengs hele svangerskapet, begge gangene, forteller hun. <\/p>\n<p class=\"_paragraph_o9xde_4 _paragraph_xtcu6_10 layout-component text-serif-m layout-normal text-serif-m layout-padded\">Men det gikk bra med b\u00e5de Anja og Rowan, som i dag er ni og seks \u00e5r. <\/p>\n<p class=\"_paragraph_o9xde_4 _paragraph_xtcu6_10 layout-component text-serif-m layout-normal text-serif-m layout-padded\">\u2013 Jeg tror det gj\u00f8r noe med barnas karakter \u00e5 ha en bror som Aksel. Det gj\u00f8r dem mer reflekterende og empatiske, sier Bridget.<\/p>\n<p><img alt=\"\" class=\"_image_qp4xg_65 layout-component layout-normal\" data-fullscreen- data-track-element-type=\"Article image fullscreen\" data-track-name=\"ImageFullscreen\" decoding=\"async\" loading=\"lazy\" height=\"7339\" itemprop=\"image\"  src=\"https:\/\/www.europesays.com\/no\/wp-content\/uploads\/2025\/12\/f26074ce-62ca-43b2-8eae-107dc2996f37\"  style=\"object-position:0% 0%\" width=\"5504\"\/><\/p>\n<p class=\"_paragraph_o9xde_4 _paragraph_xtcu6_10 layout-component text-serif-m layout-normal text-serif-m layout-padded\"><strong class=\"_strong_o9xde_25\">Carl legger ikke skjul p\u00e5 at Aksel har endret ham selv som person.<\/strong><\/p>\n<p class=\"_paragraph_o9xde_4 _paragraph_xtcu6_10 layout-component text-serif-m layout-normal text-serif-m layout-padded\">\u2013 N\u00e5r du f\u00e5r barn, tar du p\u00e5 deg et stort ansvar. N\u00e5r du f\u00e5r barn med spesielle behov, blir det ansvaret enda st\u00f8rre. Jeg f\u00f8ler at det har tvunget meg til \u00e5 utvikle meg. Jeg ville aldri blitt den personen jeg er i dag uten Aksel, sier han.<\/p>\n<p class=\"_paragraph_o9xde_4 _paragraph_xtcu6_10 layout-component text-serif-m layout-normal text-serif-m layout-padded\">Han er ogs\u00e5 mektig imponert over hvordan s\u00f8sknene takler situasjonen.<\/p>\n<p class=\"_paragraph_o9xde_4 _paragraph_xtcu6_10 layout-component text-serif-m layout-normal text-serif-m layout-padded\">\u2013 Anja er lilles\u00f8ster, men samtidig er hun en stores\u00f8ster som alltid m\u00e5 passe p\u00e5 den eldre broren sin.<\/p>\n<p><img alt=\"\" class=\"_image_qp4xg_65 layout-component layout-left\" data-fullscreen- data-track-element-type=\"Article image fullscreen\" data-track-name=\"ImageFullscreen\" decoding=\"async\" loading=\"lazy\" height=\"5000\" itemprop=\"image\"  src=\"https:\/\/www.europesays.com\/no\/wp-content\/uploads\/2025\/12\/074ff5dc-e290-4617-8732-3c14d98ef136\"  style=\"object-position:0% 0%\" width=\"6667\"\/><img alt=\"\" class=\"_image_qp4xg_65 layout-component layout-normal\" data-fullscreen- data-track-element-type=\"Article image fullscreen\" data-track-name=\"ImageFullscreen\" decoding=\"async\" loading=\"lazy\" height=\"4706\" itemprop=\"image\"  src=\"https:\/\/www.europesays.com\/no\/wp-content\/uploads\/2025\/12\/58a3699d-4c95-41b5-87cf-93b199e4a212\"  style=\"object-position:0% 0%\" width=\"6274\"\/><\/p>\n<p class=\"_paragraph_o9xde_4 _paragraph_xtcu6_10 layout-component text-serif-m layout-normal text-serif-m layout-padded\">Hele sitt liv har Aksels s\u00f8sken levd med ting som ikke skjer i andre familier:<\/p>\n<p class=\"_paragraph_o9xde_4 _paragraph_xtcu6_10 layout-component text-serif-m layout-normal text-serif-m layout-padded\">Som at alle d\u00f8rene i huset holdes l\u00e5st. Ytterd\u00f8rene har sikkerhetslenker for \u00e5 hindre at storebror \u00abg\u00e5r seg en tur\u00bb.<\/p>\n<p class=\"_paragraph_o9xde_4 _paragraph_xtcu6_10 layout-component text-serif-m layout-normal text-serif-m layout-padded\">Familien har opplevd leteaksjoner hvor politiet har v\u00e6rt involvert for \u00e5 sperre trafikken p\u00e5 veien nedenfor huset.<\/p>\n<p><img alt=\"\" class=\"_image_qp4xg_65 layout-component layout-normal\" data-fullscreen- data-track-element-type=\"Article image fullscreen\" data-track-name=\"ImageFullscreen\" decoding=\"async\" loading=\"lazy\" height=\"5504\" itemprop=\"image\"  src=\"https:\/\/www.europesays.com\/no\/wp-content\/uploads\/2025\/12\/52316a0a-947f-4832-b70c-f5a27e7bbb95\"  style=\"object-position:45.16964164055048% 34.52943313953488%\" width=\"7339\"\/> For noen \u00e5r siden fikk Aksel innholdet i en flaske Plumbo over seg. <\/p>\n<p class=\"_paragraph_o9xde_4 _paragraph_xtcu6_10 layout-component text-serif-m layout-normal text-serif-m layout-padded\">Det endte det med at han fikk store forbrenninger og m\u00e5tte ligge p\u00e5 sykehuset i flere uker. Siden Aksel ikke kunne kommunisere med legene, m\u00e5tte han legges i koma. <\/p>\n<p class=\"_paragraph_o9xde_4 _paragraph_xtcu6_10 layout-component text-serif-m layout-normal text-serif-m layout-padded\">Da var Anja og Rowan med og s\u00e5 til ham p\u00e5 sykehuset.<\/p>\n<p class=\"_paragraph_o9xde_4 _paragraph_xtcu6_10 layout-component text-serif-m layout-normal text-serif-m layout-padded\">\u2013 Slikt gj\u00f8r noe med s\u00f8sknene, sier Carl.   <\/p>\n<p class=\"_paragraph_o9xde_4 _paragraph_xtcu6_10 layout-component text-serif-m layout-normal text-serif-m layout-padded\"><strong class=\"_strong_o9xde_25\">\u2013 Statistikken viser at veldig mange foreldre som har barn med spesielle utfordringer, skilles. Vi er fortsatt gift, sier Bridget.<\/strong><\/p>\n<p class=\"_paragraph_o9xde_4 _paragraph_xtcu6_10 layout-component text-serif-m layout-normal text-serif-m layout-padded\">\u2013 Og vi er fortsatt glade i hverandre, forsikrer Carl.<\/p>\n<p><img alt=\"\" class=\"_image_qp4xg_65 layout-component layout-normal\" data-fullscreen- data-track-element-type=\"Article image fullscreen\" data-track-name=\"ImageFullscreen\" decoding=\"async\" loading=\"lazy\" height=\"5145\" itemprop=\"image\"  src=\"https:\/\/www.europesays.com\/no\/wp-content\/uploads\/2025\/12\/1ba42354-6ddd-4072-875a-e90dc3ab1e39\"  style=\"object-position:0% 0%\" width=\"7717\"\/><\/p>\n<p class=\"_paragraph_o9xde_4 _paragraph_xtcu6_10 layout-component text-serif-m layout-normal text-serif-m layout-padded\">Mens Carl snakker, h\u00f8res plutselig et smell fra barnerommet. Bridget spretter opp for \u00e5 sjekke hva som skjer.<\/p>\n<p class=\"_paragraph_o9xde_4 _paragraph_xtcu6_10 layout-component text-serif-m layout-normal text-serif-m layout-padded\">Aksel har sluppet en stein som lillebror Rowan har malt en marih\u00f8ne p\u00e5, ned i gulvet.<\/p>\n<p class=\"_paragraph_o9xde_4 _paragraph_xtcu6_10 layout-component text-serif-m layout-normal text-serif-m layout-padded\">\u2013 Det skjer noe hele tiden, og vi m\u00e5 alltid sjekke hva som skjer. Aksel kan skade seg hvis vi ikke f\u00f8lger med. Det er mye oppmerksomhet rettet mot ham, derfor er det gull verdt at de andre to s\u00f8sknene kan g\u00e5 opp til besteforeldrene n\u00e5r vi m\u00e5 ta oss av Aksel. Vi hadde ikke klart oss uten dem.<\/p>\n<p><img alt=\"\" class=\"_image_qp4xg_65 layout-component layout-normal\" data-fullscreen- data-track-element-type=\"Article image fullscreen\" data-track-name=\"ImageFullscreen\" decoding=\"async\" loading=\"lazy\" height=\"4892\" itemprop=\"image\"  src=\"https:\/\/www.europesays.com\/no\/wp-content\/uploads\/2025\/12\/48a67066-6769-4a65-af87-871e7720ba50\"  style=\"object-position:0% 0%\" width=\"6523\"\/><\/p>\n<p class=\"_paragraph_o9xde_4 _paragraph_xtcu6_10 layout-component text-serif-m layout-normal text-serif-m layout-padded\">Trebarnsfamilien bor i en generasjonsbolig med Carls foreldre i etasjen over. Besteforeldrene bruker mye tid sammen med barnebarna.<\/p>\n<p class=\"_paragraph_o9xde_4 _paragraph_xtcu6_10 layout-component text-serif-m layout-normal text-serif-m layout-padded\">\u00c5 ha barn med spesielle behov p\u00e5virker hele familielivet, fastsl\u00e5r Carl.<\/p>\n<p class=\"_paragraph_o9xde_4 _paragraph_xtcu6_10 layout-component text-serif-m layout-normal text-serif-m layout-padded\">Det er mye de ikke kan gj\u00f8re \u2013 men det er ogs\u00e5 mye de kan. For eksempel \u00e5 dra p\u00e5 camping.<\/p>\n<p class=\"_paragraph_o9xde_4 _paragraph_xtcu6_10 layout-component text-serif-m layout-normal text-serif-m layout-padded\">\u2013 Det liker Aksel, og det er lett for oss \u00e5 f\u00e5 til. Vi kj\u00f8rer et sted med bilen og setter opp telt en plass hvor vi ikke trenger \u00e5 g\u00e5 s\u00e5 langt.<\/p>\n<p><img alt=\"\" class=\"_image_qp4xg_65 layout-component layout-normal\" data-fullscreen- data-track-element-type=\"Article image fullscreen\" data-track-name=\"ImageFullscreen\" decoding=\"async\" loading=\"lazy\" height=\"5504\" itemprop=\"image\"  src=\"https:\/\/www.europesays.com\/no\/wp-content\/uploads\/2025\/12\/4101fe1b-874f-4927-9cef-8b8853b51906\"  style=\"object-position:0% 0%\" width=\"8256\"\/><\/p>\n<p class=\"_paragraph_o9xde_4 _paragraph_xtcu6_10 layout-component text-serif-m layout-normal text-serif-m layout-padded\">En annen aktivitet familien kan gj\u00f8re sammen, er \u00e5 sykle. For tre m\u00e5neder siden s\u00f8rget ergoterapeutenergoterapeutenEn ergoterapeut er en helsepersonell som hjelper mennesker med \u00e5 utvikle, gjenopprette eller opprettholde ferdigheter som er n\u00f8dvendige for dagliglivet, ofte gjennom aktiviteter og trening. i bydelen for at Aksel fikk en el-tandemsykkel. Det var en lykke for alle.<\/p>\n<p class=\"_paragraph_o9xde_4 _paragraph_xtcu6_10 layout-component text-serif-m layout-normal text-serif-m layout-padded\">\u2013 Aksel elsker \u00e5 sykle. Vi sykler til skolen, og vi sykler til stranden om sommeren. Den sykkelen ga oss alle mye mer frihet, forteller Carl.<\/p>\n<p class=\"_paragraph_o9xde_4 _paragraph_xtcu6_10 layout-component text-serif-m layout-normal text-serif-m layout-padded\">Hele familien liker \u00e5 sv\u00f8mme, s\u00e5 om sommeren er de mye p\u00e5 stranden nedenfor huset p\u00e5 Nordstrand. Og om vinteren bader de innend\u00f8rs p\u00e5 B\u00f8lerbadet, hvor det er varmere vann enn i de fleste andre sv\u00f8mmehaller. <\/p>\n<p><img alt=\"\" class=\"_image_qp4xg_65 layout-component layout-left\" data-fullscreen- data-track-element-type=\"Article image fullscreen\" data-track-name=\"ImageFullscreen\" decoding=\"async\" loading=\"lazy\" height=\"7339\" itemprop=\"image\"  src=\"https:\/\/www.europesays.com\/no\/wp-content\/uploads\/2025\/12\/918f3e13-30a0-4496-a740-6e389c7ab8c8\"  style=\"object-position:0% 0%\" width=\"5504\"\/><img alt=\"\" class=\"_image_qp4xg_65 layout-component layout-right\" data-fullscreen- data-track-element-type=\"Article image fullscreen\" data-track-name=\"ImageFullscreen\" decoding=\"async\" loading=\"lazy\" height=\"5151\" itemprop=\"image\"  src=\"https:\/\/www.europesays.com\/no\/wp-content\/uploads\/2025\/12\/8078f482-c3d9-4dd9-be1f-51b01db289a1\"  style=\"object-position:0% 0%\" width=\"6869\"\/><\/p>\n<p class=\"_paragraph_o9xde_4 _paragraph_xtcu6_10 layout-component text-serif-m layout-normal text-serif-m layout-padded\">\u2013 Hvordan kommuniserer dere med Aksel?<\/p>\n<p class=\"_paragraph_o9xde_4 _paragraph_xtcu6_10 layout-component text-serif-m layout-normal text-serif-m layout-padded\">\u2013 Han forst\u00e5r det meste vi sier. Utfordringen er ikke hva han skj\u00f8nner, men hvordan han mottar det. Og om han \u00f8nsker \u00e5 motta det, svarer Carl.<\/p>\n<p class=\"_paragraph_o9xde_4 _paragraph_xtcu6_10 layout-component text-serif-m layout-normal text-serif-m layout-padded\">\u2013 Vi kan ikke ha noen lange samtaler, for eksempel om hva som skjedde p\u00e5 skolen i dag. Men han har flere m\u00e5ter \u00e5 uttrykke seg p\u00e5. Noen ganger ved \u00e5 peke. Andre ganger med enkelte ord.<\/p>\n<p class=\"_paragraph_o9xde_4 _paragraph_xtcu6_10 layout-component text-serif-m layout-normal text-serif-m layout-padded\">N\u00e5r Aksel sier \u00abfisk\u00bb, har han lyst p\u00e5 br\u00f8dskive med makrell i tomat.<\/p>\n<p class=\"_paragraph_o9xde_4 _paragraph_xtcu6_10 layout-component text-serif-m layout-normal text-serif-m layout-padded\">N\u00e5r han sier \u00abcookie\u00bb, har han lyst p\u00e5 kjeks.<\/p>\n<p class=\"_paragraph_o9xde_4 _paragraph_xtcu6_10 layout-component text-serif-m layout-normal text-serif-m layout-padded\">N\u00e5r han sier \u00abdo\u00bb, skal han p\u00e5 toalettet.<\/p>\n<p class=\"_paragraph_o9xde_4 _paragraph_xtcu6_10 layout-component text-serif-m layout-normal text-serif-m layout-padded\">Og n\u00e5r han sier \u00abfriend\u00bb til VG-fotograf Naina som f\u00f8lger ham med kamera rundt i huset, betyr det at han liker henne.<\/p>\n<p class=\"_paragraph_o9xde_4 _paragraph_xtcu6_10 layout-component text-serif-m layout-normal text-serif-m layout-padded\">\u2013 Han kan mange ord p\u00e5 b\u00e5de engelsk og norsk. Utfordringen er \u00e5 sette dem sammen til setninger, forklarer Bridget.<\/p>\n<p><img alt=\"\" class=\"_image_qp4xg_65 layout-component layout-normal\" data-fullscreen- data-track-element-type=\"Article image fullscreen\" data-track-name=\"ImageFullscreen\" decoding=\"async\" loading=\"lazy\" height=\"5320\" itemprop=\"image\"  src=\"https:\/\/www.europesays.com\/no\/wp-content\/uploads\/2025\/12\/1357d754-dccc-4877-b79c-6f9fceb7a5af\"  style=\"object-position:0% 0%\" width=\"7093\"\/><\/p>\n<p class=\"_paragraph_o9xde_4 _paragraph_xtcu6_10 layout-component text-serif-m layout-normal text-serif-m layout-padded\">Pappa Carl er norsk statsborger, men med en far som jobbet i Redd Barna, FN og utenrikstjenesten har han vokst opp i flere land.<\/p>\n<p class=\"_paragraph_o9xde_4 _paragraph_xtcu6_10 layout-component text-serif-m layout-normal text-serif-m layout-padded\">Som voksen har han for det meste bodd i USA. Det var der han traff Bridget. De flyttet til Norge for ti \u00e5r siden, da Carls doktorgrad innen asfalt f\u00f8rte dem til SINTEFSINTEFEn av Europas st\u00f8rste uavhengige forskningsorganisasjoner, som jobber med teknologi og innovasjon for \u00e5 finne l\u00f8sninger p\u00e5 samfunnsutfordringer. og Trondheim. <\/p>\n<p class=\"_paragraph_o9xde_4 _paragraph_xtcu6_10 layout-component text-serif-m layout-normal text-serif-m layout-padded\">Men de hadde ingen familie i Trondheim. Etter hvert f\u00f8rte b\u00e5de behovet for bistand fra besteforeldre, samt ny jobb for Carl, dem til Oslo.<\/p>\n<p class=\"_paragraph_o9xde_4 _paragraph_xtcu6_10 layout-component text-serif-m layout-normal text-serif-m layout-padded\">I dag er Carl prorektor prorektor En prorektor er en leder ved en h\u00f8yskole eller universitet som fungerer som nestleder og kan ha ansvar for spesifikke omr\u00e5der som forskning eller utdanning.p\u00e5 Oslo Met. Bridget har nylig tatt doktorgrad i klimatilpasninger av bygninger p\u00e5 NTNU, men er forel\u00f8pig hjemme med barna.<\/p>\n<p><img alt=\"\" class=\"_image_qp4xg_65 layout-component layout-normal\" data-fullscreen- data-track-element-type=\"Article image fullscreen\" data-track-name=\"ImageFullscreen\" decoding=\"async\" loading=\"lazy\" height=\"4889\" itemprop=\"image\"  src=\"https:\/\/www.europesays.com\/no\/wp-content\/uploads\/2025\/12\/861544ea-2117-4c56-93bb-19813dcb2396\"  style=\"object-position:0% 0%\" width=\"6519\"\/><\/p>\n<p class=\"_paragraph_o9xde_4 _paragraph_xtcu6_10 layout-component text-serif-m layout-normal text-serif-m layout-padded\">\u2013 Da vi kom til Oslo, var Aksel ferdig utredet og fikk plass i en barnehage som var tilpasset hans behov. Det \u00e5ret han fylte seks, fikk han begynne i en egen avdeling for barn med store utfordringer p\u00e5 Karlsrud skole, forteller Carl.<\/p>\n<p class=\"_paragraph_o9xde_4 _paragraph_xtcu6_10 layout-component text-serif-m layout-normal text-serif-m layout-padded\">\u2013 Det er \u00e5tte elever i klassen, og alle har sin egen l\u00e6rer. De har b\u00e5de fellesrom og egne rom hvor de kan jobbe for seg selv. Alle l\u00e6rerne som jobber der, gj\u00f8r en fantastisk jobb. De er \u00abunder cover angels\u00bb\u00abunder cover angels\u00bbEt uttrykk som brukes for \u00e5 beskrive personer som gj\u00f8r en stor forskjell i andres liv uten \u00e5 f\u00e5 mye oppmerksomhet for det, som l\u00e6rere som jobber med barn med spesielle behov. forteller amerikanske Bridget.<\/p>\n<p class=\"_paragraph_o9xde_4 _paragraph_xtcu6_10 layout-component text-serif-m layout-normal text-serif-m layout-padded\">Og gjentar det hun sa i intervjuet med VG for ti \u00e5r siden:<\/p>\n<p class=\"_paragraph_o9xde_4 _paragraph_xtcu6_10 layout-component text-serif-m layout-normal text-serif-m layout-padded\">\u2013 Velferdsstaten\u2013 VelferdsstatenRefererer til et system der staten tar ansvar for innbyggernes velferd, inkludert helse, utdanning og sosiale tjenester, for \u00e5 sikre en viss levestandard for alle. i Norge er helt unik!<\/p>\n<p><img alt=\"Foto: Kristian Helgesen \/ VG\" class=\"_image_qp4xg_65 layout-component layout-normal\" data-fullscreen- data-track-element-type=\"Article image fullscreen\" data-track-name=\"ImageFullscreen\" decoding=\"async\" loading=\"lazy\" height=\"2558\" itemprop=\"image\"  src=\"https:\/\/www.europesays.com\/no\/wp-content\/uploads\/2025\/12\/4bf75363-eeee-41d7-8e3c-137b28463ff4\"  style=\"object-position:32.48827667057444% 33.03362001563722%\" width=\"3412\"\/>Foto: Kristian Helgesen \/ VG Da vi traff Bridget, Carl og nyf\u00f8dte Aksel i Trondheim i 2015, var de fulle av lovord.<\/p>\n<p class=\"_paragraph_o9xde_4 _paragraph_xtcu6_10 layout-component text-serif-m layout-normal text-serif-m layout-padded\">Om det norske helsevesenet generelt \u2013 og St. Olav hospital spesielt. <\/p>\n<p class=\"_paragraph_o9xde_4 _paragraph_xtcu6_10 layout-component text-serif-m layout-normal text-serif-m layout-padded\">I dag snakker de like entusiastisk om alle som jobber p\u00e5 avdelingen for barn med spesielle behov p\u00e5 Karlsrud skole, og om de ansatte p\u00e5 avlastningen der Aksel er to ettermiddager i uken. \u00abEnglene\u00bb p\u00e5 avlastningen tar Aksel med p\u00e5 aktiviteter som sv\u00f8mming og trampoline, s\u00e5 foreldrene skal f\u00e5 litt tid med de andre to barna.<\/p>\n<p class=\"_paragraph_o9xde_4 _paragraph_xtcu6_10 layout-component text-serif-m layout-normal text-serif-m layout-padded\">Bridget og Carl er ogs\u00e5 overveldet over gruppen av fagfolk som m\u00f8tes omtrent hvert halv\u00e5r for \u00e5 koordinere tiltakene og s\u00f8rge for at livet blir best mulig tilrettelagt for Aksel.<\/p>\n<p><img alt=\"\" class=\"_image_qp4xg_65 layout-component layout-left\" data-fullscreen- data-track-element-type=\"Article image fullscreen\" data-track-name=\"ImageFullscreen\" decoding=\"async\" loading=\"lazy\" height=\"5009\" itemprop=\"image\"  src=\"https:\/\/www.europesays.com\/no\/wp-content\/uploads\/2025\/12\/6a7cac40-c9e3-4cfb-b7f1-70a54a259fa2\"  style=\"object-position:0% 0%\" width=\"6679\"\/><img alt=\"\" class=\"_image_qp4xg_65 layout-component layout-right\" data-fullscreen- data-track-element-type=\"Article image fullscreen\" data-track-name=\"ImageFullscreen\" decoding=\"async\" loading=\"lazy\" height=\"5010\" itemprop=\"image\"  src=\"https:\/\/www.europesays.com\/no\/wp-content\/uploads\/2025\/12\/4a1a4ab4-a31b-46d9-87a3-fa412d98c7ec\"  style=\"object-position:0% 0%\" width=\"6680\"\/><\/p>\n<p class=\"_paragraph_o9xde_4 _paragraph_xtcu6_10 layout-component text-serif-m layout-normal text-serif-m layout-padded\">Representanter for PP-tjenestenPP-tjenestenPP-tjenesten, eller pedagogisk-psykologisk tjeneste, er en kommunal tjeneste som gir r\u00e5d og veiledning til skoler og barnehager om barn og unge med spesielle behov., skolen, avlastningen, ergoterapeuten og fastlegen m\u00f8ter foreldrene for \u00e5 s\u00f8rge for at s\u00f8nnen deres f\u00e5r det han trenger i livet.<\/p>\n<p class=\"_paragraph_o9xde_4 _paragraph_xtcu6_10 layout-component text-serif-m layout-normal text-serif-m layout-padded\">Foreldrene ser at behovene til Aksel ikke bare p\u00e5virker deres egen familie, men ogs\u00e5 hele n\u00e6rmilj\u00f8et. <\/p>\n<p class=\"_paragraph_o9xde_4 _paragraph_xtcu6_10 layout-component text-serif-m layout-normal text-serif-m layout-padded\">\u2013 Samtidig opplever vi at dette n\u00e6rmilj\u00f8et stiller opp og tar vare p\u00e5 ham. It takes a village to raise a child, sier Bridget. <\/p>\n<p class=\"_paragraph_o9xde_4 _paragraph_xtcu6_10 layout-component text-serif-m layout-normal text-serif-m layout-padded\">\u2013 Og det gjelder spesielt for Aksel.<\/p>\n<p><img alt=\"\" class=\"_image_qp4xg_65 layout-component layout-normal\" data-fullscreen- data-track-element-type=\"Article image fullscreen\" data-track-name=\"ImageFullscreen\" decoding=\"async\" loading=\"lazy\" height=\"5051\" itemprop=\"image\"  src=\"https:\/\/www.europesays.com\/no\/wp-content\/uploads\/2025\/12\/02b52cb9-4516-46e6-bf4d-322ab71a288c\"  style=\"object-position:0% 0%\" width=\"6735\"\/><\/p>\n<p class=\"_paragraph_o9xde_4 _paragraph_xtcu6_10 layout-component text-serif-m layout-normal text-serif-m layout-padded\">\u2013 Men hvordan tror dere det blir n\u00e5r han blir voksen?<\/p>\n<p class=\"_paragraph_o9xde_4 _paragraph_xtcu6_10 layout-component text-serif-m layout-normal text-serif-m layout-padded\">\u2013 Aksel vil alltid trenge hjelp til \u00e5 takle hverdagen. Derfor er vi heldige som bor i Norge. <\/p>\n<p class=\"_paragraph_o9xde_4 _paragraph_xtcu6_10 layout-component text-serif-m layout-normal text-serif-m layout-padded\">\u2013 Har dere noen r\u00e5d til andre foreldre med barn som har spesielle utfordringer i livet? <\/p>\n<p class=\"_paragraph_o9xde_4 _paragraph_xtcu6_10 layout-component text-serif-m layout-normal text-serif-m layout-padded\">\u2013 V\u00e5r erfaring er at alt er blitt veldig mye bedre enn vi fryktet, svarer Bridget.<\/p>\n<p class=\"_paragraph_o9xde_4 _paragraph_xtcu6_10 layout-component text-serif-m layout-normal text-serif-m layout-padded\"><strong class=\"_strong_o9xde_25\">\u2013 Derfor har vi l\u00e6rt at bekymringer er bortkastet energi. <\/strong><\/p>\n<p> <img decoding=\"async\" alt=\"Mona Langset\" class=\"_image_uv074_179\" src=\"https:\/\/www.europesays.com\/no\/wp-content\/uploads\/2025\/12\/1766683238_15_a592f7b8-d654-4432-9d92-e2e2e0017167\" width=\"480\"\/>Naina Hel\u00e9n J\u00e5ma<\/p>\n<p class=\"text-sans-s\">Fotojournalist<\/p>\n<p><img decoding=\"async\" alt=\"Naina Hel\u00e9n J\u00e5ma\" class=\"_image_uv074_179\" src=\"https:\/\/www.europesays.com\/no\/wp-content\/uploads\/2025\/12\/1766683239_181_6bee14a2-5091-46d9-8c58-1a355fc3e8bc\" width=\"480\"\/>Kontakt Naina Hel\u00e9n J\u00e5ma     <\/p>\n","protected":false},"excerpt":{"rendered":"Aksel veide bare 500 gram da han ble f\u00f8dt i uke 23. Legene ga d\u00e5rlige prognoser, men i&hellip;\n","protected":false},"author":2,"featured_media":121711,"comment_status":"","ping_status":"","sticky":false,"template":"","format":"standard","meta":{"footnotes":""},"categories":[10],"tags":[2762,20,21,525,24,25,15,22,23,13,30,28,29,14,16,3069,26,27,785],"class_list":{"0":"post-121710","1":"post","2":"type-post","3":"status-publish","4":"format-standard","5":"has-post-thumbnail","7":"category-norge","8":"tag-autisme","9":"tag-breaking-news","10":"tag-breakingnews","11":"tag-familie","12":"tag-featured-news","13":"tag-featurednews","14":"tag-headlines","15":"tag-latest-news","16":"tag-latestnews","17":"tag-news","18":"tag-no","19":"tag-norge","20":"tag-norway","21":"tag-nyheter","22":"tag-overskrifter","23":"tag-prematur","24":"tag-top-stories","25":"tag-topstories","26":"tag-vghubben"},"share_on_mastodon":{"url":"https:\/\/pubeurope.com\/@no\/115781358768606511","error":""},"_links":{"self":[{"href":"https:\/\/www.europesays.com\/no\/wp-json\/wp\/v2\/posts\/121710","targetHints":{"allow":["GET"]}}],"collection":[{"href":"https:\/\/www.europesays.com\/no\/wp-json\/wp\/v2\/posts"}],"about":[{"href":"https:\/\/www.europesays.com\/no\/wp-json\/wp\/v2\/types\/post"}],"author":[{"embeddable":true,"href":"https:\/\/www.europesays.com\/no\/wp-json\/wp\/v2\/users\/2"}],"replies":[{"embeddable":true,"href":"https:\/\/www.europesays.com\/no\/wp-json\/wp\/v2\/comments?post=121710"}],"version-history":[{"count":0,"href":"https:\/\/www.europesays.com\/no\/wp-json\/wp\/v2\/posts\/121710\/revisions"}],"wp:featuredmedia":[{"embeddable":true,"href":"https:\/\/www.europesays.com\/no\/wp-json\/wp\/v2\/media\/121711"}],"wp:attachment":[{"href":"https:\/\/www.europesays.com\/no\/wp-json\/wp\/v2\/media?parent=121710"}],"wp:term":[{"taxonomy":"category","embeddable":true,"href":"https:\/\/www.europesays.com\/no\/wp-json\/wp\/v2\/categories?post=121710"},{"taxonomy":"post_tag","embeddable":true,"href":"https:\/\/www.europesays.com\/no\/wp-json\/wp\/v2\/tags?post=121710"}],"curies":[{"name":"wp","href":"https:\/\/api.w.org\/{rel}","templated":true}]}}