{"id":121712,"date":"2025-12-25T17:21:08","date_gmt":"2025-12-25T17:21:08","guid":{"rendered":"https:\/\/www.europesays.com\/no\/121712\/"},"modified":"2025-12-25T17:21:08","modified_gmt":"2025-12-25T17:21:08","slug":"brann-hendelse-rykket-ut-etter-melding-om-husbrann","status":"publish","type":"post","link":"https:\/\/www.europesays.com\/no\/121712\/","title":{"rendered":"Brann, Hendelse | Rykket ut etter melding om husbrann"},"content":{"rendered":"\n<p>Politiet meldte klokken 16.32 at n\u00f8detatene rykket ut til Bj\u00f8rkenga i Ringerike etter melding om husbrann.<\/p>\n<p>\u2013 Det er r\u00f8yk i andre etasje. R\u00f8ykdykkere g\u00e5r inn i huset, meldte politiet klokken 16.42.<\/p>\n<p>Vaktleder ved 110-sentralen, Jan Rundtom, fortalte Ringerikes Blad at pipebrann s\u00e5 ut til \u00e5 v\u00e6re \u00e5rsaken til r\u00f8yken i bygget.<\/p>\n<p><b>Politiet melder klokken 16.47 at brannvesenet ikke har funnet brann noe annet sted enn i pipa.<\/b><\/p>\n<p>\u2013 Det er r\u00f8yk, men ikke synlige flammer, sa Rundtom til Ringerikes Blad.<\/p>\n<p>Brannvesenet gj\u00f8r unders\u00f8kelser p\u00e5 huset.<\/p>\n","protected":false},"excerpt":{"rendered":"Politiet meldte klokken 16.32 at n\u00f8detatene rykket ut til Bj\u00f8rkenga i Ringerike etter melding om husbrann. \u2013 Det&hellip;\n","protected":false},"author":2,"featured_media":121713,"comment_status":"","ping_status":"","sticky":false,"template":"","format":"standard","meta":{"footnotes":""},"categories":[5],"tags":[36,367,20,21,24,25,15,1576,19,22,23,17,18,13,30,28,29,14,16,2032,1510,26,27],"class_list":{"0":"post-121712","1":"post","2":"type-post","3":"status-publish","4":"format-standard","5":"has-post-thumbnail","7":"category-overskrifter","8":"tag-art","9":"tag-brann","10":"tag-breaking-news","11":"tag-breakingnews","12":"tag-featured-news","13":"tag-featurednews","14":"tag-headlines","15":"tag-hendelse","16":"tag-hovedoppslag","17":"tag-latest-news","18":"tag-latestnews","19":"tag-main-news","20":"tag-mainnews","21":"tag-news","22":"tag-no","23":"tag-norge","24":"tag-norway","25":"tag-nyheter","26":"tag-overskrifter","27":"tag-ringerike","28":"tag-story","29":"tag-top-stories","30":"tag-topstories"},"share_on_mastodon":{"url":"https:\/\/pubeurope.com\/@no\/115781362140898814","error":""},"_links":{"self":[{"href":"https:\/\/www.europesays.com\/no\/wp-json\/wp\/v2\/posts\/121712","targetHints":{"allow":["GET"]}}],"collection":[{"href":"https:\/\/www.europesays.com\/no\/wp-json\/wp\/v2\/posts"}],"about":[{"href":"https:\/\/www.europesays.com\/no\/wp-json\/wp\/v2\/types\/post"}],"author":[{"embeddable":true,"href":"https:\/\/www.europesays.com\/no\/wp-json\/wp\/v2\/users\/2"}],"replies":[{"embeddable":true,"href":"https:\/\/www.europesays.com\/no\/wp-json\/wp\/v2\/comments?post=121712"}],"version-history":[{"count":0,"href":"https:\/\/www.europesays.com\/no\/wp-json\/wp\/v2\/posts\/121712\/revisions"}],"wp:featuredmedia":[{"embeddable":true,"href":"https:\/\/www.europesays.com\/no\/wp-json\/wp\/v2\/media\/121713"}],"wp:attachment":[{"href":"https:\/\/www.europesays.com\/no\/wp-json\/wp\/v2\/media?parent=121712"}],"wp:term":[{"taxonomy":"category","embeddable":true,"href":"https:\/\/www.europesays.com\/no\/wp-json\/wp\/v2\/categories?post=121712"},{"taxonomy":"post_tag","embeddable":true,"href":"https:\/\/www.europesays.com\/no\/wp-json\/wp\/v2\/tags?post=121712"}],"curies":[{"name":"wp","href":"https:\/\/api.w.org\/{rel}","templated":true}]}}